{"id":244592,"date":"2025-11-19T13:24:10","date_gmt":"2025-11-19T13:24:10","guid":{"rendered":"https:\/\/www.europesays.com\/es\/244592\/"},"modified":"2025-11-19T13:24:10","modified_gmt":"2025-11-19T13:24:10","slug":"apelan-a-no-ignorar-sintomas-de-epoc-como-tos-persistente-y-buscar-diagnostico-temprano","status":"publish","type":"post","link":"https:\/\/www.europesays.com\/es\/244592\/","title":{"rendered":"Apelan a no ignorar s\u00edntomas de EPOC como tos persistente y buscar diagn\u00f3stico temprano"},"content":{"rendered":"<p>Profesionales de la salud y colectivos de pacientes afectados por la enfermedad pulmonar obstructiva cr\u00f3nica (EPOC) han hecho un llamamiento urgente para que los individuos con signos como tos persistente, expectoraci\u00f3n y dificultad respiratoria \u2018no los normalicen\u2019 y soliciten atenci\u00f3n m\u00e9dica para un diagn\u00f3stico temprano. Simult\u00e1neamente, han exhortado a los m\u00e9dicos a \u2018sospechar\u2019 ante la presencia de estas manifestaciones.<\/p>\n<p>\u2018Es muy desconocida por la poblaci\u00f3n general, a pesar de que es una enfermedad que tiene una prevalencia alt\u00edsima y una carga social y econ\u00f3mica muy importante\u2019, declar\u00f3 Juan Carlos L\u00f3pez Caro, presidente del Grupo de Respiratorio de Atenci\u00f3n Primaria (GRAP), durante una conferencia de prensa organizada por GSK en el marco del D\u00eda Mundial de la EPOC.<\/p>\n<p>L\u00f3pez Caro detall\u00f3 que la EPOC se manifiesta por una obstrucci\u00f3n de las v\u00edas respiratorias provocada por inflamaci\u00f3n, principalmente debido al consumo de tabaco, tanto convencional como electr\u00f3nico, adem\u00e1s de factores ambientales y gen\u00e9ticos. Tambi\u00e9n mencion\u00f3 que afecta significativamente el d\u00eda a d\u00eda de quienes la padecen debido a su car\u00e1cter cr\u00f3nico y progresivo.<\/p>\n<p>Mar\u00eda Sanz Almaz\u00e1n, portavoz de la Sociedad Espa\u00f1ola de M\u00e9dicos Generales y de Familia (SEMG), resalt\u00f3 que uno de cada diez individuos globalmente sufre de EPOC, lo que la convierte en la cuarta causa de muerte. Adem\u00e1s, alert\u00f3 sobre el alto nivel de infradiagn\u00f3stico, especialmente en mujeres, y enfatiz\u00f3 la importancia de centrar la atenci\u00f3n en este grupo.<\/p>\n<p>PAPEL CLAVE DE LA ATENCI\u00d3N PRIMARIA<\/p>\n<p>Los expertos subrayaron la importancia de un diagn\u00f3stico precoz para mitigar el impacto de la enfermedad y han defendido el papel esencial de la Atenci\u00f3n Primaria. Milagros Gonz\u00e1lez B\u00e9jar, de la Sociedad Espa\u00f1ola de M\u00e9dicos de Atenci\u00f3n Primaria (SEMERGEN), indic\u00f3 que se debe realizar una espirometr\u00eda a personas mayores de 40 a\u00f1os con s\u00edntomas respiratorios, y enfocarse tambi\u00e9n en los fumadores pasivos y j\u00f3venes.<\/p>\n<p>Gonz\u00e1lez B\u00e9jar tambi\u00e9n destac\u00f3 que la Atenci\u00f3n Primaria no solo diagnostica, sino que implementa medidas educativas en alimentaci\u00f3n, actividad f\u00edsica y cesaci\u00f3n tab\u00e1quica esenciales para controlar la EPOC.<\/p>\n<p>SENSIBILIZAR Y CONCIENCIAR<\/p>\n<p>I\u00f1aki Mor\u00e1n, vicepresidente de la Federaci\u00f3n Espa\u00f1ola de Asociaciones de Pacientes Al\u00e9rgicos y con Enfermedades Respiratorias (FENAER), comparti\u00f3 su experiencia como paciente de EPOC y la necesidad de aumentar la conciencia p\u00fablica sobre la enfermedad. \u2018No poder respirar nos frustra cientos de veces al d\u00eda y eso influye en nuestras relaciones\u2019, lament\u00f3, subrayando que el retraso en el diagn\u00f3stico \u2018es una losa\u2019.<\/p>\n<p>Adem\u00e1s, Nicole Hass, de la Asociaci\u00f3n de Pacientes con EPOC (APEPOC), resalt\u00f3 el rol transformador de las asociaciones de pacientes, que no solo informan a los afectados y sus familias, sino que tambi\u00e9n promueven la participaci\u00f3n en la pol\u00edtica sanitaria.<\/p>\n<p>Finalmente, para aumentar la visibilidad de la EPOC, GSK ha lanzado la iniciativa \u2018AireQueImpulsa\u2019, una furgoneta que recorre Espa\u00f1a ofreciendo pruebas y divulgaci\u00f3n sobre salud respiratoria, habiendo alcanzado a m\u00e1s de 124.000 personas.<\/p>\n","protected":false},"excerpt":{"rendered":"Profesionales de la salud y colectivos de pacientes afectados por la enfermedad pulmonar obstructiva cr\u00f3nica (EPOC) han hecho&hellip;\n","protected":false},"author":2,"featured_media":244593,"comment_status":"","ping_status":"","sticky":false,"template":"","format":"standard","meta":{"footnotes":""},"categories":[92],"tags":[25,24,165,166,23],"class_list":{"0":"post-244592","1":"post","2":"type-post","3":"status-publish","4":"format-standard","5":"has-post-thumbnail","7":"category-salud","8":"tag-es","9":"tag-espana","10":"tag-health","11":"tag-salud","12":"tag-spain"},"share_on_mastodon":{"url":"https:\/\/pubeurope.com\/@es\/115576587388263540","error":""},"_links":{"self":[{"href":"https:\/\/www.europesays.com\/es\/wp-json\/wp\/v2\/posts\/244592","targetHints":{"allow":["GET"]}}],"collection":[{"href":"https:\/\/www.europesays.com\/es\/wp-json\/wp\/v2\/posts"}],"about":[{"href":"https:\/\/www.europesays.com\/es\/wp-json\/wp\/v2\/types\/post"}],"author":[{"embeddable":true,"href":"https:\/\/www.europesays.com\/es\/wp-json\/wp\/v2\/users\/2"}],"replies":[{"embeddable":true,"href":"https:\/\/www.europesays.com\/es\/wp-json\/wp\/v2\/comments?post=244592"}],"version-history":[{"count":0,"href":"https:\/\/www.europesays.com\/es\/wp-json\/wp\/v2\/posts\/244592\/revisions"}],"wp:featuredmedia":[{"embeddable":true,"href":"https:\/\/www.europesays.com\/es\/wp-json\/wp\/v2\/media\/244593"}],"wp:attachment":[{"href":"https:\/\/www.europesays.com\/es\/wp-json\/wp\/v2\/media?parent=244592"}],"wp:term":[{"taxonomy":"category","embeddable":true,"href":"https:\/\/www.europesays.com\/es\/wp-json\/wp\/v2\/categories?post=244592"},{"taxonomy":"post_tag","embeddable":true,"href":"https:\/\/www.europesays.com\/es\/wp-json\/wp\/v2\/tags?post=244592"}],"curies":[{"name":"wp","href":"https:\/\/api.w.org\/{rel}","templated":true}]}}