{"id":244598,"date":"2025-11-19T13:27:08","date_gmt":"2025-11-19T13:27:08","guid":{"rendered":"https:\/\/www.europesays.com\/es\/244598\/"},"modified":"2025-11-19T13:27:08","modified_gmt":"2025-11-19T13:27:08","slug":"la-arriesgada-apuesta-de-edreams-por-su-modelo-prime-le-cuesta-el-mayor-desplome-en-once-anos-al-caer-un-32-en-bolsa","status":"publish","type":"post","link":"https:\/\/www.europesays.com\/es\/244598\/","title":{"rendered":"La arriesgada apuesta de eDreams por su modelo Prime le cuesta el mayor desplome en once a\u00f1os al caer un 32% en bolsa"},"content":{"rendered":"<p>eDreams amanece este mi\u00e9rcoles con una <b>ca\u00edda del 32%<\/b> en bolsa. En la primera sesi\u00f3n tras presentar sus resultados trimestrales la compa\u00f1\u00eda ligada al sector tur\u00edstico anota su <b>mayor desplome desde 2014<\/b>. Las cifras de ingresos y beneficios estuvieron en l\u00ednea con lo previsto por el consenso del mercado. Sin embargo, el <b>recorte de gu\u00edas<\/b> era algo con lo que no contaban los inversores y eso est\u00e1 provocando el recorte del valor de mercado de eDreams Odigeo.<\/p>\n<p>eDreams, centrada en a reserva de viajes online, <b>recort\u00f3 su previsi\u00f3n de beneficios<\/b> por el coste de las inversiones previstas para implementar <a href=\"https:\/\/www.eleconomista.es\/transportes-turismo\/noticias\/13650634\/11\/25\/edreams-revoluciona-prime-pagos-mensuales-nuevos-mercados-y-billetes-de-tren.html\" title=\"eDreams revoluciona &#039;Prime&#039;: pagos mensuales, nuevos mercados y billetes de tren\" rel=\"nofollow noopener\" target=\"_blank\">su <b>negocio de suscripciones Prime<\/b><\/a>. En concreto, prev\u00e9n un <b>recorte del beneficio bruto de 155 millones<\/b> de euros para el ejercicio del 2026 cuando, inicialmente, se esperaban al menos 215 millones. Es decir, el ebitda de la compa\u00f1\u00eda sufrir\u00eda un <b>recorte del 38%<\/b> en caso de cumplirse. Seg\u00fan la compa\u00f1\u00eda, el deterioro de m\u00e1s de 50 millones de euros vendr\u00eda dado porque los ingresos en diferido de Prime soportar\u00edan una reducci\u00f3n tras la introducci\u00f3n del nuevo modelo de pago por suscripci\u00f3n (mensual o trimestral). De cara al a\u00f1o siguiente se establece una gu\u00eda de 115 millones de euros.<\/p>\n<p>Los expertos empiezan a ver tambi\u00e9n un <b>recorte de los m\u00e1rgenes<\/b> en los pr\u00f3ximos a\u00f1os. En el ejercicio fiscal del 2027 (eDreams cierra en septiembre de este a\u00f1o el primer semestre fiscal del 2026) se prev\u00e9 un <b>margen del 15%<\/b>. Y esta cifra ir\u00eda en aumento paulatinamente hasta <b>superar el 20%<\/b> de cara al 2030.<\/p>\n<p>La reacci\u00f3n del mercado ha llevado la <b>capitalizaci\u00f3n por debajo de los 560 millones<\/b> de euros. As\u00ed, la empresa cotiza en m\u00ednimos no vistos desde enero de 2023. En paralelo, han llegado los primeros ajustes de valoraci\u00f3n por parte de los expertos. Esto ajust\u00f3 el <b>precio objetivo a la baja<\/b> hasta los 10,6 euros por acci\u00f3n actuales.<\/p>\n<p>\u00abLa <b>revisi\u00f3n a la baja una decepci\u00f3n<\/b> dado que los objetivos estrat\u00e9gicos se anunciaron a finales de enero. Consideramos que hay potencial de crecimiento a partir del 2028 pero, mientras tanto, el <b>rendimiento operativo se habr\u00e1 deteriorado<\/b> y dar\u00e1 la impresi\u00f3n de que ha echado por tierra todos los esfuerzos realizados en los \u00faltimos a\u00f1os\u00bb, comentaron desde la firma de inversi\u00f3n Oddo BHF. Por su parte, el analista del <b>Banco Santander recort\u00f3 su consejo a mantener<\/b> (neutral) <a href=\"https:\/\/www.eleconomista.es\/transportes-turismo\/noticias\/13526521\/09\/25\/edreams-dispara-sus-beneficios-hasta-los-236-millones-en-su-primer-trimestre-fiscal.html\" title=\"eDreams dispara sus beneficios hasta los 23,6 millones en su primer trimestre fiscal\" rel=\"nofollow noopener\" target=\"_blank\">tras conocer los resultados<\/a> y la rebaja de gu\u00edas. As\u00ed, a precios actuales y mientras no haya m\u00e1s analistas que rebajen sus precios objetivos, la compa\u00f1\u00eda ofrece un potencial superior al 100%.<\/p>\n<p>La promesa de crecer un 33%<\/p>\n<p>De la mano del <b>recorte del ebitda<\/b> en efectivo, la compa\u00f1\u00eda present\u00f3 su <b>nueva hoja de ruta estrat\u00e9gica<\/b> con inversiones con las que acelerar ese crecimiento de Prime. El fin \u00faltimo de este plan es el de <b>superar los 13 millones de miembros para el 2030<\/b>. Este objetivo es un 40% m\u00e1s ambicioso de lo que proyectaba el consenso de mercado que recoge Bloomberg antes de conocerse esa rebaja hasta los 155 millones de euros de beneficio operativo (ebitda cash, seg\u00fan la contabilidad de la empresa) y supondr\u00eda una tasa de crecimiento anual compuesto de entre el 15% y el 20% de aqu\u00ed al ejercicio del 2030.<\/p>\n<p>Para conseguir este crecimiento, desde la compa\u00f1\u00eda se apoyar\u00e1n en la <b>diversificaci\u00f3n<\/b> de productos hacia los trenes, la <b>expansi\u00f3n internacional<\/b> y la inversi\u00f3n en <b>inteligencia artificial<\/b> ag\u00e9ntica. Con todo, no se dejar\u00e1 de remunerar al accionista. eDreams promete invertir <b>100 millones<\/b> de euros en la <b>recompra de acciones<\/b> durante los pr\u00f3ximos dos a\u00f1os.<\/p>\n<p>WhatsApp<a href=\"https:\/\/api.whatsapp.com\/send?text=https:\/\/www.eleconomista.es\/mercados-cotizaciones\/noticias\/13651466\/11\/25\/la-arriesgada-apuesta-de-edreams-por-su-modelo-prime-le-cuesta-el-mayor-desplome-en-diez-anos-al-caer-un-32-en-bolsa.html?utm_source%3Dwhatsapp%26utm_medium%3Dshare_button&amp;id=1648118629957_whatsapp\" target=\"_blank\" data-action=\"share\/whatsapp\/share\" aria-label=\"Compartir en Whatsapp\" rel=\"nofollow noopener\"><\/a>Facebook<a id=\"fb-share\" href=\"#\" target=\"_blank\" rel=\"noopener noreferrer\" aria-label=\"Compartir en Facebook\"><\/a>Twitter<a href=\"https:\/\/twitter.com\/share?text=La+arriesgada+apuesta+de+eDreams+por+su+modelo+Prime+le+cuesta+el+mayor+desplome+en+once+a%C3%B1os+al+caer+un+32%25+en+bolsa&amp;url=https:\/\/www.eleconomista.es\/mercados-cotizaciones\/noticias\/13651466\/11\/25\/la-arriesgada-apuesta-de-edreams-por-su-modelo-prime-le-cuesta-el-mayor-desplome-en-diez-anos-al-caer-un-32-en-bolsa.html&amp;via=elEconomistaes&amp;id=1648118839245_twitter\" target=\"_blank\" aria-label=\"Compartir en Twitter\" rel=\"nofollow noopener\"><\/a>Linkedin<a href=\"https:\/\/linkedin.com\/share?text=https:\/\/www.eleconomista.es\/mercados-cotizaciones\/noticias\/13651466\/11\/25\/la-arriesgada-apuesta-de-edreams-por-su-modelo-prime-le-cuesta-el-mayor-desplome-en-diez-anos-al-caer-un-32-en-bolsa.html&amp;via=elEconomistaes\" target=\"_blank\" aria-label=\"Compartir en linkedin\" rel=\"nofollow noopener\"><\/a>Beloud<a href=\"https:\/\/beloud.com\/share?text=La+arriesgada+apuesta+de+eDreams+por+su+modelo+Prime+le+cuesta+el+mayor+desplome+en+once+a%C3%B1os+al+caer+un+32%25+en+bolsa&amp;url=https:\/\/www.eleconomista.es\/mercados-cotizaciones\/noticias\/13651466\/11\/25\/la-arriesgada-apuesta-de-edreams-por-su-modelo-prime-le-cuesta-el-mayor-desplome-en-diez-anos-al-caer-un-32-en-bolsa.html&amp;via=elEconomistaes&amp;id=1648118839245_beloud\" target=\"_blank\" aria-label=\"Compartir en beloud\" rel=\"nofollow noopener\"><\/a>Bluesky<a href=\"https:\/\/bsky.app\/intent\/compose?text=https:\/\/bsky.app\/intent\/compose?text=https:\/\/www.eleconomista.es\/mercados-cotizaciones\/noticias\/13651466\/11\/25\/la-arriesgada-apuesta-de-edreams-por-su-modelo-prime-le-cuesta-el-mayor-desplome-en-diez-anos-al-caer-un-32-en-bolsa.html&amp;url=https:\/\/www.eleconomista.es\/mercados-cotizaciones\/noticias\/13651466\/11\/25\/la-arriesgada-apuesta-de-edreams-por-su-modelo-prime-le-cuesta-el-mayor-desplome-en-diez-anos-al-caer-un-32-en-bolsa.html&amp;via=elEconomistaes&amp;id=1648118839245_bluesky\" target=\"_blank\" aria-label=\"Compartir en bluesky\" rel=\"nofollow noopener\"><\/a><\/p>\n<p><script async src=\"https:\/\/platform.twitter.com\/widgets.js\" charset=\"utf-8\"><\/script><\/p>\n","protected":false},"excerpt":{"rendered":"eDreams amanece este mi\u00e9rcoles con una ca\u00edda del 32% en bolsa. En la primera sesi\u00f3n tras presentar sus&hellip;\n","protected":false},"author":2,"featured_media":244599,"comment_status":"","ping_status":"","sticky":false,"template":"","format":"standard","meta":{"footnotes":""},"categories":[80],"tags":[2300,82,95,94,25,24,2301,23],"class_list":{"0":"post-244598","1":"post","2":"type-post","3":"status-publish","4":"format-standard","5":"has-post-thumbnail","7":"category-economia","8":"tag-bolsa","9":"tag-business","10":"tag-economia","11":"tag-economy","12":"tag-es","13":"tag-espana","14":"tag-mercados-y-cotizaciones","15":"tag-spain"},"share_on_mastodon":{"url":"https:\/\/pubeurope.com\/@es\/115576599008936900","error":""},"_links":{"self":[{"href":"https:\/\/www.europesays.com\/es\/wp-json\/wp\/v2\/posts\/244598","targetHints":{"allow":["GET"]}}],"collection":[{"href":"https:\/\/www.europesays.com\/es\/wp-json\/wp\/v2\/posts"}],"about":[{"href":"https:\/\/www.europesays.com\/es\/wp-json\/wp\/v2\/types\/post"}],"author":[{"embeddable":true,"href":"https:\/\/www.europesays.com\/es\/wp-json\/wp\/v2\/users\/2"}],"replies":[{"embeddable":true,"href":"https:\/\/www.europesays.com\/es\/wp-json\/wp\/v2\/comments?post=244598"}],"version-history":[{"count":0,"href":"https:\/\/www.europesays.com\/es\/wp-json\/wp\/v2\/posts\/244598\/revisions"}],"wp:featuredmedia":[{"embeddable":true,"href":"https:\/\/www.europesays.com\/es\/wp-json\/wp\/v2\/media\/244599"}],"wp:attachment":[{"href":"https:\/\/www.europesays.com\/es\/wp-json\/wp\/v2\/media?parent=244598"}],"wp:term":[{"taxonomy":"category","embeddable":true,"href":"https:\/\/www.europesays.com\/es\/wp-json\/wp\/v2\/categories?post=244598"},{"taxonomy":"post_tag","embeddable":true,"href":"https:\/\/www.europesays.com\/es\/wp-json\/wp\/v2\/tags?post=244598"}],"curies":[{"name":"wp","href":"https:\/\/api.w.org\/{rel}","templated":true}]}}