{"id":244605,"date":"2025-11-19T13:35:13","date_gmt":"2025-11-19T13:35:13","guid":{"rendered":"https:\/\/www.europesays.com\/es\/244605\/"},"modified":"2025-11-19T13:35:13","modified_gmt":"2025-11-19T13:35:13","slug":"hewitt-regresa-al-tenis-profesional-con-victoria-contundente-junto-a-su-hijo-cruz-punto-de-break","status":"publish","type":"post","link":"https:\/\/www.europesays.com\/es\/244605\/","title":{"rendered":"Hewitt regresa al tenis profesional con victoria contundente junto a su hijo Cruz &#8211; Punto de Break"},"content":{"rendered":"<ol>\n<li><a href=\"https:\/\/news.google.com\/rss\/articles\/CBMirgFBVV95cUxQRTEzeUFrRE15M25LX09kT3VkRTRJZUJWSnpKbFY1eUpydHBYYTNRYURkYmk0eTZUNHE0SXZ0SEVxeWgwT1FNSTFfa1lmZ3RHaTcwbkhiX1RnblFnQUtTV1B4MFJTcmFBUXBXdEVJR2xzcTBTR0cxc3drZW5aTHVZUTRxMHdxbzhlRjlLX1QxZlZPRllVU3FSaFNlT3V4bFc1WWEtUUFPanQyM1JSOHc?oc=5\" target=\"_blank\" rel=\"nofollow noopener\">Hewitt regresa al tenis profesional con victoria contundente junto a su hijo Cruz<\/a>&nbsp;&nbsp;Punto de Break<\/li>\n<li><a href=\"https:\/\/news.google.com\/rss\/articles\/CBMieEFVX3lxTFB5V3RaejNwanZ3TVdnWlpNY2lGWUNoMVJNU2FURzlta25CM0ZvM3RQa0huaVpfaXRXN1E2eVZPdFdwY19oNmVMQXNjYm91ck14T0d0azMxN3VBRHQyY0NhMjV4WmNocWhBYWowZFEwWURHSXc3bVVUTg?oc=5\" target=\"_blank\" rel=\"nofollow noopener\">Hewitt se prepara para un dobles padre-hijo en el Challenger de S\u00eddney<\/a>&nbsp;&nbsp;ATP Tour<\/li>\n<li><a href=\"https:\/\/news.google.com\/rss\/articles\/CBMiowFBVV95cUxNVFZJRWt5UnFNc2dKMDh4R0NzSE5rdHVIZjg2c25nMjhTSGRZbno1TTRjTGJsREF0NlFKZmd2c1lpVlM0U2RsdU56VFBKMHRjMENuYjlBa1QzUFhhd0lKRmtMRjc3ODZydXFXMlJGTTBraHc5Yzd4NVJwVG1fbXBxbGxmbkR2LUlRMFlvRnJMRm0wbjRacWZqTGRfYm9JcGVLNE9j0gG3AUFVX3lxTFBWOTdUcUZkU2l5WEM5U1ZCbG5wNzlYM3RXc0J3WmRST0x5ZERORWdIQzM4VW5HS3E3TmlFYmEza3d1RlhUV3FMSExNSnZRWk44Ukc3MEpLaFlSVUJqVmR3eWUwa2s0SS1NX3lhZ1FIOE9WR0c1N3BtS2tRd05pYVhIYllrSXNYU3Yyc29BU2VBb3AwZDBqdjZEQmFoTU53LTVHdXlKVEJ2dHdQSGEtUjZ6NU1od0dXQQ?oc=5\" target=\"_blank\" rel=\"nofollow noopener\">Hewitt regresa a las pistas de tenis y arrasa en compa\u00f1\u00eda de su hijo<\/a>&nbsp;&nbsp;Diario AS<\/li>\n<li><a href=\"https:\/\/news.google.com\/rss\/articles\/CBMi9gFBVV95cUxNLThBSzJMOE53SlJwUGtjTWlwalU1eEFXNkJaTXdlU2FpcjYtSlJwMUs4UG1URWRNNjVCVlc0UkZlTnFBbmZ5WEpBMUlrWmdVd3lvOTVkc1NnTUg0ZjVNSmJxS3RyX0NEWVdsMlhaMzhUR01udVRSbUNjVnVNc3ZkWUd6NEU4ZjZrUVBLLXFGV3oyb3Y4Nm1YU09fa2lhYm5Zb200QXhObWVXWVBibG1zV3ZlZmR2UzQ5VGZicE9mcFBFXzIxNVcwOHZvc0VOUjJhcTExTm5nclN0U0JLSElraVh5S3NodWhJWFAyT09uZW1GRzBjUGfSAZACQVVfeXFMT0Jpc3NmUzg1dHZ0c1EyekdpY29DSmJYcUlLMmFmRldTdmw4VkNyazM2QnNiLVlZRWdjOFYwU3o5VElkOHo1RDhBdVk1cGZhZ0N1YmRucEl6WEdDSWdtMzlmWDM3aFVQY2RaTFM3RURCM3hXQlNaY1piM0lXTEdEWk12cTJyS21EdklfNTB2ODZvRng4VFpaX1NCVmFYa3FZZUowamJMWU04NVlwTVZKNnN1RFBLU2MwS05saGRWWUlUVkNKaG84SUpHdmo1d0ZTa1FvNU91NkxoWGRkYUdvamxHTXBEdGRkZUhXa01Ub0RzRTQyNzh6YjJhYXZyTlBPY1l5cTdaT0xhc2o5SFpXd2g?oc=5\" target=\"_blank\" rel=\"nofollow noopener\">Fue N\u00ba 1 del mundo, gan\u00f3 dos Grand Slams y a los 44 a\u00f1os volver\u00e1 a jugar al tenis profesional por un motivo muy especial<\/a>&nbsp;&nbsp;Infobae<\/li>\n<li><a href=\"https:\/\/news.google.com\/rss\/articles\/CBMizwFBVV95cUxNRk9sTFR6MmZUOU5CV3hiQWllejVFbnNLNzRoVUhuVHRGNVRHcHpmeVNsaXJkUk94dWFGSXpVX1E4QlA1UU1KNExpTEQ5cFZJVWp6TXpMb2xpOEY2NXJqakxLa3VGUnkzUkVIOEFVclhidXJOWGNNek9wODk5a3ExWWVJNExLTGNOQnRsYmsxazlxNi1lbDU3ZlBLdHhxYVFwWlJyWmJFaFNnVTBWRVpVa2syWmhpM1BSWElBRE5SZVh5aVo4MDQ4Z3BsYkx5ZW8?oc=5\" target=\"_blank\" rel=\"nofollow noopener\">Lleyton Hewitt vuelve a las pistas para jugar dobles en Sydney con su hijo Cruz<\/a>&nbsp;&nbsp;Europa Press<\/li>\n<\/ol>\n","protected":false},"excerpt":{"rendered":"Hewitt regresa al tenis profesional con victoria contundente junto a su hijo Cruz&nbsp;&nbsp;Punto de Break Hewitt se prepara&hellip;\n","protected":false},"author":2,"featured_media":244606,"comment_status":"","ping_status":"","sticky":false,"template":"","format":"standard","meta":{"footnotes":""},"categories":[274],"tags":[168,25,24,23,167,327,326],"class_list":{"0":"post-244605","1":"post","2":"type-post","3":"status-publish","4":"format-standard","5":"has-post-thumbnail","7":"category-tenis","8":"tag-deportes","9":"tag-es","10":"tag-espana","11":"tag-spain","12":"tag-sports","13":"tag-tenis","14":"tag-tennis"},"share_on_mastodon":{"url":"https:\/\/pubeurope.com\/@es\/115576630356493603","error":""},"_links":{"self":[{"href":"https:\/\/www.europesays.com\/es\/wp-json\/wp\/v2\/posts\/244605","targetHints":{"allow":["GET"]}}],"collection":[{"href":"https:\/\/www.europesays.com\/es\/wp-json\/wp\/v2\/posts"}],"about":[{"href":"https:\/\/www.europesays.com\/es\/wp-json\/wp\/v2\/types\/post"}],"author":[{"embeddable":true,"href":"https:\/\/www.europesays.com\/es\/wp-json\/wp\/v2\/users\/2"}],"replies":[{"embeddable":true,"href":"https:\/\/www.europesays.com\/es\/wp-json\/wp\/v2\/comments?post=244605"}],"version-history":[{"count":0,"href":"https:\/\/www.europesays.com\/es\/wp-json\/wp\/v2\/posts\/244605\/revisions"}],"wp:featuredmedia":[{"embeddable":true,"href":"https:\/\/www.europesays.com\/es\/wp-json\/wp\/v2\/media\/244606"}],"wp:attachment":[{"href":"https:\/\/www.europesays.com\/es\/wp-json\/wp\/v2\/media?parent=244605"}],"wp:term":[{"taxonomy":"category","embeddable":true,"href":"https:\/\/www.europesays.com\/es\/wp-json\/wp\/v2\/categories?post=244605"},{"taxonomy":"post_tag","embeddable":true,"href":"https:\/\/www.europesays.com\/es\/wp-json\/wp\/v2\/tags?post=244605"}],"curies":[{"name":"wp","href":"https:\/\/api.w.org\/{rel}","templated":true}]}}