{"id":244611,"date":"2025-11-19T13:40:09","date_gmt":"2025-11-19T13:40:09","guid":{"rendered":"https:\/\/www.europesays.com\/es\/244611\/"},"modified":"2025-11-19T13:40:09","modified_gmt":"2025-11-19T13:40:09","slug":"alta-costura-verde-esmeralda-y-diamantes","status":"publish","type":"post","link":"https:\/\/www.europesays.com\/es\/244611\/","title":{"rendered":"alta costura, verde esmeralda y diamantes"},"content":{"rendered":"\n<p>  19\/11\/2025 &#8211; 09:49  Actualizado: 19\/11\/2025 &#8211; 09:49   <\/p>\n<p> Noche de gala en la Casa Blanca. Con motivo del viaje de estado del pr\u00edncipe heredero de Arabia Saud\u00ed, <strong>Mohammed bin Salm\u00e1n, Donald Trump<\/strong> <a href=\"https:\/\/www.vanitatis.elconfidencial.com\/estilo\/moda\/2025-09-17\/melania-trump-kate-middleton-encuentro-estilo_4210775\/\" target=\"_self\" rel=\"nofollow noopener\">y su mujer, Melania Trump, <\/a>ofrecieron una cena en la residencia oficial y lugar de trabajo del presidente de los Estados Unidos. <\/p>\n<p> Entre los asistentes, llam\u00f3 la atenci\u00f3n de la presencia de <strong>Cristina Ronaldo.<\/strong> Tal y como apuntan algunos medios de comunicaci\u00f3n, <a href=\"https:\/\/www.vanitatis.elconfidencial.com\/famosos\/2023-02-28\/fotos-exclusivas-mansion-casa-cristiano-ronaldo-en-cascais-quinta-da-marinha_3583488\/\" target=\"_self\" rel=\"nofollow noopener\">el portugu\u00e9s <\/a>estuvo acompa\u00f1ado de su pareja, la modelo <strong>Georgina Rodr\u00edguez. <\/strong>La presencia de Ronaldo en esta cita estaba justificada: es jugador del Al-Nassr saud\u00ed. Sin poder descubrir el look que escogi\u00f3 la que ser\u00e1 mujer de Ronaldo, nos centramos en <strong>el outfit de gala que llev\u00f3 Melania Trump.<\/strong> <\/p>\n<p>                Cristiano Ronaldo en la cena de gala acontecida en la Casa Blanca. (EFE\/ ANNA ROSE LAYDEN)            <\/p>\n<p> Protagonista absoluta de estilo,<strong> la mujer de Donald Trump estren\u00f3 look.<\/strong> De alta costura, firma libanesa y color de alto impacto, Melania Trump deslumbr\u00f3 en esta cena de gala con este dise\u00f1o. <\/p>\n<p>                Donald Trump y Melania Trump. (EFE\/ ANNA ROSE LAYDEN)            <\/p>\n<p> Se trata de un vestido de <strong>Eliee Saab<\/strong>, el liban\u00e9s preferido de <a href=\"https:\/\/www.vanitatis.elconfidencial.com\/estilo\/moda\/2023-03-09\/vestidos-elie-saab-mejores-historia-premios-oscar_3588182\/\" target=\"_self\" rel=\"nofollow noopener\">las celebs y royals para las grandes ocasiones.<\/a> Rey de las alfombras rojas y las citas m\u00e1s esperadas, el dise\u00f1ador cautiva cada temporada con sus propuestas sobre las pasarelas. Adem\u00e1s de Melania Trump, entre sus clientas se encuentran <strong>Rania de Jordania, Angelina Jolie o Jane Fonda.<\/strong> <\/p>\n<p> El modelo que ha llevado la<strong> mujer de Donald Trump est\u00e1 valorado en 4.010 euros. <\/strong>Confeccionado en un tejido el\u00e1stico de color verde esmeralda, es un vestido de escote palabra de honor con detalle de fruncido central. Partiendo de un eje central, el drapeado se extiende por toda la pieza. El resto del traje es de l\u00ednea evas\u00e9 y cuerpo ce\u00f1ido.  <\/p>\n<p>                Donald Trump y Melania Trump. (REUTERS\/ Kevin Lamarque)            <\/p>\n<p> Con su caracter\u00edstica melena larga con ondas como peinado, <a href=\"https:\/\/www.vanitatis.elconfidencial.com\/estilo\/moda\/2025-09-28\/melania-trump-looks-color-camel-looks-moda_4215086\/\" target=\"_self\" rel=\"nofollow noopener\">Melania culmin\u00f3 el look<\/a> con unos zapatos de sal\u00f3n en el mismo tono que el vestido de <strong>Eliee Saab<\/strong> y atenci\u00f3n, <strong>unos pendientes de diamantes. <\/strong> <\/p>\n<p> De dise\u00f1o trepador y dej\u00e1ndose asomar debajo de su melena, la primera dama de <strong>Estados Unidos<\/strong> puso as\u00ed el toque brillante al outfit que luci\u00f3 en la \u00faltima cena de gala celebrada en uno de los salones de la Casa Blanca.  <\/p>\n<p> Noche de gala en la Casa Blanca. Con motivo del viaje de estado del pr\u00edncipe heredero de Arabia Saud\u00ed, <strong>Mohammed bin Salm\u00e1n, Donald Trump<\/strong> <a href=\"https:\/\/www.vanitatis.elconfidencial.com\/estilo\/moda\/2025-09-17\/melania-trump-kate-middleton-encuentro-estilo_4210775\/\" target=\"_self\" rel=\"nofollow noopener\">y su mujer, Melania Trump, <\/a>ofrecieron una cena en la residencia oficial y lugar de trabajo del presidente de los Estados Unidos. <\/p>\n","protected":false},"excerpt":{"rendered":"19\/11\/2025 &#8211; 09:49 Actualizado: 19\/11\/2025 &#8211; 09:49 Noche de gala en la Casa Blanca. Con motivo del viaje&hellip;\n","protected":false},"author":2,"featured_media":244612,"comment_status":"","ping_status":"","sticky":false,"template":"","format":"standard","meta":{"footnotes":""},"categories":[174],"tags":[255,146,147,25,24,256,23],"class_list":{"0":"post-244611","1":"post","2":"type-post","3":"status-publish","4":"format-standard","5":"has-post-thumbnail","7":"category-famosos","8":"tag-celebrities","9":"tag-entertainment","10":"tag-entretenimiento","11":"tag-es","12":"tag-espana","13":"tag-famosos","14":"tag-spain"},"share_on_mastodon":{"url":"https:\/\/pubeurope.com\/@es\/115576650304181925","error":""},"_links":{"self":[{"href":"https:\/\/www.europesays.com\/es\/wp-json\/wp\/v2\/posts\/244611","targetHints":{"allow":["GET"]}}],"collection":[{"href":"https:\/\/www.europesays.com\/es\/wp-json\/wp\/v2\/posts"}],"about":[{"href":"https:\/\/www.europesays.com\/es\/wp-json\/wp\/v2\/types\/post"}],"author":[{"embeddable":true,"href":"https:\/\/www.europesays.com\/es\/wp-json\/wp\/v2\/users\/2"}],"replies":[{"embeddable":true,"href":"https:\/\/www.europesays.com\/es\/wp-json\/wp\/v2\/comments?post=244611"}],"version-history":[{"count":0,"href":"https:\/\/www.europesays.com\/es\/wp-json\/wp\/v2\/posts\/244611\/revisions"}],"wp:featuredmedia":[{"embeddable":true,"href":"https:\/\/www.europesays.com\/es\/wp-json\/wp\/v2\/media\/244612"}],"wp:attachment":[{"href":"https:\/\/www.europesays.com\/es\/wp-json\/wp\/v2\/media?parent=244611"}],"wp:term":[{"taxonomy":"category","embeddable":true,"href":"https:\/\/www.europesays.com\/es\/wp-json\/wp\/v2\/categories?post=244611"},{"taxonomy":"post_tag","embeddable":true,"href":"https:\/\/www.europesays.com\/es\/wp-json\/wp\/v2\/tags?post=244611"}],"curies":[{"name":"wp","href":"https:\/\/api.w.org\/{rel}","templated":true}]}}