{"id":244617,"date":"2025-11-19T13:44:40","date_gmt":"2025-11-19T13:44:40","guid":{"rendered":"https:\/\/www.europesays.com\/es\/244617\/"},"modified":"2025-11-19T13:44:40","modified_gmt":"2025-11-19T13:44:40","slug":"el-conmovedor-discurso-de-bunbury-a-raphael-en-los-latin-grammy-sus-logros-parecen-imposibles","status":"publish","type":"post","link":"https:\/\/www.europesays.com\/es\/244617\/","title":{"rendered":"El conmovedor discurso de Bunbury a Raphael en los Latin Grammy: \u00abSus logros parecen imposibles\u00bb"},"content":{"rendered":"<p class=\"paragraph\">A sus 82 a\u00f1os, Raphael ha sido una de las grandes estrellas en los Latin Grammy de 2025 que se han celebrado en Las Vegas. La Academia Latina de la Grabaci\u00f3n, la entidad organizadora de los premios, ha querido <b>esmerarse en el reconocimiento<\/b> al cantante de Linares.<a href=\"https:\/\/www.heraldo.es\/noticias\/ocio-y-cultura\/2025\/11\/13\/bunbury-no-falla-amigo-raphael-gran-noche-grammy-latinos-vegas-1869963.html\" title=\"Bunbury no falla a su amigo Raphael en su gran noche en Las Vegas: &quot;Es \u00fanico&quot;\" rel=\"nofollow noopener\" target=\"_blank\"> Lo hizo el mi\u00e9rcoles con una gala dedicada enteramente a \u00e9l y repiti\u00f3 el jueves en la gran velada de los galardones.<\/a><\/p>\n<p class=\"paragraph\">Enrique Bunbury, gran admirador y amigo de Raphael, se ha volcado en estos d\u00edas para darle todo su apoyo.<b> Actu\u00f3 en su homenaje y le acompa\u00f1\u00f3 cuando recibi\u00f3 su distinci\u00f3n.<\/b> Adem\u00e1s, le llen\u00f3 de emoci\u00f3n al pronunciar un discurso escrito desde el coraz\u00f3n.\u00a0<\/p>\n<p class=\"paragraph\">As\u00ed comenz\u00f3 la intervenci\u00f3n del zaragozano en Las Vegas: \u00abQue Raphael merec\u00eda este homenaje de la Academia,<b> es un hecho que nadie pone en duda. <\/b>La cosa es que quiz\u00e1s podr\u00eda haber sido Person of the cualquier Year de una carrera que abarca ya seis d\u00e9cadas \u00bfo son ya siete?\u00bb.\u00a0<\/p>\n<p class=\"paragraph\">Y prosigui\u00f3: \u00abSus logros son incontables y algunos tan estratosf\u00e9ricos que nos parecen imposibles. Abri\u00f3 caminos para todos los que vinimos despu\u00e9s, uniendo Latinoam\u00e9rica, Estados Unidos, Espa\u00f1a, Europa y \u00a1hasta Rusia! Los m\u00faltiples discos de oro, platino y por qu\u00e9 no \u00a1de Uranio!&#8230; en el mundo de Raphael,<b> lo volc\u00e1nico no s\u00f3lo tiene cabida, sino que completa a la persona<\/b> y al personaje\u00bb.<\/p>\n<p class=\"paragraph\">Bunbury no escatim\u00f3 en elogios hacia Raphael: \u00abY digo personaje, porque su presencia esc\u00e9nica nos ense\u00f1a que un artista, interpreta las canciones, cada noche, como si le fuera la vida en ello, representando sus sue\u00f1os y re-imaginando el drama y la pasi\u00f3n. Raphael no es solo la gran voz de la m\u00fasica hispanoamericana, ha sabido hacerse con un repertorio, como trajes a medida, <b>de la mano de grandes maestros como Manuel Alejandro, Jos\u00e9 Luis Perales<\/b> y tantos otros. Cada una de las canciones que ha grabado, la ha hecho suya, incluso haciendo olvidar que otros int\u00e9rpretes lo hayan intentado, antes o despu\u00e9s\u00bb.<\/p>\n<p class=\"paragraph\">El aragon\u00e9s puso el foco en la prol\u00edfica carrera del andaluz: \u00abY no ha dejado nunca de grabar. <b>M\u00e1s de cincuenta \u00e1lbumes hasta el d\u00eda de hoy,<\/b> en espa\u00f1ol, italiano, ingl\u00e9s, franc\u00e9s, alem\u00e1n y hasta japon\u00e9s. Eso no lo he escuchado, pero tengo que encontrar ese disco, urgentemente.\u00a0Lo realmente incre\u00edble es su adaptaci\u00f3n a los tiempos, su radar para atender a las nuevas generaciones de autores e int\u00e9rpretes y su indudable capacidad para no dejar de ser relevante y actual, pasados los a\u00f1os y las d\u00e9cadas\u00bb.<\/p>\n<p class=\"paragraph\">El propio Bunbury ha colaborado en numerosas ocasiones con Raphael, un hecho que enfatiz\u00f3: \u00abTuve la fortuna de colaborar como autor con una decena de canciones repartidas en varios de sus discos de los dos miles. Que confiara en m\u00ed para aportar a su repertorio m\u00e1s reciente,<b> es algo que me llena de orgullo y agradecimiento\u00bb.<\/b><\/p>\n<p class=\"paragraph\">Finalmente, lanz\u00f3 una invitaci\u00f3n al p\u00fablico congregado: \u00abEs por eso un placer inmenso, <b>por el cari\u00f1o infinito que le tengo, <\/b>que les invito a todos a ponerse en pie y recibir y aplaudir como merece a la Persona del A\u00f1o de 2025, mi querid\u00edsimo\u2026 Raphael\u00bb.\u00a0<\/p>\n","protected":false},"excerpt":{"rendered":"A sus 82 a\u00f1os, Raphael ha sido una de las grandes estrellas en los Latin Grammy de 2025&hellip;\n","protected":false},"author":2,"featured_media":244618,"comment_status":"","ping_status":"","sticky":false,"template":"","format":"standard","meta":{"footnotes":""},"categories":[170],"tags":[17832,146,147,25,24,17870,184,185,24243,23],"class_list":{"0":"post-244617","1":"post","2":"type-post","3":"status-publish","4":"format-standard","5":"has-post-thumbnail","7":"category-musica","8":"tag-bunbury","9":"tag-entertainment","10":"tag-entretenimiento","11":"tag-es","12":"tag-espana","13":"tag-latin-grammy","14":"tag-music","15":"tag-musica","16":"tag-raphael","17":"tag-spain"},"share_on_mastodon":{"url":"https:\/\/pubeurope.com\/@es\/115576666034553811","error":""},"_links":{"self":[{"href":"https:\/\/www.europesays.com\/es\/wp-json\/wp\/v2\/posts\/244617","targetHints":{"allow":["GET"]}}],"collection":[{"href":"https:\/\/www.europesays.com\/es\/wp-json\/wp\/v2\/posts"}],"about":[{"href":"https:\/\/www.europesays.com\/es\/wp-json\/wp\/v2\/types\/post"}],"author":[{"embeddable":true,"href":"https:\/\/www.europesays.com\/es\/wp-json\/wp\/v2\/users\/2"}],"replies":[{"embeddable":true,"href":"https:\/\/www.europesays.com\/es\/wp-json\/wp\/v2\/comments?post=244617"}],"version-history":[{"count":0,"href":"https:\/\/www.europesays.com\/es\/wp-json\/wp\/v2\/posts\/244617\/revisions"}],"wp:featuredmedia":[{"embeddable":true,"href":"https:\/\/www.europesays.com\/es\/wp-json\/wp\/v2\/media\/244618"}],"wp:attachment":[{"href":"https:\/\/www.europesays.com\/es\/wp-json\/wp\/v2\/media?parent=244617"}],"wp:term":[{"taxonomy":"category","embeddable":true,"href":"https:\/\/www.europesays.com\/es\/wp-json\/wp\/v2\/categories?post=244617"},{"taxonomy":"post_tag","embeddable":true,"href":"https:\/\/www.europesays.com\/es\/wp-json\/wp\/v2\/tags?post=244617"}],"curies":[{"name":"wp","href":"https:\/\/api.w.org\/{rel}","templated":true}]}}