{"id":244631,"date":"2025-11-19T13:51:09","date_gmt":"2025-11-19T13:51:09","guid":{"rendered":"https:\/\/www.europesays.com\/es\/244631\/"},"modified":"2025-11-19T13:51:09","modified_gmt":"2025-11-19T13:51:09","slug":"ee-uu-negocia-en-secreto-con-rusia-para-finalizar-la-guerra-dw-19-11-2025","status":"publish","type":"post","link":"https:\/\/www.europesays.com\/es\/244631\/","title":{"rendered":"EE.UU. negocia en secreto con Rusia para finalizar la guerra \u2013 DW \u2013 19\/11\/2025"},"content":{"rendered":"<p>Existe <a class=\"internal-link\" href=\"https:\/\/www.dw.com\/es\/qu\u00e9-opinan-los-ucranianos-sobre-el-plan-de-paz-de-trump\/a-72380620\" rel=\"nofollow noopener\" target=\"_blank\">un plan<\/a> para acabar la guerra en <a class=\"internal-link\" href=\"https:\/\/www.dw.com\/es\/ucrania\/t-36925922\" rel=\"nofollow noopener\" target=\"_blank\">Ucrania<\/a>.\u00a0Seg\u00fan la publicaci\u00f3n estadounidense\u00a0<a rel=\"noopener follow nofollow\" target=\"_blank\" class=\"external-link\" href=\"https:\/\/www.axios.com\/2025\/11\/19\/ukraine-peace-plan-trump-russia-witkoff\" title=\"Enlace externo \u2014 Axios\">Axios<\/a>, en su\u00a0desarrollo no han participado <a class=\"internal-link\" href=\"https:\/\/www.dw.com\/es\/por-qu\u00e9-europa-no-logra-defenderse-de-los-drones\/a-74149546\" rel=\"nofollow noopener\" target=\"_blank\">ni Ucrania ni sus socios<\/a> europeos, sino que estar\u00eda siendo negociado entre el representante especial de Trump para <a class=\"internal-link\" href=\"https:\/\/www.dw.com\/es\/rusia\/t-17410119\" rel=\"nofollow noopener\" target=\"_blank\">Rusia<\/a> y Oriente Medio, Steve Witkoff, y el emisario del Kremlin Kiril Dmitriev.<\/p>\n<p>De hecho, Witkoff ten\u00eda previsto reunirse en Estambul el mi\u00e9rcoles, 19 de noviembre de 2025, con el presidente ucraniano, Volod\u00edmir Zelenski, con el fin de dar un nuevo impulso a las negociaciones de paz.\u00a0<\/p>\n<p>Viaje aplazado<\/p>\n<p>Seg\u00fan publica tambi\u00e9n Axios, que cita fuentes ucranianas y de <a class=\"internal-link\" href=\"https:\/\/www.dw.com\/es\/estados-unidos\/t-17411942\" rel=\"nofollow noopener\" target=\"_blank\">EE.UU.<\/a>,\u00a0 Witkoff, el hombre de confianza de Trump, ha aplazado su viaje.<\/p>\n<p>Fuentes oficiales estadounidenses y rusas dijeron asimismo a Axios que en ese plan secreto se abordan las garant\u00edas de seguridad para Europa y el futuro de la relaci\u00f3n de Washington tanto con Mosc\u00fa como con Kiev.<\/p>\n<p>Por su parte, el Kremlin se neg\u00f3 a comentar la\u00a0noticia de Axios:\u00a0\u00abEn este caso, no hay nada nuevo de lo que podamos informarles\u00bb, dijo a los periodistas el vocero\u00a0del Gobierno ruso, Dmitri Peskov.\u00a0<\/p>\n<p>\u00a0<\/p>\n<p>ms (efe\/reuters\/axios)<\/p>\n<p>\u00a0<\/p>\n<p>\u00a0<\/p>\n","protected":false},"excerpt":{"rendered":"Existe un plan para acabar la guerra en Ucrania.\u00a0Seg\u00fan la publicaci\u00f3n estadounidense\u00a0Axios, en su\u00a0desarrollo no han participado ni&hellip;\n","protected":false},"author":2,"featured_media":244632,"comment_status":"","ping_status":"","sticky":false,"template":"","format":"standard","meta":{"footnotes":""},"categories":[42],"tags":[17,18,13,14,11,61,62,63,64,19,20,9,10,15,16,12,21,22,65,66,67],"class_list":{"0":"post-244631","1":"post","2":"type-post","3":"status-publish","4":"format-standard","5":"has-post-thumbnail","7":"category-internacional","8":"tag-breaking-news","9":"tag-breakingnews","10":"tag-featured-news","11":"tag-featurednews","12":"tag-headlines","13":"tag-internacional","14":"tag-international","15":"tag-international-news","16":"tag-internationalnews","17":"tag-latest-news","18":"tag-latestnews","19":"tag-news","20":"tag-noticias","21":"tag-noticias-destacadas","22":"tag-noticiasdestacadas","23":"tag-titulares","24":"tag-ultimas-noticias","25":"tag-ultimasnoticias","26":"tag-world","27":"tag-world-news","28":"tag-worldnews"},"share_on_mastodon":{"url":"https:\/\/pubeurope.com\/@es\/115576693416125391","error":""},"_links":{"self":[{"href":"https:\/\/www.europesays.com\/es\/wp-json\/wp\/v2\/posts\/244631","targetHints":{"allow":["GET"]}}],"collection":[{"href":"https:\/\/www.europesays.com\/es\/wp-json\/wp\/v2\/posts"}],"about":[{"href":"https:\/\/www.europesays.com\/es\/wp-json\/wp\/v2\/types\/post"}],"author":[{"embeddable":true,"href":"https:\/\/www.europesays.com\/es\/wp-json\/wp\/v2\/users\/2"}],"replies":[{"embeddable":true,"href":"https:\/\/www.europesays.com\/es\/wp-json\/wp\/v2\/comments?post=244631"}],"version-history":[{"count":0,"href":"https:\/\/www.europesays.com\/es\/wp-json\/wp\/v2\/posts\/244631\/revisions"}],"wp:featuredmedia":[{"embeddable":true,"href":"https:\/\/www.europesays.com\/es\/wp-json\/wp\/v2\/media\/244632"}],"wp:attachment":[{"href":"https:\/\/www.europesays.com\/es\/wp-json\/wp\/v2\/media?parent=244631"}],"wp:term":[{"taxonomy":"category","embeddable":true,"href":"https:\/\/www.europesays.com\/es\/wp-json\/wp\/v2\/categories?post=244631"},{"taxonomy":"post_tag","embeddable":true,"href":"https:\/\/www.europesays.com\/es\/wp-json\/wp\/v2\/tags?post=244631"}],"curies":[{"name":"wp","href":"https:\/\/api.w.org\/{rel}","templated":true}]}}