{"id":244633,"date":"2025-11-19T13:52:17","date_gmt":"2025-11-19T13:52:17","guid":{"rendered":"https:\/\/www.europesays.com\/es\/244633\/"},"modified":"2025-11-19T13:52:17","modified_gmt":"2025-11-19T13:52:17","slug":"publicada-el-acta-definitiva-y-propuesta-de-contratacion-de-peon-jardineria-y-podadores-dentro-del-pceme-ayuntamiento-de-olivenza","status":"publish","type":"post","link":"https:\/\/www.europesays.com\/es\/244633\/","title":{"rendered":"PUBLICADA EL ACTA DEFINITIVA Y PROPUESTA DE CONTRATACI\u00d3N DE PE\u00d3N JARDINER\u00cdA Y PODADORES DENTRO DEL PCEME \u2013 Ayuntamiento de Olivenza"},"content":{"rendered":"<p>&#13;<br \/>\n&#13;<br \/>\n\t<img loading=\"lazy\" decoding=\"async\" class=\"preload-me lazy-load\" src=\"https:\/\/www.europesays.com\/es\/wp-content\/uploads\/2025\/10\/empleo-e1672925430398-383x255-1-1-1.png\"  width=\"382\" height=\"255\" title=\"empleo-e1672925430398-383\u00d7255-1-1\" alt=\"\"\/><\/p>\n<p>El Ayuntamiento de Olivenza ha hecho p\u00fablicas, en el tabl\u00f3n de anuncios de sede electr\u00f3nica la relaci\u00f3n definitiva de aprobados y propuesta de contrataci\u00f3n de las categor\u00edas de Pe\u00f3n de Jardiner\u00eda y Podadores\u00a0dentro del PCEME, Programa de Colaboraci\u00f3n Econ\u00f3mica Municipal de Empleo.<\/p>\n<p><a href=\"https:\/\/es.ayuntamientodeolivenza.com\/wp-content\/uploads\/ANUNCIO-AL-ACTA-No-37-PEON-JARDINERO-A.pdf\" rel=\"nofollow noopener\" target=\"_blank\">ACTA Y PROPUESTA PE\u00d3N DE JARDINER\u00cdA<\/a><\/p>\n<p><a href=\"https:\/\/es.ayuntamientodeolivenza.com\/wp-content\/uploads\/ANUNCIO-AL-ACTA-No-36-PODADORES.pdf\" rel=\"nofollow noopener\" target=\"_blank\">ACTA Y PROPUESTA DE PODADORES<\/a><\/p>\n<p>&#13;<\/p>\n","protected":false},"excerpt":{"rendered":"&#13; &#13; El Ayuntamiento de Olivenza ha hecho p\u00fablicas, en el tabl\u00f3n de anuncios de sede electr\u00f3nica la&hellip;\n","protected":false},"author":2,"featured_media":164884,"comment_status":"","ping_status":"","sticky":false,"template":"","format":"standard","meta":{"footnotes":""},"categories":[8],"tags":[17,18,25,24,13,14,11,19,20,9,10,15,16,23,12,21,22],"class_list":{"0":"post-244633","1":"post","2":"type-post","3":"status-publish","4":"format-standard","5":"has-post-thumbnail","7":"category-espana","8":"tag-breaking-news","9":"tag-breakingnews","10":"tag-es","11":"tag-espana","12":"tag-featured-news","13":"tag-featurednews","14":"tag-headlines","15":"tag-latest-news","16":"tag-latestnews","17":"tag-news","18":"tag-noticias","19":"tag-noticias-destacadas","20":"tag-noticiasdestacadas","21":"tag-spain","22":"tag-titulares","23":"tag-ultimas-noticias","24":"tag-ultimasnoticias"},"share_on_mastodon":{"url":"https:\/\/pubeurope.com\/@es\/115576697439603832","error":""},"_links":{"self":[{"href":"https:\/\/www.europesays.com\/es\/wp-json\/wp\/v2\/posts\/244633","targetHints":{"allow":["GET"]}}],"collection":[{"href":"https:\/\/www.europesays.com\/es\/wp-json\/wp\/v2\/posts"}],"about":[{"href":"https:\/\/www.europesays.com\/es\/wp-json\/wp\/v2\/types\/post"}],"author":[{"embeddable":true,"href":"https:\/\/www.europesays.com\/es\/wp-json\/wp\/v2\/users\/2"}],"replies":[{"embeddable":true,"href":"https:\/\/www.europesays.com\/es\/wp-json\/wp\/v2\/comments?post=244633"}],"version-history":[{"count":0,"href":"https:\/\/www.europesays.com\/es\/wp-json\/wp\/v2\/posts\/244633\/revisions"}],"wp:featuredmedia":[{"embeddable":true,"href":"https:\/\/www.europesays.com\/es\/wp-json\/wp\/v2\/media\/164884"}],"wp:attachment":[{"href":"https:\/\/www.europesays.com\/es\/wp-json\/wp\/v2\/media?parent=244633"}],"wp:term":[{"taxonomy":"category","embeddable":true,"href":"https:\/\/www.europesays.com\/es\/wp-json\/wp\/v2\/categories?post=244633"},{"taxonomy":"post_tag","embeddable":true,"href":"https:\/\/www.europesays.com\/es\/wp-json\/wp\/v2\/tags?post=244633"}],"curies":[{"name":"wp","href":"https:\/\/api.w.org\/{rel}","templated":true}]}}