{"id":244640,"date":"2025-11-19T13:59:10","date_gmt":"2025-11-19T13:59:10","guid":{"rendered":"https:\/\/www.europesays.com\/es\/244640\/"},"modified":"2025-11-19T13:59:10","modified_gmt":"2025-11-19T13:59:10","slug":"el-tour-descarta-la-idea-de-hacer-alpe-dhuez-de-pago","status":"publish","type":"post","link":"https:\/\/www.europesays.com\/es\/244640\/","title":{"rendered":"El Tour descarta la idea de hacer Alpe d\u2019Huez de pago"},"content":{"rendered":"<p class=\"\"><b>El Tour de Francia vivir\u00e1 una hist\u00f3rica edici\u00f3n en 2026 <\/b>en la que ASO, la organizadora de la carrera, ha decidido situar los dos \u00faltimos finales en alto en una de las cimas m\u00e1s ic\u00f3nicas del ciclismo: <b>el Alpe d\u2019Huez.<\/b><\/p>\n<p class=\"\">El hecho de que Alpe d\u2019Huez albergue dos finales consecutivos de etapa ha vuelto a poner sobre la mesa la posibilidad de <b>cobrar entrada por acceder a las carreras ciclistas, tal y como propuso el exciclista franc\u00e9s Jerome Pineau,<\/b> que en declaraciones en Grand Plateau de RMC sugiri\u00f3 cobrar entrada a los aficionados que accedieran a los \u00faltimos cinco kil\u00f3metros de la subida.<\/p>\n<p class=\"\">Sin embargo, <b>ASO ha querido descartar la propuesta de Pineau,<\/b> tal y como se\u00f1al\u00f3 Pierre-Yves Thoualt, subdirector de la secci\u00f3n de ciclismo de la organizaci\u00f3n, en declaraciones recogidas por el diario belga DH. <b>\u201cEn su esencia, el ciclismo es gratuito para los aficionados<\/b> e introducir un sistema de entrada es algo que no entra en nuestros planes\u201d<\/p>\n<p>Noticias relacionadas<\/p>\n<p class=\"\">Una idea que respalda <b>Marc Madiot<\/b>, director del Groupama-FDJ y una de las figuras m\u00e1s influyentes del ciclismo franc\u00e9s. <b>\u201cEl ciclismo es un deporte gratuito <\/b>y eso ayuda al \u00e9xito que tiene, debemos mantenerlo as\u00ed\u201d.<\/p>\n<p class=\"\"><b>\u00a1Tus opiniones importan!<\/b> Comenta en los art\u00edculos y suscr\u00edbete gratis a nuestra <a href=\"https:\/\/asfan.as.com\/newsletters\/\" target=\"_blank\" rel=\"nofollow noopener\" title=\"https:\/\/asfan.as.com\/newsletters\/\">newsletter<\/a> y a las alertas informativas en la <a href=\"https:\/\/as.com\/aplicacion-de-as-n\/\" target=\"_blank\" rel=\"nofollow noopener\" title=\"https:\/\/as.com\/aplicacion-de-as-n\/\">App<\/a> o el canal de <a href=\"https:\/\/www.whatsapp.com\/channel\/0029VaAasdA7j6g745nz9M10\" target=\"_blank\" rel=\"nofollow noopener\" title=\"https:\/\/www.whatsapp.com\/channel\/0029VaAasdA7j6g745nz9M10\">WhatsApp<\/a>. \u00bfBuscas licenciar contenido? Haz clic <a href=\"https:\/\/profesional.elpais.com\/soluciones-sindicacion?utm_medium=interno&amp;utm_source=crosslinking&amp;utm_campaign=sindicacion_as_pie_articulos\" target=\"_blank\" rel=\"nofollow noopener\" title=\"https:\/\/profesional.elpais.com\/soluciones-sindicacion?utm_medium=interno&amp;utm_source=crosslinking&amp;utm_campaign=sindicacion_as_pie_articulos\">aqu\u00ed<\/a><\/p>\n","protected":false},"excerpt":{"rendered":"El Tour de Francia vivir\u00e1 una hist\u00f3rica edici\u00f3n en 2026 en la que ASO, la organizadora de la&hellip;\n","protected":false},"author":2,"featured_media":244641,"comment_status":"","ping_status":"","sticky":false,"template":"","format":"standard","meta":{"footnotes":""},"categories":[273],"tags":[313,312,168,25,24,23,167],"class_list":{"0":"post-244640","1":"post","2":"type-post","3":"status-publish","4":"format-standard","5":"has-post-thumbnail","7":"category-ciclismo","8":"tag-ciclismo","9":"tag-cycling","10":"tag-deportes","11":"tag-es","12":"tag-espana","13":"tag-spain","14":"tag-sports"},"share_on_mastodon":{"url":"https:\/\/pubeurope.com\/@es\/115576724774149250","error":""},"_links":{"self":[{"href":"https:\/\/www.europesays.com\/es\/wp-json\/wp\/v2\/posts\/244640","targetHints":{"allow":["GET"]}}],"collection":[{"href":"https:\/\/www.europesays.com\/es\/wp-json\/wp\/v2\/posts"}],"about":[{"href":"https:\/\/www.europesays.com\/es\/wp-json\/wp\/v2\/types\/post"}],"author":[{"embeddable":true,"href":"https:\/\/www.europesays.com\/es\/wp-json\/wp\/v2\/users\/2"}],"replies":[{"embeddable":true,"href":"https:\/\/www.europesays.com\/es\/wp-json\/wp\/v2\/comments?post=244640"}],"version-history":[{"count":0,"href":"https:\/\/www.europesays.com\/es\/wp-json\/wp\/v2\/posts\/244640\/revisions"}],"wp:featuredmedia":[{"embeddable":true,"href":"https:\/\/www.europesays.com\/es\/wp-json\/wp\/v2\/media\/244641"}],"wp:attachment":[{"href":"https:\/\/www.europesays.com\/es\/wp-json\/wp\/v2\/media?parent=244640"}],"wp:term":[{"taxonomy":"category","embeddable":true,"href":"https:\/\/www.europesays.com\/es\/wp-json\/wp\/v2\/categories?post=244640"},{"taxonomy":"post_tag","embeddable":true,"href":"https:\/\/www.europesays.com\/es\/wp-json\/wp\/v2\/tags?post=244640"}],"curies":[{"name":"wp","href":"https:\/\/api.w.org\/{rel}","templated":true}]}}