{"id":244648,"date":"2025-11-19T14:04:23","date_gmt":"2025-11-19T14:04:23","guid":{"rendered":"https:\/\/www.europesays.com\/es\/244648\/"},"modified":"2025-11-19T14:04:23","modified_gmt":"2025-11-19T14:04:23","slug":"110-plantas-422-casa-y-precios-desde-2-millones","status":"publish","type":"post","link":"https:\/\/www.europesays.com\/es\/244648\/","title":{"rendered":"110 plantas, 422 casa y precios desde 2 millones"},"content":{"rendered":"<p>En lo que a altura se refiere, no hay quien compita con el Burj Khalifa. Su escalonada estructura,<strong> la modernidad del dise\u00f1o lleno de luces y el hecho de que sea el edificio residencial m\u00e1s alto del mundo<\/strong> (828 metros) han situado a Dub\u00e1i, sin duda, en lo m\u00e1s alto del sector inmobiliario. Como decimos, Dub\u00e1i tiene largo recorrido en lo que a batir r\u00e9cords se refiere; quiz\u00e1 por eso vaya a ser el escenario del siguiente en el ranking de los edificios m\u00e1s altos del mundo. Se trata del proyecto <strong>DWTN Residences<\/strong>, una nueva torre que promete ser el <strong>segundo edificio residencial m\u00e1s alto del mundo<\/strong>.<\/p>\n<p>Las grandes fortunas est\u00e1n conquistando el cielo y, por sorprendente que parezca, esta afirmaci\u00f3n viene en sentido literal. Porque eso de vivir por las nubes se ha convertido en el capricho m\u00e1s suculento y demandado de los millonarios. Hablamos de <strong>sus viviendas y de c\u00f3mo los rascacielos son proyectos cada vez m\u00e1s demandados alrededor del mundo<\/strong>. Pero estos megaproyectos tienen una meca: Dub\u00e1i.<\/p>\n<p>Bien porque ya est\u00e1 en el mapa de los superrascacielos de forma imbatible con el gran Burj Khalifa o bien porque se ha convertido en el <strong>lugar de peregrinaje de las grandes fortunas mundiales<\/strong>. Lo cierto es que Dub\u00e1i ha adquirido esa capacidad de anticiparse a las necesidades de los multimillonarios que acoge, \u00bfno consiste en eso la clave del lujo?<\/p>\n<p><img decoding=\"async\" loading=\"lazy\" class=\"wp-image-896546 size-full\" src=\"https:\/\/www.europesays.com\/es\/wp-content\/uploads\/2025\/11\/captura-de-pantalla-2025-11-13-211116_easy-resize.com_.jpg\" alt=\"rascacielos dub\u00e1i\" width=\"1035\" height=\"1280\"  \/>Downtown Residences. (Foto: Deyaar Development)<\/p>\n<p>Entre toda su opulencia, en los pr\u00f3ximos a\u00f1os ver\u00e1 la luz uno de esos gigantes inmobiliarios que pretende transformar la ciudad. Hasta el punto de concederle el reconocimiento de contar, no con uno, sino <strong>con dos edificios en el TOP mundial de megaproyectos de altura<\/strong>. Entramos dentro del Downtown Residences.<\/p>\n<p><b>El segundo rascacielos m\u00e1s alto del mundo<\/b><\/p>\n<p>Conquistar el cielo es una cosa, pero hacerlo de la forma en que promete el proyecto de Downtown Residences, es otra muy diferente. Ser\u00e1 de la mano de Deyaar Development, los mismos que se encuentran tras <strong>ParkFive,<\/strong>\u00a0el oasis residencial en Dubai Production City, o el impresionante <strong>proyecto de Mar Casa<\/strong>. Sin duda, este segundo podr\u00eda coronarse como uno de los edificios m\u00e1s espectaculares de Dub\u00e1i<\/p>\n<p><img decoding=\"async\" loading=\"lazy\" class=\"wp-image-896553 size-full\" src=\"https:\/\/www.europesays.com\/es\/wp-content\/uploads\/2025\/11\/im3_easy-resize.com_.jpg\" alt=\"rascacielos dub\u00e1i\" width=\"1280\" height=\"1280\"  \/>Downtown Residences. (Foto: Deyaar Development)<\/p>\n<p>Comenzando por su ubicaci\u00f3n dentro del tri\u00e1ngulo dorado de <strong>Sheikh Zayed Road, el centro de Dub\u00e1i y Business Bay<\/strong>. De este modo, ofrecer\u00e1 a sus hu\u00e9spedes unas impresionantes vistas del centro de Dub\u00e1i y del golfo P\u00e9rsico y la famosa Sheikh Zayed Road. En un primer vistazo hablamos de un edificio de 445 metros de altura que dibujar\u00e1 en el skyline de Dub\u00e1i un perfil rectangular con <strong>hendiduras centrales que juegan un papel esencial en los servicios que proporcionar\u00e1 el Downtown Residences<\/strong>.<\/p>\n<p>En su interior, contar\u00e1 con m\u00e1s de un centenar de plantas, repartidas en <strong>432 residencias, 76 d\u00faplex, 13 penthouses y un royal palace, la cumple del lujo<\/strong>. Con cerca de 7.000 metros cuadrados dedicados a todo tipo de servicios y amenities. Tal proyecto no ser\u00e1 algo inmediato, sino que tendremos que esperar casi cinco a\u00f1os, hasta 2030, para poder ver este sue\u00f1o sobre plano hecho realidad.<\/p>\n<p><img decoding=\"async\" loading=\"lazy\" class=\"wp-image-896552 size-full\" src=\"https:\/\/www.europesays.com\/es\/wp-content\/uploads\/2025\/11\/im2_easy-resize.com_.jpg\" alt=\"rascacielos dub\u00e1i\" width=\"1280\" height=\"720\"  \/>Downtown Residences. (Foto: Deyaar Development)<\/p>\n<p>Si antes habl\u00e1bamos de un centenar de plantas, con viene saber que el grado de lujo y exclusividad de sus viviendas ir\u00e1 aumentando a medida que ascienda de plantas el ascensor. No lo han podido dejar m\u00e1s claro desde la compa\u00f1\u00eda ya que, en palabras de su director de desarrollo, Patrick Bernard Rouse, \u00abDowntown Residences <strong>reimagina la vida urbana inspir\u00e1ndose en la jerarqu\u00eda de necesidades de Maslow<\/strong>, transformando el dise\u00f1o residencial tradicional en un viaje estructurado de lujo, comunidad y autorrealizaci\u00f3n\u00bb.<\/p>\n<p>Seis ecosistemas en la torre residencial<\/p>\n<p>M\u00e1s que un edificio, Downtown Residences se corona como una experiencia por la parte m\u00e1s lujosa y extravagante de Dub\u00e1i. Como recibimiento a esta experiencia se encuentra la bautizada como <strong>House of Commons<\/strong>, que contar\u00e1 con servicio de concierge, parking privado y espacio de brasserie y cafeter\u00eda para reuniones informales.<\/p>\n<p>Llaman la atenci\u00f3n las hendiduras centrales del edificio, que no son un elemento decorativo al azar. Cada una de ellas corresponde a un ecosistema, es decir, un espacio com\u00fan dise\u00f1ado para diferentes experiencias: <strong>disfrutar en familia, compartir con amigos o desarrollar actividades de negocio<\/strong>. De este modo, cada hendidura se convierte en un punto de encuentro que da vida y significado al dise\u00f1o del edificio.<\/p>\n<p><img decoding=\"async\" loading=\"lazy\" class=\"wp-image-896549 size-full\" src=\"https:\/\/www.europesays.com\/es\/wp-content\/uploads\/2025\/11\/point2bs_easy-resize.com_.jpg\" alt=\"rascacielos dub\u00e1i, torre residencial\" width=\"763\" height=\"1280\"  \/>Downtown Residences. (Foto: Deyaar Development)<\/p>\n<p>\u00abCada ecosistema representa no solo un conjunto de servicios, sino un <strong>entorno con un prop\u00f3sito dise\u00f1ado para anticipar y satisfacer aspectos espec\u00edficos de una vida excepcional\u00bb<\/strong>, describi\u00f3 la compa\u00f1\u00eda en un comunicado.<\/p>\n<p>El siguiente nivel acoger\u00e1 la House of Heirs, con espacios dise\u00f1ados para familias que incluyen piscinas con atracciones infantiles, parques y zonas comunes para celebraciones, como una cocina de invierno y estaciones de barbacoa para cenas al aire libre. Seguido, se encontrar\u00e1 la zona wellness con spa y salas de tratamiento, adem\u00e1s de \u00e1reas habilitadas para entrenamientos.<\/p>\n<p><img decoding=\"async\" loading=\"lazy\" class=\"wp-image-896550 size-full\" src=\"https:\/\/www.europesays.com\/es\/wp-content\/uploads\/2025\/11\/point3_easy-resize.com_.jpg\" alt=\"torre residencial\" width=\"763\" height=\"1280\"  \/>Downtown Residences. (Foto: Deyaar Development)<\/p>\n<p>El siguiente grado de sofisticaci\u00f3n vendr\u00e1 en un espacio denominado <strong>Maison Amis<\/strong> una de las zonas comunes m\u00e1s exclusivas del edificio que contar\u00e1 con todo tipo de espacios y comodidades. Incluido un club social, zonas exteriores de jard\u00edn para tomar el t\u00e9, un simulador de golf e incluso sala de cine.\u00a0<\/p>\n<p>Las plantas 72 y 73 de la torre residencial estar\u00e1n reservadas para el <strong>Sky Club &amp; Park<\/strong>, el \u00e1rea m\u00e1s corporativa del edificio, destinado para albergar zonas de reuni\u00f3n. En la cima de la torre, <strong>Cloud Nine ofrece la m\u00e1xima expresi\u00f3n de celebraci\u00f3n, con piscinas infinitas, un impresionante mirador y un \u00e1rea de cena privada<\/strong>.<\/p>\n","protected":false},"excerpt":{"rendered":"En lo que a altura se refiere, no hay quien compita con el Burj Khalifa. Su escalonada estructura,&hellip;\n","protected":false},"author":2,"featured_media":244649,"comment_status":"","ping_status":"","sticky":false,"template":"","format":"standard","meta":{"footnotes":""},"categories":[173],"tags":[229,233,231,230,232,234,146,147,25,24,23],"class_list":{"0":"post-244648","1":"post","2":"type-post","3":"status-publish","4":"format-standard","5":"has-post-thumbnail","7":"category-arte-y-diseno","8":"tag-arte","9":"tag-arte-y-diseno","10":"tag-arts","11":"tag-arts-and-design","12":"tag-design","13":"tag-diseno","14":"tag-entertainment","15":"tag-entretenimiento","16":"tag-es","17":"tag-espana","18":"tag-spain"},"share_on_mastodon":{"url":"https:\/\/pubeurope.com\/@es\/115576744852593545","error":""},"_links":{"self":[{"href":"https:\/\/www.europesays.com\/es\/wp-json\/wp\/v2\/posts\/244648","targetHints":{"allow":["GET"]}}],"collection":[{"href":"https:\/\/www.europesays.com\/es\/wp-json\/wp\/v2\/posts"}],"about":[{"href":"https:\/\/www.europesays.com\/es\/wp-json\/wp\/v2\/types\/post"}],"author":[{"embeddable":true,"href":"https:\/\/www.europesays.com\/es\/wp-json\/wp\/v2\/users\/2"}],"replies":[{"embeddable":true,"href":"https:\/\/www.europesays.com\/es\/wp-json\/wp\/v2\/comments?post=244648"}],"version-history":[{"count":0,"href":"https:\/\/www.europesays.com\/es\/wp-json\/wp\/v2\/posts\/244648\/revisions"}],"wp:featuredmedia":[{"embeddable":true,"href":"https:\/\/www.europesays.com\/es\/wp-json\/wp\/v2\/media\/244649"}],"wp:attachment":[{"href":"https:\/\/www.europesays.com\/es\/wp-json\/wp\/v2\/media?parent=244648"}],"wp:term":[{"taxonomy":"category","embeddable":true,"href":"https:\/\/www.europesays.com\/es\/wp-json\/wp\/v2\/categories?post=244648"},{"taxonomy":"post_tag","embeddable":true,"href":"https:\/\/www.europesays.com\/es\/wp-json\/wp\/v2\/tags?post=244648"}],"curies":[{"name":"wp","href":"https:\/\/api.w.org\/{rel}","templated":true}]}}