{"id":244667,"date":"2025-11-19T14:15:13","date_gmt":"2025-11-19T14:15:13","guid":{"rendered":"https:\/\/www.europesays.com\/es\/244667\/"},"modified":"2025-11-19T14:15:13","modified_gmt":"2025-11-19T14:15:13","slug":"sesion-de-control-al-gobierno-en-directo-feijoo-le-reprocha-las-mordidas-del-2-de-cerdan-a-un-sanchez-que-lasexta","status":"publish","type":"post","link":"https:\/\/www.europesays.com\/es\/244667\/","title":{"rendered":"Sesi\u00f3n de control al Gobierno, en directo | Feij\u00f3o le reprocha las mordidas del 2% de Cerd\u00e1n a un S\u00e1nchez que &#8211; LaSexta"},"content":{"rendered":"<ol>\n<li><a href=\"https:\/\/news.google.com\/rss\/articles\/CBMi_wFBVV95cUxNLWRzVzlacDFjYW5oRHNNcFNOZTVocUQxX25nOTkwTUhCa3A5SXFDamZJZEdaV1ZUZ2RmSWVwMVFKMnNDTk5oNFVNUVU3blJ2aEZtNFNjakNZeU45N3MyeG1jTmJ4LTJiQXUtZHJQdF81VWlGSnV1NVFOakE3TEd2SEVWcXZFbkxUOENuTlIzcVVLY1ZieFAwZ2dKcDAzU3REUmFhVVU0T2FsNGV6QXNfRnYxd2VwU1U3REhhbWRiN1dVUDFMbkxXTFpYQ0ZXQzJfVmFOVjhPVlNXeEx2eFRnTmh3TU9vTnF2MXpLeWF1bkEzYnJVMjNUT1ViT1k3ZFHSAf8BQVVfeXFMTWFVSkpxR0RSbE03b0lpMmxINUdTRXNLLUJYS0Z1V0dQS1NBUHQ4ai01Vll3VDJUbXl0UmpDdmptQlV5TVpJSFlqeG5Ra2RjNmtPZGhZS0Z4dVJFa2I5eVpEYzRUMklDZVVzV0NnaU16UmJVMlNRVUN1UFNtZXFGekN3YnhDTGpueGhHbks4VkdiVjd3dGkxX2Y1XzZJMHJiOWpVU0NoOHd5cjdYcU0xYzhxYmVWMnNoZlM0MlFpNFd0WmU4cDY5RXlPZk41WWdXRkExQ0xaaGtRVWpMcDlJWWw4a3lPM1k2b3JFNDQ4T2k3S3dDQTg3aUdWNUxvMlVV?oc=5\" target=\"_blank\" rel=\"nofollow noopener\">Sesi\u00f3n de control al Gobierno, en directo | Feij\u00f3o le reprocha las mordidas del 2% de Cerd\u00e1n a un S\u00e1nchez que<\/a>&nbsp;&nbsp;LaSexta<\/li>\n<li><a href=\"https:\/\/news.google.com\/rss\/articles\/CBMi-wFBVV95cUxQT2ZOaWNxT2owQ09iODRQVmNDSlhDeXhWeXpHUG9sZWdyMGFPS3djSG90RS1PNkN5dWxzY0oySEpGbHpjdnZHVnFuOExTck9SWDdWNGZvY2piaGFidzQyQlhmbGdEYXVXaTdlaVc4c0VueWRHVHpCS0cySFNoYU9ucHg1MDhFSFBRSGY1MWpsY2xZNXNsczZPSk5zSDdpYXZZNHdObF94SE1nLUFtZlkwVkNiT2hONTd5Zy1waF9aV0NUUTM2bWtOS1VOR005ZnhHalI5UWNGSE5UTGl4MWVRSnJFS1l5b3dteUxCelV5TWtsaDBuUmpMMlZ4NA?oc=5\" target=\"_blank\" rel=\"nofollow noopener\">Feij\u00f3o afirma que Ferraz y La Moncloa son \u201ccloacas\u201d<\/a>&nbsp;&nbsp;EL PA\u00cdS<\/li>\n<li><a href=\"https:\/\/news.google.com\/rss\/articles\/CBMinAFBVV95cUxNM0EzeFdvdzUzcWFvaFAxb1pxN3p6YWlubDlUVzJQS0ZYWjFoWFA4NVl5emM4VklOckZVREVEYXlXNzNHZmtPYVRGR0FLeUVuUnlpdEFvSEZYM2VWYlpsdGEwVEtER3JLWjBlNkpiS3pHQ09ZdDZtRXdaaEVaeUkxa0NyU1B5VWNUM2RQR2doQ0sxN25Ma0gwNDZBc08?oc=5\" target=\"_blank\" rel=\"nofollow noopener\">Feij\u00f3o blande el informe de la UCO contra S\u00e1nchez: \u00abLa cloaca es Ferraz y la ha llevado a la Moncloa\u00bb<\/a>&nbsp;&nbsp;ABC<\/li>\n<li><a href=\"https:\/\/news.google.com\/rss\/articles\/CBMiwAFBVV95cUxOdTVwMEROUGRBM2xsdkhtdFc1S19ETWdSdjc2RW1hbmsyRUFVTmVyLW9DcGw2NXljaVBvNXNaWXdpVnNGQnBGbFVSS0FoMXBWcnVwWkt1MFA1VkptTmxvLVF2X1ppVGhJeGJEamFwb3JrR3hWd0txSHdmTzhfcDRSYkZKTGlEeDVTb3Vzb0ExeEtNeHB2Z05PME1ENWxkOU5xSFNiNHF6TlpEMC1zSklMTkd6elFFMWVtc2F0TEVyRjQ?oc=5\" target=\"_blank\" rel=\"nofollow noopener\">S\u00e1nchez y Feij\u00f3o se echan en cara los esc\u00e1ndalos de corrupci\u00f3n que azotan al PP y al PSOE<\/a>&nbsp;&nbsp;La Vanguardia<\/li>\n<li><a href=\"https:\/\/news.google.com\/rss\/articles\/CBMiygFBVV95cUxNclpDTkxiOERPc0UzVUtMSmVXUTlFZzhNRlhsbTlPNGg1YUgzdFB0WjJpMDBjZXhkTlgtWC04bkJNTnRnSVdmWmRocGd4T21vU2JBaHVoSWw2RHRYTjBYSlFkSk1GbWEyTXQ1T2J0eEE1M0tMdElsTWdHeUdDUURQRE9wX1E2M3VaSnktbkI2Tmwyd0hkWVNYcF9LXzdSWUxrb2sxSU9aemVENHBNd2V6cENGeEJDYzEtOUhFRXRQMHVxWVhJUmJncnR30gHPAUFVX3lxTE93ZTM5VktvbDVYT1AxdDVnc0Y0bEFGY0xtTGVOam5UeVdCNFp5X3FYVk5iLU9vM2FtcTVhdERvQ0pLeC1JbUlxRmhKNW9Mc2Jkc05KaWFEUTVJbVhEWHpSMUlCWVdRcGVjRHV5Sy1CWU5JdlU3WVZtTzFxZ0tqN3l5eVE3OE5EeUREaG9fV2tEdVoxS21IUER5bjVQY1JqY05hcG0weGZSS0lvOHQyeGViTS0xV3hvYzlXLVZnOUd2aWhtSEhNeWowZ04wTkJ2bw?oc=5\" target=\"_blank\" rel=\"nofollow noopener\">S\u00e1nchez se defiende de los ataques de Feij\u00f3o por el &#8216;caso Cerd\u00e1n&#8217; record\u00e1ndole que \u00e9l \u00ablleva un a\u00f1o aplaudiendo a Maz\u00f3n\u00bb<\/a>&nbsp;&nbsp;Diario P\u00fablico<\/li>\n<\/ol>\n","protected":false},"excerpt":{"rendered":"Sesi\u00f3n de control al Gobierno, en directo | Feij\u00f3o le reprocha las mordidas del 2% de Cerd\u00e1n a&hellip;\n","protected":false},"author":2,"featured_media":233937,"comment_status":"","ping_status":"","sticky":false,"template":"","format":"standard","meta":{"footnotes":""},"categories":[8],"tags":[17,18,25,24,13,14,11,19,20,9,10,15,16,23,12,21,22],"class_list":{"0":"post-244667","1":"post","2":"type-post","3":"status-publish","4":"format-standard","5":"has-post-thumbnail","7":"category-espana","8":"tag-breaking-news","9":"tag-breakingnews","10":"tag-es","11":"tag-espana","12":"tag-featured-news","13":"tag-featurednews","14":"tag-headlines","15":"tag-latest-news","16":"tag-latestnews","17":"tag-news","18":"tag-noticias","19":"tag-noticias-destacadas","20":"tag-noticiasdestacadas","21":"tag-spain","22":"tag-titulares","23":"tag-ultimas-noticias","24":"tag-ultimasnoticias"},"share_on_mastodon":{"url":"https:\/\/pubeurope.com\/@es\/115576787710008649","error":""},"_links":{"self":[{"href":"https:\/\/www.europesays.com\/es\/wp-json\/wp\/v2\/posts\/244667","targetHints":{"allow":["GET"]}}],"collection":[{"href":"https:\/\/www.europesays.com\/es\/wp-json\/wp\/v2\/posts"}],"about":[{"href":"https:\/\/www.europesays.com\/es\/wp-json\/wp\/v2\/types\/post"}],"author":[{"embeddable":true,"href":"https:\/\/www.europesays.com\/es\/wp-json\/wp\/v2\/users\/2"}],"replies":[{"embeddable":true,"href":"https:\/\/www.europesays.com\/es\/wp-json\/wp\/v2\/comments?post=244667"}],"version-history":[{"count":0,"href":"https:\/\/www.europesays.com\/es\/wp-json\/wp\/v2\/posts\/244667\/revisions"}],"wp:featuredmedia":[{"embeddable":true,"href":"https:\/\/www.europesays.com\/es\/wp-json\/wp\/v2\/media\/233937"}],"wp:attachment":[{"href":"https:\/\/www.europesays.com\/es\/wp-json\/wp\/v2\/media?parent=244667"}],"wp:term":[{"taxonomy":"category","embeddable":true,"href":"https:\/\/www.europesays.com\/es\/wp-json\/wp\/v2\/categories?post=244667"},{"taxonomy":"post_tag","embeddable":true,"href":"https:\/\/www.europesays.com\/es\/wp-json\/wp\/v2\/tags?post=244667"}],"curies":[{"name":"wp","href":"https:\/\/api.w.org\/{rel}","templated":true}]}}