{"id":244676,"date":"2025-11-19T14:25:09","date_gmt":"2025-11-19T14:25:09","guid":{"rendered":"https:\/\/www.europesays.com\/es\/244676\/"},"modified":"2025-11-19T14:25:09","modified_gmt":"2025-11-19T14:25:09","slug":"carlo-ancelotti-no-arranca-con-brasil","status":"publish","type":"post","link":"https:\/\/www.europesays.com\/es\/244676\/","title":{"rendered":"Carlo Ancelotti no arranca con Brasil"},"content":{"rendered":"<p>191 d\u00edas atr\u00e1s, <strong>Carlo Ancelotti<\/strong> se convirti\u00f3 en el <strong>primer seleccionador extranjero<\/strong> de la historia de <a href=\"https:\/\/okdiario.com\/diariomadridista\/real-madrid\/mbappe-contra-vinicius-francia-brasil-planean-amistoso-eeuu-2026-579704\" rel=\"nofollow noopener\" target=\"_blank\">Brasil<\/a>. El contrastado t\u00e9cnico italiano asumi\u00f3 las riendas de una Canarinha que atraviesa uno de los <strong>peores momentos<\/strong> en cuanto a resultados y juego de su exitosa trayectoria. Con el ex del <a href=\"https:\/\/okdiario.com\/diariomadridista\/real-madrid\/ancelotti-defiende-xabi-alonso-que-mas-van-pedir-579705\" rel=\"nofollow noopener\" target=\"_blank\"><strong>Real Madrid<\/strong><\/a> al frente del banquillo, el rumbo del combinado carioca tampoco ha cambiado por el momento. Despu\u00e9s del reciente <a href=\"https:\/\/okdiario.com\/diariomadridista\/real-madrid\/militao-hace-saltar-alarmas-retirarse-lesionado-brasil-580661\" rel=\"nofollow noopener\" target=\"_blank\"><strong>empate ante T\u00fanez<\/strong><\/a>, el balance de Ancelotti en el cargo tras ocho partidos se sit\u00faa en <strong>cuatro victorias<\/strong>, <strong>dos empates y dos derrotas<\/strong>.<\/p>\n<p>Brasil \u00fanicamente se ha llevado el triunfo en la <strong>mitad de los encuentros<\/strong> dirigidos por Carlo Ancelotti. El entrenador transalpino se estren\u00f3 con un <strong>empate a cero ante Ecuador<\/strong>. Brasil lograr\u00eda encadenar<strong> tres partidos consecutivos<\/strong> sin encajar en los primeros compases de la era del nuevo seleccionador. Ante <strong>Paraguay (1-0) y Chile (3-0)<\/strong>, a diferencia del debut ante Ecuador, los brasile\u00f1os lograron perforar la porter\u00eda rival. El primer rev\u00e9s de Carletto como seleccionador carioca lleg\u00f3 a domicilio. En la siempre complicada <strong>visita a Bolivia<\/strong>, la cinco veces campeona del mundo <strong>cay\u00f3 por 1-0<\/strong> en El Alto.<\/p>\n<p>Ancelotti concluy\u00f3 sus primeros<strong> cuatro partidos oficiales<\/strong> al frente de la Canarinha con dos victorias, un empate y una \u00faltima derrota en su haber. En el primer par\u00f3n de la temporada<strong> no cont\u00f3 con los futbolistas del Real Madrid<\/strong> (Vinicius, Rodrygo y Militao), a los que dio descanso en unos compromisos en los que Brasil no se jugaba nada. Con la<a href=\"https:\/\/okdiario.com\/deportes\/asi-queda-clasificacion-espana-saca-billete-mundial-sin-brillo-15786206\" rel=\"nofollow noopener\" target=\"_blank\"><strong> clasificaci\u00f3n al Mundial<\/strong><\/a> finalizada, el conjunto carioca ha disputado <strong>cuatro amistosos<\/strong> en el segundo y tercer par\u00f3n de selecciones de la campa\u00f1a, todos ellos lejos de Brasil.<\/p>\n<p>La mejor versi\u00f3n de la Sele\u00e7\u00e3o se vio en el primero de ellos ante<strong> Corea del Sur<\/strong>. El combinado asi\u00e1tico, uno de los m\u00e1s potentes de su continente, sucumbi\u00f3 por un contundente <strong>0-5<\/strong> ante una Brasil con nutrida participaci\u00f3n madridista. <strong>Rodrygo anot\u00f3 dos tantos<\/strong>, mientras <strong>Vinicius sum\u00f3 gol y asistencia<\/strong> en un partido en el que <strong>Militao<\/strong> tambi\u00e9n parti\u00f3 como titular. Las buenas sensaciones se extendieron hasta la primera parte del duelo ante <strong>Jap\u00f3n<\/strong>. Los de Ancelotti pusieron el 0-2 pasada la media hora de juego, pero los nipones reaccionaron y se llevaron el triunfo por <strong>3-2<\/strong>. Al t\u00e9cnico italiano <strong>le llovieron las cr\u00edticas<\/strong> tras la remontada, una presi\u00f3n a la que est\u00e1 m\u00e1s que acostumbrado en su carrera.<\/p>\n<p>Ancelotti tambi\u00e9n tiene \u2018l\u00edo\u2019 con los penaltis<\/p>\n<p>Una de las principales cr\u00edticas a Ancelotti en sus primeros pasos como seleccionador brasile\u00f1o fue a sus <strong>continuos cambios<\/strong> en las convocatorias. \u00abYo creo que <strong>ya basta de probar jugadores\u00bb<\/strong>, asegur\u00f3 el ex jugador Felipe Melo tras la derrota en Jap\u00f3n. El entrenador transalpino lo ha aplicado en los dos \u00faltimos partidos de Brasil. En los duelos ante <strong>Senegal y T\u00fanez<\/strong>, la Canarinha parti\u00f3 con un once plagado de potenciales titulares, a la espera de <strong>Raphinha<\/strong>. Ancelotti repiti\u00f3 en porter\u00eda con <strong>Ederson<\/strong>, <strong>Marquinhos y Militao<\/strong> conformaron la defensa en ambos y apost\u00f3 por el mismo sexteto en centro del campo y delantera: C<strong>asemiro, Guimarares, Est\u00eav\u00e3o, Rodrygo, Cunha y Vinicius<\/strong>.<\/p>\n<blockquote class=\"twitter-tweet\">\n<p dir=\"ltr\" lang=\"en\">\ud83d\udea8\ud83c\udde7\ud83c\uddf7 LUCAS PAQUETA HAS MISSED THE PENALTY FOR BRAZIL! \u274c<a href=\"https:\/\/t.co\/ZwrK05Q2C1\" rel=\"nofollow\">pic.twitter.com\/ZwrK05Q2C1<\/a><\/p>\n<p>\u2014 TheGoalsZone (@TheGoalsZone) <a href=\"https:\/\/twitter.com\/TheGoalsZone\/status\/1990890712833896482?ref_src=twsrc%5Etfw\" rel=\"nofollow noopener\" target=\"_blank\">November 18, 2025<\/a><\/p>\n<\/blockquote>\n<p>Brasil comenz\u00f3 sus amistosos en Europa con buen pie. Los goles de Est\u00eav\u00e3o y Casemiro le dieron la<strong> victoria por 2-0<\/strong> ante una siempre combativa Senegal. El plan <strong>no funcion\u00f3 ante T\u00fanez<\/strong>, donde los cariocas no pudieron deshacer el empate a uno. Adem\u00e1s, en el partido frente a los tunecinos a Ancelotti le surgi\u00f3 un <strong>problema que ya vivi\u00f3<\/strong> en su \u00faltima temporada en el <strong>Real Madrid<\/strong>. Est\u00eav\u00e3o convirti\u00f3 un <strong>penalti<\/strong> en la primera mitad. El t\u00e9cnico reconoci\u00f3 que el lanzador designado es <strong>Lucas Paqueta<\/strong>, que en ese momento no se encontraba sobre el c\u00e9sped. M\u00e1s tarde se invirtieron los roles, y con Paqueta en el terreno de juego y Est\u00eav\u00e3o en el banquillo, el primero asumi\u00f3 y <strong>err\u00f3 la pena m\u00e1xima<\/strong>. Ancelotti tiene <strong>trabajo por delante hasta el Mundial<\/strong>, entre el que se encuentra encontrar un lanzador fiable para los penaltis.<\/p>\n<p>\t\t\t\t\t<script async src=\"https:\/\/platform.twitter.com\/widgets.js\" charset=\"utf-8\"><\/script><\/p>\n","protected":false},"excerpt":{"rendered":"191 d\u00edas atr\u00e1s, Carlo Ancelotti se convirti\u00f3 en el primer seleccionador extranjero de la historia de Brasil. El&hellip;\n","protected":false},"author":2,"featured_media":244677,"comment_status":"","ping_status":"","sticky":false,"template":"","format":"standard","meta":{"footnotes":""},"categories":[268],"tags":[168,25,24,280,282,281,23,167],"class_list":{"0":"post-244676","1":"post","2":"type-post","3":"status-publish","4":"format-standard","5":"has-post-thumbnail","7":"category-futbol","8":"tag-deportes","9":"tag-es","10":"tag-espana","11":"tag-football","12":"tag-futbol","13":"tag-soccer","14":"tag-spain","15":"tag-sports"},"share_on_mastodon":{"url":"https:\/\/pubeurope.com\/@es\/115576826947440030","error":""},"_links":{"self":[{"href":"https:\/\/www.europesays.com\/es\/wp-json\/wp\/v2\/posts\/244676","targetHints":{"allow":["GET"]}}],"collection":[{"href":"https:\/\/www.europesays.com\/es\/wp-json\/wp\/v2\/posts"}],"about":[{"href":"https:\/\/www.europesays.com\/es\/wp-json\/wp\/v2\/types\/post"}],"author":[{"embeddable":true,"href":"https:\/\/www.europesays.com\/es\/wp-json\/wp\/v2\/users\/2"}],"replies":[{"embeddable":true,"href":"https:\/\/www.europesays.com\/es\/wp-json\/wp\/v2\/comments?post=244676"}],"version-history":[{"count":0,"href":"https:\/\/www.europesays.com\/es\/wp-json\/wp\/v2\/posts\/244676\/revisions"}],"wp:featuredmedia":[{"embeddable":true,"href":"https:\/\/www.europesays.com\/es\/wp-json\/wp\/v2\/media\/244677"}],"wp:attachment":[{"href":"https:\/\/www.europesays.com\/es\/wp-json\/wp\/v2\/media?parent=244676"}],"wp:term":[{"taxonomy":"category","embeddable":true,"href":"https:\/\/www.europesays.com\/es\/wp-json\/wp\/v2\/categories?post=244676"},{"taxonomy":"post_tag","embeddable":true,"href":"https:\/\/www.europesays.com\/es\/wp-json\/wp\/v2\/tags?post=244676"}],"curies":[{"name":"wp","href":"https:\/\/api.w.org\/{rel}","templated":true}]}}