{"id":244680,"date":"2025-11-19T14:27:08","date_gmt":"2025-11-19T14:27:08","guid":{"rendered":"https:\/\/www.europesays.com\/es\/244680\/"},"modified":"2025-11-19T14:27:08","modified_gmt":"2025-11-19T14:27:08","slug":"tras-el-millonario-robo-el-museo-del-louvre-instalara-un-centenar-de-camaras-en-su-perimetro-y-un-puesto-movil-de-policia-en-el-interior","status":"publish","type":"post","link":"https:\/\/www.europesays.com\/es\/244680\/","title":{"rendered":"Tras el millonario robo, el museo del Louvre instalar\u00e1 un centenar de c\u00e1maras en su per\u00edmetro y un puesto m\u00f3vil de polic\u00eda en el interior"},"content":{"rendered":"<p>El <strong>millonario robo al museo del Louvre<\/strong>, en Par\u00eds, oblig\u00f3 a las autoridades a tomar decisiones para poder proteger a uno de los lugares m\u00e1s ic\u00f3nicos del arte en el mundo. Una de ellas la anunci\u00f3 este mi\u00e9rcoles la presidenta y directora del lugar, Laurence des Cars, quien detall\u00f3 que se pusieron en marcha una veintena de medidas urgentes para asegurar el museo, incluida <strong>la instalaci\u00f3n de un centenar de c\u00e1maras perimetrales y de un puesto m\u00f3vil de la Polic\u00eda en el interior<\/strong>.<\/p>\n<p>As\u00ed lo detall\u00f3 al comparecer en la comisi\u00f3n de Asuntos Culturales y de la Educaci\u00f3n de Asamblea Nacional al cumplirse justo un mes del<a href=\"https:\/\/www.clarin.com\/mundo\/contrasena-louvre-investigacion-desnuda-graves-fallas-seguridad-permitieron-robo-museo_0_Fzp9XAkD0U.html\" target=\"_blank\" title=\" impactante robo sufrido el 19 de octubre\" alt=\" impactante robo sufrido el 19 de octubre\" rel=\"nofollow noopener\"> impactante robo sufrido el 19 de octubre<\/a>, en el que se sustrajeron ocho joyas de la Corona francesa de un valor patrimonial incalculable que a\u00fan no pudieron ser recuperadas.<\/p>\n<p>El incidente desat\u00f3 una avalancha de cr\u00edticas y preocupaci\u00f3n por la seguridad y el estado del museo, recrudecidas por el reciente anuncio del <a href=\"https:\/\/www.clarin.com\/cultura\/problemas-louvre-cierran-galeria-oficinas-fragilidad-vigas_0_iXbngI55Zd.html\" target=\"_blank\" title=\"cierre de una galer\u00eda por la fragilidad de las vigas del edificio\" alt=\"cierre de una galer\u00eda por la fragilidad de las vigas del edificio\" rel=\"nofollow noopener\">cierre de una galer\u00eda por la fragilidad de las vigas del edificio<\/a>.<\/p>\n<p>Por eso, a la luz del reciente robo, indic\u00f3 que se pusieron en marcha o se aceleraron una veintena de medidas urgentes para asegurar el interior y el exterior. La instalaci\u00f3n de un centenar de c\u00e1maras perimetrales, que estar\u00e1 completada a finales de 2026, o la instalaci\u00f3n de un puesto m\u00f3vil policial dentro, son las m\u00e1s resonantes.<\/p>\n<p>Otra de ellas ser\u00e1 la creaci\u00f3n de un coordinador de seguridad adjunto a la presidencia, para tener una visi\u00f3n general sobre las necesidades para garantizar la integridad del museo.<\/p>\n<p>Des Cars incidi\u00f3, sin embargo, en que este \u00abdrama\u00bb, que <strong>admiti\u00f3 como un \u00abfracaso\u00bb<\/strong>, no debe \u00abenmascarar\u00bb los esfuerzos que se hab\u00edan venido realizando al menos desde su asunci\u00f3n en septiembre de 2021. En concreto mencion\u00f3 la creaci\u00f3n de un plan maestro de seguridad, <strong>valorado en 80 millones de euros<\/strong>, que requiri\u00f3 mucho trabajo de fondo y que debe comenzar su implementaci\u00f3n justamente en 2026.<\/p>\n<p>Tambi\u00e9n destac\u00f3 la pr\u00f3xima reapertura de la Galer\u00eda de los Cinco Continentes y las de pintura espa\u00f1ola e italiana, que fueron renovadas y que incorporan nuevos y modernos equipamientos de seguridad. Hizo hincapi\u00e9 igualmente en que estas reformas se han hecho y deben seguir haci\u00e9ndose manteniendo el museo m\u00e1s visitado del mundo \u00ababierto y accesible a todos\u00bb.<\/p>\n<p>&#13;<br \/>\nRespecto a las cr\u00edticas sobre si se privilegi\u00f3 la adquisici\u00f3n de nuevas obras y los proyectos de m\u00e1s visibilidad sobre la seguridad, relativas sobre todo a la publicaci\u00f3n hace dos semanas de un informe del Tribunal de Cuentas franc\u00e9s, Des Cars rechaz\u00f3 que haya que oponer estos dos factores y recalc\u00f3 que la incorporaci\u00f3n de piezas de gran inter\u00e9s est\u00e1 \u00aben el coraz\u00f3n de la misi\u00f3n\u00bb del museo. <\/p>\n<p>&#13;<br \/>\nDefendi\u00f3 tambi\u00e9n el denominado plan de Renacimiento del Louvre, que fue anunciado a comienzos de 2025 por el presidente franc\u00e9s, Emmanuel Macron, como soluci\u00f3n a la obsolescencia del museo, tanto por la antig\u00fcedad de las instalaciones como por el hecho de que el n\u00famero de visitantes dobla ya la capacidad para la que los actuales accesos fueron dise\u00f1ados en los ochenta. <\/p>\n<p>&#13;<br \/>\n\u00abEl proyecto Renacimiento del Louvre es la soluci\u00f3n, no el problema\u00bb, afirm\u00f3 sobre esta gran reforma, que entre sus grandes novedades prev\u00e9 una nueva entrada en el lado este del museo y una sala de exhibici\u00f3n nueva para &#8216;La Gioconda&#8217;. <\/p>\n<p>Respecto a la pol\u00e9mica desatada la v\u00edspera despu\u00e9s de que <a href=\"https:\/\/www.clarin.com\/internacional\/belgas-burlaron-seguridad-louvre-colgaron-cuadro-sala-gioconda_0_Q8Dx2uZwmP.html\" target=\"_blank\" title=\"dos tiktokers belgas colgaran un cuadro con una foto de ambos\" alt=\"dos tiktokers belgas colgaran un cuadro con una foto de ambos\" rel=\"nofollow noopener\">dos tiktokers belgas colgaran un cuadro con una foto de ambos<\/a> en la masificada sala que expone el famoso cuadro de Leonardo da Vinci, Des Cars le rest\u00f3 importancia recordando que los museos de todo el mundo batallan desde hace unos a\u00f1os con todo tipo de \u00abintervenciones\u00bb, en especial relacionadas con el ecologismo. <\/p>\n","protected":false},"excerpt":{"rendered":"El millonario robo al museo del Louvre, en Par\u00eds, oblig\u00f3 a las autoridades a tomar decisiones para poder&hellip;\n","protected":false},"author":2,"featured_media":244681,"comment_status":"","ping_status":"","sticky":false,"template":"","format":"standard","meta":{"footnotes":""},"categories":[173],"tags":[229,233,231,230,232,234,146,147,25,24,23],"class_list":{"0":"post-244680","1":"post","2":"type-post","3":"status-publish","4":"format-standard","5":"has-post-thumbnail","7":"category-arte-y-diseno","8":"tag-arte","9":"tag-arte-y-diseno","10":"tag-arts","11":"tag-arts-and-design","12":"tag-design","13":"tag-diseno","14":"tag-entertainment","15":"tag-entretenimiento","16":"tag-es","17":"tag-espana","18":"tag-spain"},"share_on_mastodon":{"url":"https:\/\/pubeurope.com\/@es\/115576834820056851","error":""},"_links":{"self":[{"href":"https:\/\/www.europesays.com\/es\/wp-json\/wp\/v2\/posts\/244680","targetHints":{"allow":["GET"]}}],"collection":[{"href":"https:\/\/www.europesays.com\/es\/wp-json\/wp\/v2\/posts"}],"about":[{"href":"https:\/\/www.europesays.com\/es\/wp-json\/wp\/v2\/types\/post"}],"author":[{"embeddable":true,"href":"https:\/\/www.europesays.com\/es\/wp-json\/wp\/v2\/users\/2"}],"replies":[{"embeddable":true,"href":"https:\/\/www.europesays.com\/es\/wp-json\/wp\/v2\/comments?post=244680"}],"version-history":[{"count":0,"href":"https:\/\/www.europesays.com\/es\/wp-json\/wp\/v2\/posts\/244680\/revisions"}],"wp:featuredmedia":[{"embeddable":true,"href":"https:\/\/www.europesays.com\/es\/wp-json\/wp\/v2\/media\/244681"}],"wp:attachment":[{"href":"https:\/\/www.europesays.com\/es\/wp-json\/wp\/v2\/media?parent=244680"}],"wp:term":[{"taxonomy":"category","embeddable":true,"href":"https:\/\/www.europesays.com\/es\/wp-json\/wp\/v2\/categories?post=244680"},{"taxonomy":"post_tag","embeddable":true,"href":"https:\/\/www.europesays.com\/es\/wp-json\/wp\/v2\/tags?post=244680"}],"curies":[{"name":"wp","href":"https:\/\/api.w.org\/{rel}","templated":true}]}}