{"id":244699,"date":"2025-11-19T14:38:11","date_gmt":"2025-11-19T14:38:11","guid":{"rendered":"https:\/\/www.europesays.com\/es\/244699\/"},"modified":"2025-11-19T14:38:11","modified_gmt":"2025-11-19T14:38:11","slug":"vota-comparte-con-el-gobierno-que-ha-actuado-contundentemente-contra-los-casos-de-corrupcion-en-sus-filas-onda-cero","status":"publish","type":"post","link":"https:\/\/www.europesays.com\/es\/244699\/","title":{"rendered":"VOTA \u00bfComparte con el Gobierno que ha actuado contundentemente contra los casos de corrupci\u00f3n en sus filas? &#8211; Onda Cero"},"content":{"rendered":"<ol>\n<li><a href=\"https:\/\/news.google.com\/rss\/articles\/CBMi4wFBVV95cUxPX2xjR3JXbFJ0S3ZuWVBJcFhvTmNCYkpTdWhwanBacEhrTFZWZGlQbHdJeU5wcVJrcThVaFNkelBDLXBYX0R6czA2OHd5ejd2UWZTbk9LbVJJTmlYTVFYeUh0MWItTl9oSGV4c3VDTlZ1LUdZUHEtYXVTSnVTZzZsZkoyU0NhQkFLYU13bHlwRUhKa2xoSjVzd19xUnFpbEU5aEU1QlZESGlDTnRQWV9VMUZhUkFyVHRXekJzM1RZZ1lUX1NoeXlzM0MxcFhmNndUcmUwZThzQ0FNVUtoT2RTZmcyc9IB4wFBVV95cUxQRWp5eXdlTnlLaW5XejYtbzZDWlBQZDRYX1RiMDFJWERTeDJ4bzQ4Z3VWZ2NVN2xmcUVma3ZXdXNZaTAycHBkZGZiVHMxQ29XTENKbDlHdEZXcWZEOF9HZ21GbjdpaVdhbUlrZGVIdHc4R19TMEwyS3F2N2FqbjUyMDY5SlI2UnduZ3pxeVVTaFBoakhwR0had3lSVTVqbnlmR1padVAxSXlVSDZlWUJlV010SEthcDBkcDI2NndreHlsYkI2LW00TjVHcW9JOWdnYW9EcFVsckNweHphQWRUWVRiOA?oc=5\" target=\"_blank\" rel=\"nofollow noopener\">VOTA \u00bfComparte con el Gobierno que ha actuado contundentemente contra los casos de corrupci\u00f3n en sus filas?<\/a>&nbsp;&nbsp;Onda Cero<\/li>\n<li><a href=\"https:\/\/news.google.com\/rss\/articles\/CBMi-wFBVV95cUxQT2ZOaWNxT2owQ09iODRQVmNDSlhDeXhWeXpHUG9sZWdyMGFPS3djSG90RS1PNkN5dWxzY0oySEpGbHpjdnZHVnFuOExTck9SWDdWNGZvY2piaGFidzQyQlhmbGdEYXVXaTdlaVc4c0VueWRHVHpCS0cySFNoYU9ucHg1MDhFSFBRSGY1MWpsY2xZNXNsczZPSk5zSDdpYXZZNHdObF94SE1nLUFtZlkwVkNiT2hONTd5Zy1waF9aV0NUUTM2bWtOS1VOR005ZnhHalI5UWNGSE5UTGl4MWVRSnJFS1l5b3dteUxCelV5TWtsaDBuUmpMMlZ4NA?oc=5\" target=\"_blank\" rel=\"nofollow noopener\">Feij\u00f3o afirma que Ferraz y La Moncloa son \u201ccloacas\u201d<\/a>&nbsp;&nbsp;EL PA\u00cdS<\/li>\n<li><a href=\"https:\/\/news.google.com\/rss\/articles\/CBMinAFBVV95cUxNM0EzeFdvdzUzcWFvaFAxb1pxN3p6YWlubDlUVzJQS0ZYWjFoWFA4NVl5emM4VklOckZVREVEYXlXNzNHZmtPYVRGR0FLeUVuUnlpdEFvSEZYM2VWYlpsdGEwVEtER3JLWjBlNkpiS3pHQ09ZdDZtRXdaaEVaeUkxa0NyU1B5VWNUM2RQR2doQ0sxN25Ma0gwNDZBc08?oc=5\" target=\"_blank\" rel=\"nofollow noopener\">Feij\u00f3o blande el informe de la UCO contra S\u00e1nchez: \u00abLa cloaca es Ferraz y la ha llevado a la Moncloa\u00bb<\/a>&nbsp;&nbsp;ABC<\/li>\n<li><a href=\"https:\/\/news.google.com\/rss\/articles\/CBMiwAFBVV95cUxOdTVwMEROUGRBM2xsdkhtdFc1S19ETWdSdjc2RW1hbmsyRUFVTmVyLW9DcGw2NXljaVBvNXNaWXdpVnNGQnBGbFVSS0FoMXBWcnVwWkt1MFA1VkptTmxvLVF2X1ppVGhJeGJEamFwb3JrR3hWd0txSHdmTzhfcDRSYkZKTGlEeDVTb3Vzb0ExeEtNeHB2Z05PME1ENWxkOU5xSFNiNHF6TlpEMC1zSklMTkd6elFFMWVtc2F0TEVyRjQ?oc=5\" target=\"_blank\" rel=\"nofollow noopener\">S\u00e1nchez y Feij\u00f3o se echan en cara los esc\u00e1ndalos de corrupci\u00f3n que azotan al PP y al PSOE<\/a>&nbsp;&nbsp;La Vanguardia<\/li>\n<li><a href=\"https:\/\/news.google.com\/rss\/articles\/CBMiygFBVV95cUxNclpDTkxiOERPc0UzVUtMSmVXUTlFZzhNRlhsbTlPNGg1YUgzdFB0WjJpMDBjZXhkTlgtWC04bkJNTnRnSVdmWmRocGd4T21vU2JBaHVoSWw2RHRYTjBYSlFkSk1GbWEyTXQ1T2J0eEE1M0tMdElsTWdHeUdDUURQRE9wX1E2M3VaSnktbkI2Tmwyd0hkWVNYcF9LXzdSWUxrb2sxSU9aemVENHBNd2V6cENGeEJDYzEtOUhFRXRQMHVxWVhJUmJncnR30gHPAUFVX3lxTE93ZTM5VktvbDVYT1AxdDVnc0Y0bEFGY0xtTGVOam5UeVdCNFp5X3FYVk5iLU9vM2FtcTVhdERvQ0pLeC1JbUlxRmhKNW9Mc2Jkc05KaWFEUTVJbVhEWHpSMUlCWVdRcGVjRHV5Sy1CWU5JdlU3WVZtTzFxZ0tqN3l5eVE3OE5EeUREaG9fV2tEdVoxS21IUER5bjVQY1JqY05hcG0weGZSS0lvOHQyeGViTS0xV3hvYzlXLVZnOUd2aWhtSEhNeWowZ04wTkJ2bw?oc=5\" target=\"_blank\" rel=\"nofollow noopener\">S\u00e1nchez se defiende de los ataques de Feij\u00f3o por el &#8216;caso Cerd\u00e1n&#8217; record\u00e1ndole que \u00e9l \u00ablleva un a\u00f1o aplaudiendo a Maz\u00f3n\u00bb<\/a>&nbsp;&nbsp;Diario P\u00fablico<\/li>\n<\/ol>\n","protected":false},"excerpt":{"rendered":"VOTA \u00bfComparte con el Gobierno que ha actuado contundentemente contra los casos de corrupci\u00f3n en sus filas?&nbsp;&nbsp;Onda Cero&hellip;\n","protected":false},"author":2,"featured_media":244700,"comment_status":"","ping_status":"","sticky":false,"template":"","format":"standard","meta":{"footnotes":""},"categories":[8],"tags":[17,18,25,24,13,14,11,19,20,9,10,15,16,23,12,21,22],"class_list":{"0":"post-244699","1":"post","2":"type-post","3":"status-publish","4":"format-standard","5":"has-post-thumbnail","7":"category-espana","8":"tag-breaking-news","9":"tag-breakingnews","10":"tag-es","11":"tag-espana","12":"tag-featured-news","13":"tag-featurednews","14":"tag-headlines","15":"tag-latest-news","16":"tag-latestnews","17":"tag-news","18":"tag-noticias","19":"tag-noticias-destacadas","20":"tag-noticiasdestacadas","21":"tag-spain","22":"tag-titulares","23":"tag-ultimas-noticias","24":"tag-ultimasnoticias"},"share_on_mastodon":{"url":"","error":""},"_links":{"self":[{"href":"https:\/\/www.europesays.com\/es\/wp-json\/wp\/v2\/posts\/244699","targetHints":{"allow":["GET"]}}],"collection":[{"href":"https:\/\/www.europesays.com\/es\/wp-json\/wp\/v2\/posts"}],"about":[{"href":"https:\/\/www.europesays.com\/es\/wp-json\/wp\/v2\/types\/post"}],"author":[{"embeddable":true,"href":"https:\/\/www.europesays.com\/es\/wp-json\/wp\/v2\/users\/2"}],"replies":[{"embeddable":true,"href":"https:\/\/www.europesays.com\/es\/wp-json\/wp\/v2\/comments?post=244699"}],"version-history":[{"count":0,"href":"https:\/\/www.europesays.com\/es\/wp-json\/wp\/v2\/posts\/244699\/revisions"}],"wp:featuredmedia":[{"embeddable":true,"href":"https:\/\/www.europesays.com\/es\/wp-json\/wp\/v2\/media\/244700"}],"wp:attachment":[{"href":"https:\/\/www.europesays.com\/es\/wp-json\/wp\/v2\/media?parent=244699"}],"wp:term":[{"taxonomy":"category","embeddable":true,"href":"https:\/\/www.europesays.com\/es\/wp-json\/wp\/v2\/categories?post=244699"},{"taxonomy":"post_tag","embeddable":true,"href":"https:\/\/www.europesays.com\/es\/wp-json\/wp\/v2\/tags?post=244699"}],"curies":[{"name":"wp","href":"https:\/\/api.w.org\/{rel}","templated":true}]}}