{"id":244701,"date":"2025-11-19T14:39:15","date_gmt":"2025-11-19T14:39:15","guid":{"rendered":"https:\/\/www.europesays.com\/es\/244701\/"},"modified":"2025-11-19T14:39:15","modified_gmt":"2025-11-19T14:39:15","slug":"tres-nuevas-catedraticas-toman-posesion-en-la-universidad-de-cantabria","status":"publish","type":"post","link":"https:\/\/www.europesays.com\/es\/244701\/","title":{"rendered":"Tres nuevas catedr\u00e1ticas toman posesi\u00f3n en la Universidad de Cantabria"},"content":{"rendered":"<p>La rectora de la Universidad de Cantabria (UC),\u00a0<strong>Conchi L\u00f3pez<\/strong>, ha presidido la toma de posesi\u00f3n de tres nuevas catedr\u00e1ticas de la instituci\u00f3n, en un acto que ha tenido lugar esta ma\u00f1ana en la sala Rector Jord\u00e1, en el Pabell\u00f3n de Gobierno, con la asistencia de numerosos compa\u00f1eros y compa\u00f1eras y el secretario general,\u00a0<strong>Julio \u00c1lvarez.<\/strong><\/p>\n<p>Las tres nuevas catedr\u00e1ticas son\u00a0<a href=\"https:\/\/web.unican.es\/portal-investigador\/personal-investigador\/detalle-investigador?i=D197AE24439B910A\" rel=\"nofollow noopener\" target=\"_blank\"><strong>Consuelo Arranz<\/strong><\/a>\u00a0en el \u00e1rea de conocimiento de Derecho Financiero y Tributario, adscrita al Departamento de Derecho P\u00fablico;\u00a0<a href=\"https:\/\/web.unican.es\/portal-investigador\/personal-investigador\/detalle-investigador?i=D60AC7BA1FE2A3FA\" rel=\"nofollow noopener\" target=\"_blank\"><strong>Silvia Acerbi<\/strong><\/a>, en el\u00a0de Historia Antigua y\u00a0<a href=\"https:\/\/web.unican.es\/portal-investigador\/personal-investigador\/detalle-investigador?i=2815E3A393613382\" rel=\"nofollow noopener\" target=\"_blank\"><strong>Susana Guijarro<\/strong><\/a>, en el \u00e1rea de Historia Medieval, adscritas estas dos \u00faltimas al Departamento de Ciencias Hist\u00f3ricas.\u00a0<\/p>\n<p><strong>Consuelo Arranz de Andr\u00e9s<\/strong>\u00a0es licenciada en Derecho, con premio al mejor expediente de la VIII Promoci\u00f3n de la Facultad de Derecho de la Universidad de Cantabria, y doctora en Derecho con calificaci\u00f3n sobresaliente cum laude por la misma universidad. Su tesis doctoral fue reconocida en la IV edici\u00f3n de los Premios de Investigaci\u00f3n del Consejo Social de la Universidad de Cantabria por la Mejor Tesis presentada en el \u00c1rea de Ciencias Sociales y Jur\u00eddicas.<\/p>\n<p>A lo largo de su trayectoria investigadora ha sido autora de numerosas publicaciones, as\u00ed como miembro, de manera continuada, de proyectos de investigaci\u00f3n de I+D+i, de \u00e1mbito nacional y concurrencia competitiva, as\u00ed como de proyectos orientados a la transferencia del conocimiento.\u00a0\u00a0<\/p>\n<p><img decoding=\"async\" src=\"https:\/\/www.europesays.com\/es\/wp-content\/uploads\/2025\/11\/20251119_consuelo_arranz_480.jpg\" alt=\"\" style=\"margin:5px;\"\/>\u00a0<\/p>\n<p>Foto: Consuelo Arranz en un momento de la toma de posesi\u00f3n.<\/p>\n<p>Ha realizado estancias de investigaci\u00f3n en centros de reconocido prestigio como la Universidad de Bolonia y la brit\u00e1nica London School of Economics and Political Sciences. En 2010 fue ganadora de la Segunda Edici\u00f3n del Premio de Fiscalidad Internacional \u201cUniversidad Aut\u00f3noma\/CISS\/Deloitte por el trabajo \u201cFiscalidad de los planes de pensiones transnacionales o transfronterizos en el IRPF e IRNR\u00bb.\u00a0<\/p>\n<p>Adem\u00e1s de su labor docente e investigadora, ha ocupado cargos acad\u00e9micos diversos, habiendo sido Directora de los Cursos de Verano de la Universidad de Cantabria (sede de Reoc\u00edn), Vicerrectora de Difusi\u00f3n del Conocimiento y Participaci\u00f3n Social y Vicerrectora de Estudiantes y Emprendimiento de la Universidad de Cantabria.\u00a0\u00a0\u00a0<\/p>\n<p><strong>Susana Guijarro Gonz\u00e1lez<\/strong>\u00a0es profesora de Historia Medieval en la Universidad de Cantabria. Tras doctorarse en esta universidad (1992), obtuvo una Beca Postdoctoral al Extranjero del Ministerio de Educaci\u00f3n y Ciencia con destino en la Universidad de Michigan (College of Literature, Sciences and the Arts. Department of History) donde desarroll\u00f3 durante tres a\u00f1os un estudio comparativo de las escuelas y la transmisi\u00f3n del conocimiento en la Europa medieval. Desde su reincorporaci\u00f3n a la Universidad de Cantabria en 1995, su investigaci\u00f3n se ha centrado en varios aspectos del clero y la Iglesia medieval en el Reino de Castilla.\u00a0\u00a0<\/p>\n<p>A partir de la obtenci\u00f3n de un contrato de investigaci\u00f3n Ram\u00f3n y Cajal en la convocatoria 2003 su investigaci\u00f3n se ha desarrollado en el marco de 5 proyectos del Plan Nacional de I+D (Agencia Estatal de Investigaci\u00f3n) de los que ha sido investigadora principal y directora del grupo de i+D\u00a0\u00a0de la UC, Cultura, Poder y redes sociales en la Castilla medieval y moderna. Fruto de estos proyectos y en relaci\u00f3n con el estudio, en primer lugar, de la dimensi\u00f3n cultural del clero (formaci\u00f3n, escuelas catedralicias, universidades y bibliotecas eclesi\u00e1sticas) son, entre otros, sus libros Maestros, escuelas y libros. El universo cultural de las catedrales en la Castilla Medieval, Madrid, Universidad Carlos III-ed. Dykinson, 2004 y Ense\u00f1anza, Saberes y universidades en la Europa medieval, Madrid, S\u00edntesis, 2018.\u00a0\u00a0<\/p>\n<p><img decoding=\"async\" src=\"https:\/\/www.europesays.com\/es\/wp-content\/uploads\/2025\/11\/20251119_susana_guijarro_480.jpg\" alt=\"\" style=\"margin:5px;\"\/>\u00a0<\/p>\n<p>Foto: Susana Guijarro el el momento de su toma de posesi\u00f3n.<\/p>\n<p>En segundo lugar y en relaci\u00f3n con la dimensi\u00f3n social, se ha interesado por el clero catedralicio como \u00e9lite de poder (redes mecenazgo y clientelismo) y por la creaci\u00f3n de normas sociales a partir del ideal disciplina difundido por la Iglesia medieval, como puede verse en su art\u00edculo \u201cThe Monastic Ideal of Disciplin and the Making of Clerical Rules in Late Medieval Castile\u00bb Journal of Medieval Monastic Studies, Brepols, 2 (2013), pp. 110-131.\u00a0<\/p>\n<p>En tercer lugar y en relaci\u00f3n con la dimensi\u00f3n institucional del clero, ha abordado el papel desempe\u00f1ado por los obispos y el clero diocesano en la configuraci\u00f3n de los espacios de poder eclesi\u00e1stico (desde la parroquia hasta la di\u00f3cesis) y en la construcci\u00f3n de la autoridad episcopal en la Castilla medieval septentrional (Di\u00f3cesis de Burgos, principalmente) como puede verse en su trabajo \u201cPower, Culture and Ecclesiastical Reform in Late Medieval Castile: The Bishop of Burgos Luis de Acu\u00f1a (1456-1495)\u00bb, Bishops&#8217; Identities, Careers and Networks, Brepols, Turnhout -Belgium, 2020.\u00a0<\/p>\n<p>En la actualidad es coordinadora del M\u00e1ster del Mediterr\u00e1neo al Atl\u00e1ntico. La construcci\u00f3n de Europa en el mundo antiguo y medieval y directora del Aula de Patrimonio Cultural de la Universidad de Cantabria.<\/p>\n<p><strong>Silvia Acerbi<\/strong><strong>\u00a0<\/strong>es licenciada en Filolog\u00eda Cl\u00e1sica por la Universidad de Bolonia. Lleg\u00f3 a la Universidad de Cantabria en 1994 con una beca de especializaci\u00f3n del Ministerio Italiano para integrarse en un grupo de investigaci\u00f3n liderado por Ram\u00f3n Teja, bajo cuya direcci\u00f3n se doctor\u00f3 en Historia Antigua en el a\u00f1o 2000.\u00a0\u00a0<\/p>\n<p><img decoding=\"async\" src=\"https:\/\/www.europesays.com\/es\/wp-content\/uploads\/2025\/11\/20251119_silvia_acerb_480i.jpg\" alt=\"\" style=\"margin:5px;\"\/>\u00a0<\/p>\n<p>Foto: Silvia Acerbi tomando posesi\u00f3n.<\/p>\n<p>Ha sido investigadora Ram\u00f3n y Cajal desde 2004 a 2008, contratada doctora con perfil Investigador (I3) desde 2009 a 2010, y, sucesivamente, profesora titular en el \u00e1rea de Historia Antigua del Departamento de Ciencias Hist\u00f3ricas.<\/p>\n<p>Su investigaci\u00f3n se ha centrado en los conflictos pol\u00edticos y eclesi\u00e1sticos en el Mediterr\u00e1neo tardo-antiguo, en el estudio del Papado romano, de la Pentarqu\u00eda y de los Concilios Ecum\u00e9nicos del siglo V y en temas relativos al tr\u00e1nsito entre paganismo y cristianismo grecorromano. Tambi\u00e9n su docencia de Grado y M\u00e1ster se desarrolla en el \u00e1mbito de las principales religiones del mundo antiguo. Tiene m\u00e1s de 120 publicaciones a su activo, entre art\u00edculos y cap\u00edtulos de libros; es adem\u00e1s autora de cinco monograf\u00edas cient\u00edficas y coeditora de cinco obras colectivas.<\/p>\n<p>Ha dirigido cuatro Proyectos de I+D+I y una Acci\u00f3n Integrada hispano-italiana, y ha participado en otros ocho proyectos nacionales e internacionales. Ha realizado numerosas estancias de investigaci\u00f3n, especialmente en Universidades alemanas &#8211; Tubinga, Heidelberg, Berl\u00edn-Potsdam y M\u00fanich &#8211; e italianas, participando en varios comit\u00e9s cient\u00edficos y de evaluaci\u00f3n de la investigaci\u00f3n. Ha dirigido cuatro Tesis Doctorales, y otras tres se encuentran en fase de elaboraci\u00f3n. Tiene reconocidos 5 sexenios de investigaci\u00f3n, y 5 quinquenios docentes.<\/p>\n<p>\u00a0\u00a0<\/p>\n<p>Foto: De izquierda a derecha, Conchi L\u00f3pez, Silvia Acerbi, Consuelo Arranz, Susana Guijarro y Julio \u00c1lvarez.\u00a0<\/p>\n","protected":false},"excerpt":{"rendered":"La rectora de la Universidad de Cantabria (UC),\u00a0Conchi L\u00f3pez, ha presidido la toma de posesi\u00f3n de tres nuevas&hellip;\n","protected":false},"author":2,"featured_media":244702,"comment_status":"","ping_status":"","sticky":false,"template":"","format":"standard","meta":{"footnotes":""},"categories":[5],"tags":[17,18,2771,25,24,13,14,11,19,20,9,10,15,16,964,23,12,10956,21,22,2845],"class_list":{"0":"post-244701","1":"post","2":"type-post","3":"status-publish","4":"format-standard","5":"has-post-thumbnail","7":"category-titulares","8":"tag-breaking-news","9":"tag-breakingnews","10":"tag-cantabria","11":"tag-es","12":"tag-espana","13":"tag-featured-news","14":"tag-featurednews","15":"tag-headlines","16":"tag-latest-news","17":"tag-latestnews","18":"tag-news","19":"tag-noticias","20":"tag-noticias-destacadas","21":"tag-noticiasdestacadas","22":"tag-santander","23":"tag-spain","24":"tag-titulares","25":"tag-torrelavega","26":"tag-ultimas-noticias","27":"tag-ultimasnoticias","28":"tag-universidad"},"share_on_mastodon":{"url":"https:\/\/pubeurope.com\/@es\/115576882357533608","error":""},"_links":{"self":[{"href":"https:\/\/www.europesays.com\/es\/wp-json\/wp\/v2\/posts\/244701","targetHints":{"allow":["GET"]}}],"collection":[{"href":"https:\/\/www.europesays.com\/es\/wp-json\/wp\/v2\/posts"}],"about":[{"href":"https:\/\/www.europesays.com\/es\/wp-json\/wp\/v2\/types\/post"}],"author":[{"embeddable":true,"href":"https:\/\/www.europesays.com\/es\/wp-json\/wp\/v2\/users\/2"}],"replies":[{"embeddable":true,"href":"https:\/\/www.europesays.com\/es\/wp-json\/wp\/v2\/comments?post=244701"}],"version-history":[{"count":0,"href":"https:\/\/www.europesays.com\/es\/wp-json\/wp\/v2\/posts\/244701\/revisions"}],"wp:featuredmedia":[{"embeddable":true,"href":"https:\/\/www.europesays.com\/es\/wp-json\/wp\/v2\/media\/244702"}],"wp:attachment":[{"href":"https:\/\/www.europesays.com\/es\/wp-json\/wp\/v2\/media?parent=244701"}],"wp:term":[{"taxonomy":"category","embeddable":true,"href":"https:\/\/www.europesays.com\/es\/wp-json\/wp\/v2\/categories?post=244701"},{"taxonomy":"post_tag","embeddable":true,"href":"https:\/\/www.europesays.com\/es\/wp-json\/wp\/v2\/tags?post=244701"}],"curies":[{"name":"wp","href":"https:\/\/api.w.org\/{rel}","templated":true}]}}