{"id":244711,"date":"2025-11-19T14:50:09","date_gmt":"2025-11-19T14:50:09","guid":{"rendered":"https:\/\/www.europesays.com\/es\/244711\/"},"modified":"2025-11-19T14:50:09","modified_gmt":"2025-11-19T14:50:09","slug":"ricardo-galan-urrejola-celebra-30-anos-de-arte-en-la-galeria-benot","status":"publish","type":"post","link":"https:\/\/www.europesays.com\/es\/244711\/","title":{"rendered":"Ricardo Gal\u00e1n Urr\u00e9jola celebra 30 a\u00f1os de arte en la Galer\u00eda Benot"},"content":{"rendered":"<p class=\"paragraph-atom&#10;        &#10;        B-510-400-550-N B-525-400-700-N--md&#10;        &#10;        \">\n    El arte, en may\u00fasculas, cumple a\u00f1os en la Galer\u00eda Benot. Tres d\u00e9cadas de colaboraci\u00f3n, trabajo, amistad y complicidad que se materializan en <strong>la exposici\u00f3n \u2018Urr\u00e9jola\u2019, que este jueves se inaugura en la sala gaditana hist\u00f3ricamente regentada por Rafael Benot.<\/strong>\n    <\/p>\n<p class=\"paragraph-atom&#10;        &#10;        B-510-400-550-N B-525-400-700-N--md&#10;        &#10;        \">\n    Un total de 24 obras exquisitamente seleccionadas de la producci\u00f3n m\u00e1s reciente de la larga trayectoria del pintor de las ciudades forman parte de esta muestra de \u201ccumplea\u00f1os feliz\u201d. Una muestra desde la que ahonda en cada uno de los entornos que nos acunan como colectivo y nos sostienen en sociedad, desde<strong> la perspectiva evolutiva de su propia mirada,<\/strong> que tantas veces ha impregnado la Galer\u00eda Benot. \u201cEn el desarrollo de este tema ha habido una evoluci\u00f3n de la mirada,  pues hace muchos a\u00f1os se situaba m\u00e1s cerca de espacios peque\u00f1os, de los denominados detalles urbanos, una esquina coqueta en el centro, un autob\u00fas, un buz\u00f3n de correos&#8230; , pero ahora se ha ampliado mucho\u201d, avanza de una exposici\u00f3n que recoge lo mucho que han crecido \u201clas ciudades y las sociedades, que resultan ahora mucho m\u00e1s sorprendentes y variopintas\u201d. Por eso, explica el veterano art\u00edfice, \u201caquellas escenas contenidas sobre espacios reducidos han pasado a escenarios mucho mayores, capaces de acoger en un cuadro visiones m\u00e1s amplias y llenas de informaci\u00f3n sobre nuestra forma de vivir en las grandes urbes\u201d.\n    <\/p>\n<p class=\"paragraph-atom&#10;        &#10;        B-510-400-550-N B-525-400-700-N--md&#10;        &#10;        \">\n    El mundo Urr\u00e9jola se alinea art\u00edsticamente con las avenidas inmensas que se abren horizontalmente y son observadas desde el cielo en una toma cenital; en espacios llenos de vida urbana, luces y colores poderosos que acaparan nuestra atenci\u00f3n entre la corriente de coches, las personas que caminan hacia qui\u00e9n sabe d\u00f3nde, o los enormes edificios que compiten por llegar al cielo mientras proyectan sombras que \u00aben contacto con la luz del sol construyen los juegos que habilitan el desarrollo de mi trabajo pict\u00f3rico\u201d, explica. Una mirada m\u00e1s amplia, en la c\u00faspide de la madurez, que es la que brinda la propia experiencia, \u201ctanto objetiva como conceptual, que me ha permitido desarrollar mejor la pintura, la intuici\u00f3n y el ejercicio libre del oficio\u201d, se\u00f1ala. Adem\u00e1s de conferir \u201cuna estructura m\u00e1s compleja del pensamiento art\u00edstico o, por decirlo de otra manera, una conciencia mejor elaborada de lo que puede aportarme la pintura o de lo que puedo intentar aportar personalmente yo a la pintura\u201d.\n    <\/p>\n<p class=\"paragraph-atom&#10;        &#10;        B-510-400-550-N B-525-400-700-N--md&#10;        &#10;        \">\n    Porque Gal\u00e1n Urr\u00e9jola siempre quiere dar un paso m\u00e1s, como esa evoluci\u00f3n personal de sus grandes urbes y composiciones, las que sobrevuelan el r\u00edo Hudson en Manhattan, penetran un t\u00fanel londinense, desembocan en los bordes del r\u00edo T\u00e1mesis, pasean por las tardes de Madrid o amerizan en una barcaza sobre un canal de \u00c1msterdam para admirar desde ella el gran edificio rojo. Un viaje de ida y vuelta por las grandes ciudades del mundo desde la que siempre ha sido su casa en C\u00e1diz, la Galer\u00eda Benot, la de su amigo Fali Benot, con el que vuelve a firmar otra exposici\u00f3n, otro v\u00ednculo, otro de los compromisos que han moldeado \u201ceste entendimiento que se prolonga felizmente en el tiempo\u201d, apunta el pintor. Y es que, \u201cmucho tiempo de vivencias y trabajo tambi\u00e9n es mucho tiempo de magn\u00edfico entendimiento que ha propiciado crecer en el dif\u00edcil mundillo art\u00edstico, para estar y permanecer en las mejores \u00e9pocas y, sobre todo, en las de mayores dificultades\u201d. Una receta, concluye, \u201cque quiz\u00e1s se componga de trabajo, respeto, confianza y una buena dosis de creatividad. Pero, sobre todo, de una creencia absoluta de que todo va a ir bien y en ello seguimos\u201d. Feliz cumplea\u00f1os Urr\u00e9jola&amp;Benot.\n    <\/p>\n","protected":false},"excerpt":{"rendered":"El arte, en may\u00fasculas, cumple a\u00f1os en la Galer\u00eda Benot. Tres d\u00e9cadas de colaboraci\u00f3n, trabajo, amistad y complicidad&hellip;\n","protected":false},"author":2,"featured_media":244712,"comment_status":"","ping_status":"","sticky":false,"template":"","format":"standard","meta":{"footnotes":""},"categories":[173],"tags":[1881,988,229,233,231,230,62637,6951,232,234,146,147,25,24,27853,9192,23,62636],"class_list":{"0":"post-244711","1":"post","2":"type-post","3":"status-publish","4":"format-standard","5":"has-post-thumbnail","7":"category-arte-y-diseno","8":"tag-1881","9":"tag-anos","10":"tag-arte","11":"tag-arte-y-diseno","12":"tag-arts","13":"tag-arts-and-design","14":"tag-benot","15":"tag-celebra","16":"tag-design","17":"tag-diseno","18":"tag-entertainment","19":"tag-entretenimiento","20":"tag-es","21":"tag-espana","22":"tag-galan","23":"tag-galeria","24":"tag-spain","25":"tag-urrejola"},"share_on_mastodon":{"url":"https:\/\/pubeurope.com\/@es\/115576925270418054","error":""},"_links":{"self":[{"href":"https:\/\/www.europesays.com\/es\/wp-json\/wp\/v2\/posts\/244711","targetHints":{"allow":["GET"]}}],"collection":[{"href":"https:\/\/www.europesays.com\/es\/wp-json\/wp\/v2\/posts"}],"about":[{"href":"https:\/\/www.europesays.com\/es\/wp-json\/wp\/v2\/types\/post"}],"author":[{"embeddable":true,"href":"https:\/\/www.europesays.com\/es\/wp-json\/wp\/v2\/users\/2"}],"replies":[{"embeddable":true,"href":"https:\/\/www.europesays.com\/es\/wp-json\/wp\/v2\/comments?post=244711"}],"version-history":[{"count":0,"href":"https:\/\/www.europesays.com\/es\/wp-json\/wp\/v2\/posts\/244711\/revisions"}],"wp:featuredmedia":[{"embeddable":true,"href":"https:\/\/www.europesays.com\/es\/wp-json\/wp\/v2\/media\/244712"}],"wp:attachment":[{"href":"https:\/\/www.europesays.com\/es\/wp-json\/wp\/v2\/media?parent=244711"}],"wp:term":[{"taxonomy":"category","embeddable":true,"href":"https:\/\/www.europesays.com\/es\/wp-json\/wp\/v2\/categories?post=244711"},{"taxonomy":"post_tag","embeddable":true,"href":"https:\/\/www.europesays.com\/es\/wp-json\/wp\/v2\/tags?post=244711"}],"curies":[{"name":"wp","href":"https:\/\/api.w.org\/{rel}","templated":true}]}}