{"id":244715,"date":"2025-11-19T14:53:13","date_gmt":"2025-11-19T14:53:13","guid":{"rendered":"https:\/\/www.europesays.com\/es\/244715\/"},"modified":"2025-11-19T14:53:13","modified_gmt":"2025-11-19T14:53:13","slug":"la-inquietante-relacion-entre-ariana-grande-y-cynthia-erivo-amistad-sobreproteccion-y-un-pacto-inquebrantable-la-voz-de-galicia","status":"publish","type":"post","link":"https:\/\/www.europesays.com\/es\/244715\/","title":{"rendered":"La inquietante relaci\u00f3n entre Ariana Grande y Cynthia Erivo: amistad, sobreprotecci\u00f3n y un pacto inquebrantable &#8211; La Voz de Galicia"},"content":{"rendered":"<ol>\n<li><a href=\"https:\/\/news.google.com\/rss\/articles\/CBMiiAJBVV95cUxPUUk0RmQyUEJHVEdFejdqQm9Dd08tWU42VFduUTdudHFocnBUdE1mZEFUOWc3ZTJFNjlITlFfdEo1cnNTd1BxRkIwYjFXOTNBQ3B2T2xYbldBUjVSWFpNRVhaSnNoOWo1WnIyMVlmbFRYVEhyQXNLZ2hDWUR5NUd6RlZTaHFCZkZiSXVTYjlJN0pFRWlteWN1ZmlKeVZVTEI4VE9wWDBTNUhkT3ZuUndneC1oZkRWeU5RN0tVc05nbEY5Y0lJbkUyWlhxSE5laWI5SGYxa2xtbGJmR2txajdSTTU2OWJZazZfQU1ITDdQNTFjYXNnM0tacVV6cl9TZW1TbnlQNll4VTXSAaQCQVVfeXFMTVduOXd4WURKWGdfd3ZUeWpfa0xCcmF1eDZzdUFMcUhVTmRYNFBPVW1HNmJIeUEtRi01Qjd1cEpsOVVYS3hRR0ZMdF8zZlBVRVEzd2ZpWDIyZU5VUzdSUUczcWxzMEVIWEdPRDFzMU90U0U3QkFLcC1IRWNmTXZUVnRMQ2FRWGNpNkt1OHBrenJ3VXIwRy0zcUppNFAwcllYSzM4c0c5R1FGU2oybDVFdUtEc1FzUE5YZWZQT3dZT2s3dWI3SGhCdGRaWXg3S1dYWm9CWVVCN05rUlREVzVscW9vREJfZXJkODdqZTZlVkdZS19LaDd0MjlKRFhzR0hOcmVPclFPUGdaVElYaGhsd1pFY2tZQmdWajNfLV91X2JKTVBnaw?oc=5\" target=\"_blank\" rel=\"nofollow noopener\">La inquietante relaci\u00f3n entre Ariana Grande y Cynthia Erivo: amistad, sobreprotecci\u00f3n y un pacto inquebrantable<\/a>&nbsp;&nbsp;La Voz de Galicia<\/li>\n<li><a href=\"https:\/\/news.google.com\/rss\/articles\/CBMi4wFBVV95cUxPMHNnSkdnRnNkcGN2RzdTNElJRmhJcmlYb2JIVC1HQlplaW1KbzR3akR3WTRDeDJDaF9ZWlBjOTdBdGpsTF9meEJOeGdVcjFodHUtUW1RUnc5RnhYVXpzU0ttN0hXakdsc0JpRkxta0I1UURhcnd4b0hkOVUteURkSXFJUnBpQWxyczdGTEpOTnRlcnpqanVnZkNXX2dZUHVwS0Zxdm1MaHdnRmRVTkx4N2h2RzZEa2k5V2lpdVdlU0JwSDN6QUtZT0lOUjRTd1NRbURoelhuakUwSHo0ZmlKYS1pbw?oc=5\" target=\"_blank\" rel=\"nofollow noopener\">Por qu\u00e9 Ariana Grande y Cynthia Erivo est\u00e1n siempre agarr\u00e1ndose cari\u00f1osamente durante la promoci\u00f3n de \u2018Wicked\u2019<\/a>&nbsp;&nbsp;EL PA\u00cdS<\/li>\n<li><a href=\"https:\/\/news.google.com\/rss\/articles\/CBMigAJBVV95cUxPaXM1UHpyaUI1ZkdYV3doNUFSeF9nbElYc215NllHUzRzWm1sYzNxb0I1SkNKNTEtQk5peUFGSF9JRDJmSFlPaVdxLW4xa3RURVB2S1F3MXZFY2l5YkNOWVRLVk50WC1ERmMzLXM4ZV92UmM3NE16UWNwWFFpaUFYUXlpUVg5RWZJSl9fNXhHYnVoU0VpTUxFZW5UdDJKVHo1MXMweGlRRUdRSDkyd3hRSHk2eF90R2FJa0dUNXBVWkZIcFdabHJLZFJpbjMxa180UmpOOFUyWWJvZExubDJHX3VHajFzbzQ3X2o4clBZay1rTzNqdEJKQ1U3a2VXcW9w0gGUAkFVX3lxTE8waWpOcXoxcnlnd2NWdXhSRU8zLTktU3Z6UHdnNDBVYW9XalRZZ3hLai1RSjRGY2N0VVlkTVJqQkc2a1ZtTm5oUV9HSUJhb3hLTTl1ZlluVGhKVk4wVlZOakpuYi1YejhrYzhFd1dUMS1tUWhjcVpkdWlvdG9oOW0yMmlzd212WFR1SWJvTFEwdGxYdU5FRExOaWc0RXJvYTQ1YkdOcVVfQzdLdGtWVTRVamdCakpWbFJrbzAyaXhveWY2NFVSeUFWMm00b1lOQVdsNVVxZk1LZy1aREttSkRjR0cyOGNfVkVTYjRGZ3FvU3hqd29vVFBZejFSa0FRTFhGdkpEUEc1dWoxWk16N2lFTy1aUg?oc=5\" target=\"_blank\" rel=\"nofollow noopener\">Condenan a nueve d\u00edas de c\u00e1rcel al fan que se abalanz\u00f3 sobre Ariana Grande en el estreno de &#8216;Wicked 2&#8217; en Singapur<\/a>&nbsp;&nbsp;Cadena SER<\/li>\n<li><a href=\"https:\/\/news.google.com\/rss\/articles\/CBMitwFBVV95cUxQTDZTdWs5VVA4NVBBR3RNYlJQOTdhclJWck9ZdE1FbXZuanVIcGJnLXNfZHRPZFlCR21tcVRGUGIzbGN5dDl5MGZ6S3JGc2QtZXhLMWx6eGhLaGdUWlRXNW9LQjF0R1JwWjkyM1FKTzdoUFZlcEpUOWsyMFlrNUJaM0FWdERVNXo0c2N2TWhOMXJaVkxETVR6Wk1tcEZDRm44OF96V2xoeHNGMDcxZlExaWlrd2lxUm8?oc=5\" target=\"_blank\" rel=\"nofollow noopener\">Cynthia Erivo se hace viral despu\u00e9s de ser &#8216;guardaespaldas por un d\u00eda&#8217; de Ariana Grande<\/a>&nbsp;&nbsp;Diario Sur<\/li>\n<li><a href=\"https:\/\/news.google.com\/rss\/articles\/CBMilwFBVV95cUxNVkxMUWt5akRTU25VUGFweEdMS29KUDUzT0JQQXdpTGp1NkR6V3ZsNFAxbndfcGRhSU1lME96Si01V1RicjhDaEcxeGRoLVNKZzNNR0l4cDZUbWYyWDJBTXFSdnF0TlF3Ukh3MmRJOFkzYzBkNEFlLXZXNEVFX3F0OEpETFBqWEJvV3dtclk0WUFBQ3F1LTdZ0gGcAUFVX3lxTE9JMUFWb1M4bHZpUEN1VXgtNHFlQXBQdDh2OVRPQnNVT0xaQmNscjhwc1hSVHdXNmJRS21zUDZCSlRobllXbEh0QzdnbVRyOTJTYy12dHdmTFRKelRCY1pJaE9GSjV1TkZJUDZmU043MnJ6LXdYUDI3TGdhd1lIWUl0bS0xQ2drc0hGQ2ExT1pzY1hXWFRDNjdURXladg?oc=5\" target=\"_blank\" rel=\"nofollow noopener\">Qu\u00e9 pasa entre Ariana Grande y Cynthia Erivo: sobreprotecci\u00f3n, bulos o una amistad intensa<\/a>&nbsp;&nbsp;The Objective<\/li>\n<\/ol>\n","protected":false},"excerpt":{"rendered":"La inquietante relaci\u00f3n entre Ariana Grande y Cynthia Erivo: amistad, sobreprotecci\u00f3n y un pacto inquebrantable&nbsp;&nbsp;La Voz de Galicia&hellip;\n","protected":false},"author":2,"featured_media":244716,"comment_status":"","ping_status":"","sticky":false,"template":"","format":"standard","meta":{"footnotes":""},"categories":[170],"tags":[177,146,147,25,24,184,185,23],"class_list":{"0":"post-244715","1":"post","2":"type-post","3":"status-publish","4":"format-standard","5":"has-post-thumbnail","7":"category-musica","8":"tag-cine","9":"tag-entertainment","10":"tag-entretenimiento","11":"tag-es","12":"tag-espana","13":"tag-music","14":"tag-musica","15":"tag-spain"},"share_on_mastodon":{"url":"https:\/\/pubeurope.com\/@es\/115576937045537376","error":""},"_links":{"self":[{"href":"https:\/\/www.europesays.com\/es\/wp-json\/wp\/v2\/posts\/244715","targetHints":{"allow":["GET"]}}],"collection":[{"href":"https:\/\/www.europesays.com\/es\/wp-json\/wp\/v2\/posts"}],"about":[{"href":"https:\/\/www.europesays.com\/es\/wp-json\/wp\/v2\/types\/post"}],"author":[{"embeddable":true,"href":"https:\/\/www.europesays.com\/es\/wp-json\/wp\/v2\/users\/2"}],"replies":[{"embeddable":true,"href":"https:\/\/www.europesays.com\/es\/wp-json\/wp\/v2\/comments?post=244715"}],"version-history":[{"count":0,"href":"https:\/\/www.europesays.com\/es\/wp-json\/wp\/v2\/posts\/244715\/revisions"}],"wp:featuredmedia":[{"embeddable":true,"href":"https:\/\/www.europesays.com\/es\/wp-json\/wp\/v2\/media\/244716"}],"wp:attachment":[{"href":"https:\/\/www.europesays.com\/es\/wp-json\/wp\/v2\/media?parent=244715"}],"wp:term":[{"taxonomy":"category","embeddable":true,"href":"https:\/\/www.europesays.com\/es\/wp-json\/wp\/v2\/categories?post=244715"},{"taxonomy":"post_tag","embeddable":true,"href":"https:\/\/www.europesays.com\/es\/wp-json\/wp\/v2\/tags?post=244715"}],"curies":[{"name":"wp","href":"https:\/\/api.w.org\/{rel}","templated":true}]}}