{"id":244719,"date":"2025-11-19T14:56:23","date_gmt":"2025-11-19T14:56:23","guid":{"rendered":"https:\/\/www.europesays.com\/es\/244719\/"},"modified":"2025-11-19T14:56:23","modified_gmt":"2025-11-19T14:56:23","slug":"el-80-de-los-argentinos-con-epoc-desconoce-su-diagnostico-cuales-son-los-sintomas","status":"publish","type":"post","link":"https:\/\/www.europesays.com\/es\/244719\/","title":{"rendered":"El 80% de los argentinos con EPOC desconoce su diagn\u00f3stico: cu\u00e1les son los s\u00edntomas"},"content":{"rendered":"<p><img alt=\"Tos frecuente, falta de aire\" class=\"global-image\" decoding=\"async\" fetchpriority=\"high\" height=\"816\" loading=\"eager\" src=\"https:\/\/www.europesays.com\/es\/wp-content\/uploads\/2025\/11\/HASYOMS6EZBNJJU332VDHXEGFQ.jpg\" width=\"1456\"\/>Tos frecuente, falta de aire y expectoraci\u00f3n habitual son s\u00edntomas de EPOC que suelen confundirse con envejecimiento o tabaquismo (Imagen Ilustrativa Infobae)<\/p>\n<p class=\"paragraph\">En Argentina, se estima que m\u00e1s de <b>2,3 millones de personas<\/b> conviven con <b>Enfermedad Pulmonar Obstructiva Cr\u00f3nica (<\/b><a rel=\"noopener noreferrer nofollow\" href=\"https:\/\/www.infobae.com\/tag\/epoc\/\" target=\"_blank\" title=\"https:\/\/www.infobae.com\/tag\/epoc\/\"><b>EPOC<\/b><\/a><b>)<\/b>, una afecci\u00f3n progresiva que limita el flujo de aire en los <a rel=\"noopener noreferrer nofollow\" href=\"https:\/\/www.infobae.com\/tag\/pulmones\/\" target=\"_blank\" title=\"https:\/\/www.infobae.com\/tag\/pulmones\/\">pulmones<\/a>.<\/p>\n<p class=\"paragraph\">Sin embargo, seg\u00fan el <a rel=\"noopener nofollow\" href=\"https:\/\/www.archbronconeumol.org\/es-prevalencia-enfermedad-pulmonar-obstructiva-cronica-articulo-S0300289617304064\" target=\"_blank\" title=\"https:\/\/www.archbronconeumol.org\/es-prevalencia-enfermedad-pulmonar-obstructiva-cronica-articulo-S0300289617304064\">estudio nacional <b>EPOC.AR<\/b><\/a>,<b> ocho de cada diez personas con EPOC <\/b>(el 77% de los casos) a\u00fan <b>no conoce su diagn\u00f3stico<\/b>, una situaci\u00f3n que <b>limita el acceso oportuno al tratamiento<\/b> y multiplica las <b>complicaciones <\/b>tanto para los pacientes como para el sistema de salud.<\/p>\n<p class=\"paragraph\">La EPOC designa a un grupo de enfermedades pulmonares (que incluyen <b>enfisema <\/b>y <b>bronquitis cr\u00f3nica<\/b>), consiste en un proceso de obstrucci\u00f3n progresiva de las v\u00edas a\u00e9reas, generado principalmente por la exposici\u00f3n al humo del <b>tabaco<\/b>, aunque los<b> contaminantes ambientales<\/b> tambi\u00e9n influyen en el desarrollo de la enfermedad. <\/p>\n<p><img alt=\"La falta de diagn\u00f3stico temprano\" class=\"global-image\" decoding=\"async\" fetchpriority=\"low\" height=\"1073\" loading=\"lazy\" src=\"https:\/\/www.europesays.com\/es\/wp-content\/uploads\/2025\/11\/NRWQUSUWIRCU7NGO4ILWFOWGFE.jpg\" width=\"1920\"\/>La falta de diagn\u00f3stico temprano y el desconocimiento de los s\u00edntomas impiden que la mayor\u00eda reciba atenci\u00f3n adecuada (Freepik)<\/p>\n<p class=\"paragraph\">La Enfermedad Pulmonar Obstructiva Cr\u00f3nica puede manifestarse de diferentes maneras. Entre los <b>s\u00edntomas m\u00e1s comunes<\/b> se encuentran:<\/p>\n<ul data-icon=\"\u2b24\" class=\"list\">\n<li data-icon=\"\u2b24\">Tos frecuente y expectoraci\u00f3n habitual<\/li>\n<li data-icon=\"\u2b24\">Infecciones respiratorias repetidas<\/li>\n<li data-icon=\"\u2b24\">Falta de aire (disnea) al realizar esfuerzos<\/li>\n<li data-icon=\"\u2b24\">Pitidos en el pecho en determinadas ocasiones<\/li>\n<\/ul>\n<p class=\"paragraph\">En etapas tempranas, la EPOC puede no presentar s\u00edntomas, por eso, uno de los principales desaf\u00edos se encuentra en los estadios tempranos, donde la condici\u00f3n puede pasar inadvertida o ser subestimada. <\/p>\n<p class=\"paragraph\">Muchas veces, quienes sufren tos cr\u00f3nica, expectoraci\u00f3n matinal o falta de aire leve suelen <b>atribuirlo err\u00f3neamente al envejecimiento o a las consecuencias del tabaquismo<\/b>, sin considerar que pueden ser se\u00f1ales de <b>da\u00f1o pulmonar<\/b> avanzado. <\/p>\n<p class=\"paragraph\"><b>Aceptar s\u00edntomas como \u201cparte de la edad\u201d o \u201calgo propio de fumadores\u201d retrasa la consulta m\u00e9dica y la detecci\u00f3n precoz<\/b>, lo que reduce dr\u00e1sticamente las posibilidades de iniciar un tratamiento efectivo.<\/p>\n<p class=\"paragraph\">Un estudio presentado por la <a rel=\"noopener nofollow\" href=\"https:\/\/www.respiratoryhealth.org\/copd\" target=\"_blank\" title=\"https:\/\/www.respiratoryhealth.org\/copd\"><b>Respiratory Health Initiative<\/b><\/a>, dependiente del <b>Copenhagen Institute for Futures Studies<\/b>, alerta que el subdiagn\u00f3stico de la EPOC es una barrera central. <b>Alejandro Salvado, jefe de Neumonolog\u00eda del Hospital Brit\u00e1nico<\/b> de Buenos Aires, afirm\u00f3: \u201cEl subdiagn\u00f3stico es alarmante: la mayor\u00eda de los pacientes llega tarde a la consulta, cuando la enfermedad ya est\u00e1 avanzada\u201d.<\/p>\n<p><img alt=\"La espirometr\u00eda es una prueba\" class=\"global-image\" decoding=\"async\" fetchpriority=\"low\" height=\"3648\" loading=\"lazy\" src=\"https:\/\/www.europesays.com\/es\/wp-content\/uploads\/2025\/11\/UMONOF6ULVBBLH23USE2PF3FCA.jpg\" width=\"5472\"\/>La espirometr\u00eda es una prueba que sirve para evaluar el funcionamiento de los pulmones<\/p>\n<p class=\"paragraph\">Entre los principales motivos de este problema se destaca la falta de acceso sistem\u00e1tico a la <b>espirometr\u00eda<\/b>, el estudio fundamental para diagnosticar la enfermedad. Esta prueba, que es sencilla, r\u00e1pida e indolora, no est\u00e1 disponible de forma generalizada en los centros de atenci\u00f3n primaria del pa\u00eds. <\/p>\n<p class=\"paragraph\">La consecuencia directa es que muchos cuadros quedan ocultos hasta etapas severas, y que seis de cada diez diagn\u00f3sticos de patolog\u00edas respiratorias sean err\u00f3neos. <\/p>\n<p class=\"paragraph\">La <b>Asociaci\u00f3n Argentina de Medicina Respiratoria (AAMR)<\/b> enfatiza la importancia de no subestimar los s\u00edntomas y acudir al m\u00e9dico ante la aparici\u00f3n de tos persistente, ahogo o infecciones respiratorias reiteradas. El <b>neumon\u00f3logo Sebasti\u00e1n Ferreiro<\/b>, coordinador de la Secci\u00f3n Inmunolog\u00eda y Enfermedades Obstructivas de la AAMR, explic\u00f3: \u201cLa EPOC puede pasar desapercibida durante a\u00f1os porque sus s\u00edntomas suelen confundirse con el envejecimiento o el tabaquismo, pero detectarla a tiempo cambia por completo el pron\u00f3stico\u201d.<\/p>\n<p class=\"paragraph\">En tanto, <b>Ana Mar\u00eda Stok, directora m\u00e9dica de Investigaciones en Patolog\u00edas Respiratorias<\/b> en <b>Tucum\u00e1n<\/b>, advirti\u00f3: \u201cEl paciente con EPOC requiere educaci\u00f3n para la adecuada administraci\u00f3n del tratamiento, acompa\u00f1amiento en la cesaci\u00f3n tab\u00e1quica y seguimiento continuo. <b>La adherencia al tratamiento es fundamental, pero solo un tercio de los pacientes lo cumple <\/b>adecuadamente\u201d. <\/p>\n<p class=\"paragraph\">Esta baja adherencia, sumada al diagn\u00f3stico tard\u00edo, <b>incrementa la carga de la enfermedad y sus complicaciones<\/b>.<\/p>\n<p><img alt=\"Si fuma, la recomendaci\u00f3n m\u00e9dica\" class=\"global-image\" decoding=\"async\" fetchpriority=\"low\" height=\"816\" loading=\"lazy\" src=\"https:\/\/www.europesays.com\/es\/wp-content\/uploads\/2025\/11\/OAYDMWQOTNEJVB6DM7MBT6XID4.jpg\" width=\"1456\"\/>Si fuma, la recomendaci\u00f3n m\u00e9dica es abandonar el h\u00e1bito de forma urgente. Es el \u00fanico modo de evitar que la EPOC empeore (Imagen Ilustrativa Infobae)<\/p>\n<p class=\"paragraph\">En Argentina existen factores de riesgo persistentes: <b>se estima que el 22% de la poblaci\u00f3n argentina fuma<\/b>, seg\u00fan los \u00faltimos datos de la Cuarta Encuesta Nacional de Factores de Riesgo (ENFR), lo que mantiene una exposici\u00f3n elevada al principal causante de la EPOC. La contaminaci\u00f3n ambiental en \u00e1reas metropolitanas y la exposici\u00f3n a biomasa en zonas rurales agravan la carga de enfermedades respiratorias. <\/p>\n<p class=\"paragraph\">Si bien el humo de tabaco es el principal factor desencadenante, la enfermedad tambi\u00e9n puede originarse por contaminantes ambientales o laborales, ampliando el espectro de personas en riesgo.<\/p>\n<p class=\"paragraph\">El informe internacional de la Respiratory Health Initiative recomienda: la creaci\u00f3n de un Programa Nacional de EPOC, la implementaci\u00f3n de un tamizaje sistem\u00e1tico mediante espirometr\u00edas en poblaciones de riesgo y la integraci\u00f3n de la EPOC al Sistema Nacional de Vigilancia de la Salud para actualizar los datos. Otras propuestas centrales incluyen <b>descentralizar la rehabilitaci\u00f3n pulmonar<\/b>, fortalecer los programas para dejar de fumar y garantizar el acceso equitativo a tratamientos de acci\u00f3n prolongada.<\/p>\n<p><img alt=\"El subdiagn\u00f3stico de EPOC en\" class=\"global-image\" decoding=\"async\" fetchpriority=\"low\" height=\"1080\" loading=\"lazy\" src=\"https:\/\/www.europesays.com\/es\/wp-content\/uploads\/2025\/11\/27WC6TGJ2JFZ7PETIVXURYUPBA.png\" width=\"1080\"\/>El subdiagn\u00f3stico de EPOC en Argentina provoca que la mayor\u00eda de los pacientes llegue tarde a la consulta m\u00e9dica y con la enfermedad avanzada<\/p>\n<p class=\"paragraph\">En sinton\u00eda con estos lineamientos, la <b>Asociaci\u00f3n Argentina de Medicina Respiratoria<\/b> y la <b>Sociedad de Tisiolog\u00eda y Neumonolog\u00eda de la Provincia de Buenos Aires (STNBA)<\/b> lanzaron una <b>campa\u00f1a nacional <\/b>de concientizaci\u00f3n bajo el lema \u201cPodr\u00eda ser EPOC\u201d. <\/p>\n<p class=\"paragraph\">La iniciativa ofrece <b>espirometr\u00edas gratuitas<\/b> en distintos hospitales p\u00fablicos del pa\u00eds, con <a rel=\"noopener nofollow\" href=\"https:\/\/www.pedirturno.com.ar\/\" target=\"_blank\" title=\"https:\/\/www.pedirturno.com.ar\/\">turnos <\/a>disponibles online. <\/p>\n<p class=\"paragraph\">Ferreiro se\u00f1al\u00f3: \u201cLa detecci\u00f3n temprana es fundamental para mejorar la calidad y la expectativa de vida de los pacientes. <b>Una espirometr\u00eda puede marcar la diferencia<\/b>\u201d.<\/p>\n<p><img alt=\"La campa\u00f1a nacional 'Podr\u00eda ser\" class=\"global-image\" decoding=\"async\" fetchpriority=\"low\" height=\"1080\" loading=\"lazy\" src=\"https:\/\/www.europesays.com\/es\/wp-content\/uploads\/2025\/11\/6GLHWPQ4CRABFH5WR5UVCNTNWY.png\" width=\"1080\"\/>La campa\u00f1a nacional &#8216;Podr\u00eda ser EPOC&#8217; ofrece espirometr\u00edas gratuitas para promover la detecci\u00f3n temprana y mejorar la calidad de vida de los pacientes <\/p>\n<p class=\"paragraph\"><b>Mejorar el acceso al diagn\u00f3stico y el tratamiento representa una oportunidad concreta para quienes tienen s\u00edntomas respiratorios.<\/b> <\/p>\n<p class=\"paragraph\">Detectar la EPOC en etapas iniciales permite ofrecer educaci\u00f3n, acompa\u00f1ar la cesaci\u00f3n tab\u00e1quica e instaurar el tratamiento m\u00e1s efectivo para cada caso. <\/p>\n<p class=\"paragraph\">Esto no solo ayuda a recuperar la calidad de vida, sino que puede evitar hospitalizaciones, complicaciones y reducir la mortalidad. El desaf\u00edo est\u00e1 en reconocer los signos de alerta, desterrar mitos sobre el envejecimiento y facilitar que herramientas como la espirometr\u00eda lleguen a todos los rincones del pa\u00eds.<\/p>\n","protected":false},"excerpt":{"rendered":"Tos frecuente, falta de aire y expectoraci\u00f3n habitual son s\u00edntomas de EPOC que suelen confundirse con envejecimiento o&hellip;\n","protected":false},"author":2,"featured_media":244720,"comment_status":"","ping_status":"","sticky":false,"template":"","format":"standard","meta":{"footnotes":""},"categories":[92],"tags":[6279,3754,55718,30342,9366,3757,9367,3759,62638,45092,62639,62640,25,24,8545,9375,62641,48204,35268,3768,6296,62642,9379,165,8550,3495,45100,18667,3770,9381,3772,3773,3774,3775,7402,4444,3779,8562,166,3781,24588,17099,12806,23,28814,62643,2621,42695,23003,19397,3798],"class_list":{"0":"post-244719","1":"post","2":"type-post","3":"status-publish","4":"format-standard","5":"has-post-thumbnail","7":"category-salud","8":"tag-adult","9":"tag-attractive","10":"tag-businessman","11":"tag-camera","12":"tag-casual","13":"tag-caucasian","14":"tag-cheerful","15":"tag-city","16":"tag-confident","17":"tag-cool","18":"tag-cough","19":"tag-crossed","20":"tag-es","21":"tag-espana","22":"tag-face","23":"tag-fashion","24":"tag-friendly","25":"tag-from","26":"tag-front","27":"tag-guy","28":"tag-hands","29":"tag-handsome","30":"tag-happy","31":"tag-health","32":"tag-ill","33":"tag-joy","34":"tag-joyful","35":"tag-leisure","36":"tag-lifestyle","37":"tag-looking","38":"tag-male","39":"tag-man","40":"tag-model","41":"tag-modern","42":"tag-one","43":"tag-people","44":"tag-person","45":"tag-portrait","46":"tag-salud","47":"tag-shirt","48":"tag-smart","49":"tag-smile","50":"tag-smiling","51":"tag-spain","52":"tag-standing","53":"tag-stubble","54":"tag-studio","55":"tag-success","56":"tag-suffering","57":"tag-view","58":"tag-young"},"share_on_mastodon":{"url":"","error":"Validation failed: Text character limit of 500 exceeded"},"_links":{"self":[{"href":"https:\/\/www.europesays.com\/es\/wp-json\/wp\/v2\/posts\/244719","targetHints":{"allow":["GET"]}}],"collection":[{"href":"https:\/\/www.europesays.com\/es\/wp-json\/wp\/v2\/posts"}],"about":[{"href":"https:\/\/www.europesays.com\/es\/wp-json\/wp\/v2\/types\/post"}],"author":[{"embeddable":true,"href":"https:\/\/www.europesays.com\/es\/wp-json\/wp\/v2\/users\/2"}],"replies":[{"embeddable":true,"href":"https:\/\/www.europesays.com\/es\/wp-json\/wp\/v2\/comments?post=244719"}],"version-history":[{"count":0,"href":"https:\/\/www.europesays.com\/es\/wp-json\/wp\/v2\/posts\/244719\/revisions"}],"wp:featuredmedia":[{"embeddable":true,"href":"https:\/\/www.europesays.com\/es\/wp-json\/wp\/v2\/media\/244720"}],"wp:attachment":[{"href":"https:\/\/www.europesays.com\/es\/wp-json\/wp\/v2\/media?parent=244719"}],"wp:term":[{"taxonomy":"category","embeddable":true,"href":"https:\/\/www.europesays.com\/es\/wp-json\/wp\/v2\/categories?post=244719"},{"taxonomy":"post_tag","embeddable":true,"href":"https:\/\/www.europesays.com\/es\/wp-json\/wp\/v2\/tags?post=244719"}],"curies":[{"name":"wp","href":"https:\/\/api.w.org\/{rel}","templated":true}]}}