{"id":244727,"date":"2025-11-19T15:00:07","date_gmt":"2025-11-19T15:00:07","guid":{"rendered":"https:\/\/www.europesays.com\/es\/244727\/"},"modified":"2025-11-19T15:00:07","modified_gmt":"2025-11-19T15:00:07","slug":"cazas-de-la-otan-despegan-para-interceptar-un-dron-en-rumania","status":"publish","type":"post","link":"https:\/\/www.europesays.com\/es\/244727\/","title":{"rendered":"cazas de la OTAN despegan para interceptar un dron en Ruman\u00eda"},"content":{"rendered":"<p>Dos cazas rumanos y otros dos alemanes, parte del despliegue de la OTAN, <b>despegaron este mi\u00e9rcoles para interceptar un dron ruso que invadi\u00f3 el espacio a\u00e9reo<\/b> de Ruman\u00eda, un pa\u00eds miembro de la UE y la Alianza fronterizo con Ucrania, donde Rusia lanz\u00f3 esta madrugada una nueva oleada de ataques.<\/p>\n<p>El Ministerio de Defensa rumano indic\u00f3 que dos Eurofighter Typhoon alemanes de la base de la OTAN &#8216;Mihail Kogalniceanu&#8217; despegaron poco despu\u00e9s de la medianoche tras detectarse esa aeronave rusa unos 8 kil\u00f3metros dentro del territorio de Ruman\u00eda, en las inmediaciones de la frontera fluvial del Danubio.<\/p>\n<p>El dron reapareci\u00f3 intermitentemente en el radar durante aproximadamente 12 minutos y se desplaz\u00f3 hacia Rep\u00fablica de Moldavia, antes de volver hacia el norte de Ruman\u00eda, momento en el que dos cazas F-16 de la Fuerza A\u00e9rea Rumana despegaron para interceptarlo.<\/p>\n<p>Las autoridades no han informado de un impacto del dron en suelo rumano.<\/p>\n<p><a title=\"Ruman\u00eda ha sufrido repetidamente la entrada en su espacio a\u00e9reo de drones rusos\" href=\"https:\/\/www.larazon.es\/internacional\/rumania-convoca-embajador-ruso-detectar-violacion-espacio-aereo-dron_2025111469178095360d0840bce02a69.html\" target=\"_blank\" rel=\"nofollow noopener\">Ruman\u00eda ha sufrido repetidamente la entrada en su espacio a\u00e9reo de drones rusos<\/a> y la ca\u00edda de fragmentos en su territorio desde el comienzo de la invasi\u00f3n de Ucrania en febrero de 2022.<\/p>\n<p>El pa\u00eds aprob\u00f3 recientemente una ley que simplifica la cadena de mando para ordenar el derribo de aeronaves que entren en su espacio a\u00e9reo.<\/p>\n<p>Whasington anunci\u00f3 recientemente a Ruman\u00eda que retirar\u00e1 una parte de sus tropas desplegadas en la base &#8216;Mihail Kogalniceanu&#8217;, <b>como consecuencia de las \u00abnuevas prioridades\u00bb del Gobierno de EE.UU<\/b>, aunque la OTAN rest\u00f3 importancia a ese anunci\u00f3 y dijo que Washingotn sigue comprometido con la defensa de Europa .<\/p>\n","protected":false},"excerpt":{"rendered":"Dos cazas rumanos y otros dos alemanes, parte del despliegue de la OTAN, despegaron este mi\u00e9rcoles para interceptar&hellip;\n","protected":false},"author":2,"featured_media":244728,"comment_status":"","ping_status":"","sticky":false,"template":"","format":"standard","meta":{"footnotes":""},"categories":[42],"tags":[17,18,13,14,11,61,62,63,64,19,20,9,10,15,16,12,21,22,65,66,67],"class_list":{"0":"post-244727","1":"post","2":"type-post","3":"status-publish","4":"format-standard","5":"has-post-thumbnail","7":"category-internacional","8":"tag-breaking-news","9":"tag-breakingnews","10":"tag-featured-news","11":"tag-featurednews","12":"tag-headlines","13":"tag-internacional","14":"tag-international","15":"tag-international-news","16":"tag-internationalnews","17":"tag-latest-news","18":"tag-latestnews","19":"tag-news","20":"tag-noticias","21":"tag-noticias-destacadas","22":"tag-noticiasdestacadas","23":"tag-titulares","24":"tag-ultimas-noticias","25":"tag-ultimasnoticias","26":"tag-world","27":"tag-world-news","28":"tag-worldnews"},"share_on_mastodon":{"url":"https:\/\/pubeurope.com\/@es\/115576964638191274","error":""},"_links":{"self":[{"href":"https:\/\/www.europesays.com\/es\/wp-json\/wp\/v2\/posts\/244727","targetHints":{"allow":["GET"]}}],"collection":[{"href":"https:\/\/www.europesays.com\/es\/wp-json\/wp\/v2\/posts"}],"about":[{"href":"https:\/\/www.europesays.com\/es\/wp-json\/wp\/v2\/types\/post"}],"author":[{"embeddable":true,"href":"https:\/\/www.europesays.com\/es\/wp-json\/wp\/v2\/users\/2"}],"replies":[{"embeddable":true,"href":"https:\/\/www.europesays.com\/es\/wp-json\/wp\/v2\/comments?post=244727"}],"version-history":[{"count":0,"href":"https:\/\/www.europesays.com\/es\/wp-json\/wp\/v2\/posts\/244727\/revisions"}],"wp:featuredmedia":[{"embeddable":true,"href":"https:\/\/www.europesays.com\/es\/wp-json\/wp\/v2\/media\/244728"}],"wp:attachment":[{"href":"https:\/\/www.europesays.com\/es\/wp-json\/wp\/v2\/media?parent=244727"}],"wp:term":[{"taxonomy":"category","embeddable":true,"href":"https:\/\/www.europesays.com\/es\/wp-json\/wp\/v2\/categories?post=244727"},{"taxonomy":"post_tag","embeddable":true,"href":"https:\/\/www.europesays.com\/es\/wp-json\/wp\/v2\/tags?post=244727"}],"curies":[{"name":"wp","href":"https:\/\/api.w.org\/{rel}","templated":true}]}}