{"id":244731,"date":"2025-11-19T15:02:29","date_gmt":"2025-11-19T15:02:29","guid":{"rendered":"https:\/\/www.europesays.com\/es\/244731\/"},"modified":"2025-11-19T15:02:29","modified_gmt":"2025-11-19T15:02:29","slug":"portal-de-noticias-del-gobierno-de-canarias-309","status":"publish","type":"post","link":"https:\/\/www.europesays.com\/es\/244731\/","title":{"rendered":"Portal de Noticias del Gobierno de Canarias"},"content":{"rendered":"<p>\u00a0<\/p>\n<p>\u00a0<\/p>\n<blockquote>\n<p>El vicepresidente del Gobierno de Canarias y consejero de Econom\u00eda, Industria, Comercio y Aut\u00f3nomos, Manuel Dom\u00ednguez, presenta el Plan Respaldo Aut\u00f3nomos ante m\u00e1s de un centenar de emprendedores canarios<\/p>\n<p>El Gobierno de Canarias refuerza su compromiso con este colectivo con medidas que responden a sus necesidades reales favoreciendo la inversi\u00f3n, la conciliaci\u00f3n familiar, la generaci\u00f3n de empleo y la protecci\u00f3n en la enfermedad<\/p>\n<\/blockquote>\n<p>\u00a0<\/p>\n<p>El vicepresidente del Gobierno de Canarias y consejero de Econom\u00eda, Industria, Comercio y Aut\u00f3nomos, Manuel Dom\u00ednguez, present\u00f3 este mi\u00e9rcoles ante m\u00e1s de un centenar de aut\u00f3nomos de las Islas el Plan Respaldo Aut\u00f3nomo que incluye las medidas implantadas por el Gobierno de Canarias para impulsar, proteger y acompa\u00f1ar a este colectivo emprendedor y que cuentan con respaldo presupuestario. De hecho, la Direcci\u00f3n General de Aut\u00f3nomos est\u00e1 preparando ya las bases de la convocatoria del programa Concilia que contempla, entre otras acciones, el abono de hasta el 75% de los gastos de guarder\u00eda de los hijos de los aut\u00f3nomos.<\/p>\n<p>El vicepresidente detall\u00f3 cada una de las medidas incluidas en este plan que responde al \u201ccompromiso del Gobierno de Canarias con quienes emprenden y sostienen nuestra econom\u00eda\u201d. \u201cQueremos que emprender en Canarias sea m\u00e1s f\u00e1cil, justo y sostenible y para ello vamos a implantar medidas que responden a las necesidades reales de los trabajadores aut\u00f3nomos, facilit\u00e1ndoles financiaci\u00f3n para sus proyectos, favoreciendo la conciliaci\u00f3n, generando empleo y protegi\u00e9ndolos en la enfermedad\u201d.<\/p>\n<p>La primera de las medidas que se pondr\u00e1 en marcha ser\u00e1 las incluidas en el Programa Concilia, que busca apoyar la conciliaci\u00f3n de la vida familiar y laboral de las personas aut\u00f3nomas. Este programa establece tres l\u00edneas de ayudas. El Concilia 1 financia la contrataci\u00f3n de una persona (1.100 euros por mes completo) para la sustituci\u00f3n del aut\u00f3nomo en su negocio en casos de maternidad, paternidad o embarazo de riesgo hasta 8 meses. El Concilia 2 supone una ayuda de 7.500 euros, ampliable a 9.000 euros para colectivos de dif\u00edcil inserci\u00f3n, para contratar a una persona de forma indefinida que apoye al aut\u00f3nomo en el cuidado de hijos menores de 12 a\u00f1os o personas mayores y\/o personas con discapacidad o dependencia. El contrato deber\u00e1 mantenerse al menos 12 meses interrumpido. En ambos casos, no es necesario que la persona contratada est\u00e9 desempleada y el abono de la ayuda se har\u00e1 de forma anticipada.<\/p>\n<p>En relaci\u00f3n con la \u00faltima l\u00ednea, el Concilia 3 ayuda con el pago de hasta el 75% con un m\u00e1ximo de 3.000 euros, de los gastos del cuidado familiar, que incluyen campamentos de verano, guarder\u00edas, escuelas infantiles, actividades extraescolares o centros de d\u00eda.<\/p>\n<p>El segundo programa denominado +uno 52 persigue fomentar la primera contrataci\u00f3n laboral de personas de 52 a\u00f1os o m\u00e1s. Esta medida va dirigida a aquellos aut\u00f3nomos que quieran contratar por primera vez. Supone una ayuda de 5.000 euros por contrato indefinido a jornada completa, y en el caso de un aut\u00f3nomo que resida en un municipio de menos de 10.000 habitantes, la ayuda ascender\u00e1 a 6.000 euros. Adem\u00e1s, el contrato deber\u00e1 mantenerse 12 meses de forma ininterrumpida, y el abono tambi\u00e9n se har\u00e1 de forma anticipada.<\/p>\n<p>Con el objetivo de ayudar a los aut\u00f3nomos a financiar sus inversiones y a mejorar sus negocios, el Plan Respaldo Aut\u00f3nomos incluye un programa de bonificaci\u00f3n del tipo de inter\u00e9s del 2% anual durante 3 a\u00f1os que ser\u00e1 abonado de una sola vez, para amortizar capital de pr\u00e9stamos cuyo importe no supere los 500.000 euros. Esto se aplicar\u00e1 a cr\u00e9ditos formalizados en 2026 y avalados por Aval Canarias.<\/p>\n<p>El \u00faltimo de los programas, apoyo a la Incapacidad temporal, busca apoyar a los aut\u00f3nomos, sin asalariados a su cargo, con el abono de las cuotas a la seguridad social de los dos primeros meses de situaci\u00f3n de incapacidad temporal por contingencias comunes, y a todos los aut\u00f3nomos, con y sin asalariados, en el caso de enfermedad grave. Se cubre el 100% de la cuota ingresada hasta un m\u00e1ximo de 700 euros en total. Esta ayuda solo podr\u00e1 solicitarse una vez durante el periodo subvencionable.<\/p>\n<p>Estas medidas se unen, adem\u00e1s, a otras puestas en marcha por el Gobierno de Canarias como la cuota cero, que elimina las barreras del inicio y respalda el emprendimiento en todas las islas; el Observatorio del Trabajo Aut\u00f3nomo que refleja \u201cen tiempo real\u201d las demandas e inquietudes de este colectivo y la Direccion General de Aut\u00f3nomos.<\/p>\n<p>El vicepresidente del Gobierno anunci\u00f3, adem\u00e1s, que para 2026 \u201cseguiremos trabajando para implantar otras medidas de alivio fiscal, que favorezcan la segunda oportunidad y faciliten el emprendimiento senior\u201d.<\/p>\n","protected":false},"excerpt":{"rendered":"\u00a0 \u00a0 El vicepresidente del Gobierno de Canarias y consejero de Econom\u00eda, Industria, Comercio y Aut\u00f3nomos, Manuel Dom\u00ednguez,&hellip;\n","protected":false},"author":2,"featured_media":244732,"comment_status":"","ping_status":"","sticky":false,"template":"","format":"standard","meta":{"footnotes":""},"categories":[5],"tags":[17,18,25,24,13,14,11,19,20,9,10,15,16,23,12,21,22],"class_list":{"0":"post-244731","1":"post","2":"type-post","3":"status-publish","4":"format-standard","5":"has-post-thumbnail","7":"category-titulares","8":"tag-breaking-news","9":"tag-breakingnews","10":"tag-es","11":"tag-espana","12":"tag-featured-news","13":"tag-featurednews","14":"tag-headlines","15":"tag-latest-news","16":"tag-latestnews","17":"tag-news","18":"tag-noticias","19":"tag-noticias-destacadas","20":"tag-noticiasdestacadas","21":"tag-spain","22":"tag-titulares","23":"tag-ultimas-noticias","24":"tag-ultimasnoticias"},"share_on_mastodon":{"url":"https:\/\/pubeurope.com\/@es\/115576972441487190","error":""},"_links":{"self":[{"href":"https:\/\/www.europesays.com\/es\/wp-json\/wp\/v2\/posts\/244731","targetHints":{"allow":["GET"]}}],"collection":[{"href":"https:\/\/www.europesays.com\/es\/wp-json\/wp\/v2\/posts"}],"about":[{"href":"https:\/\/www.europesays.com\/es\/wp-json\/wp\/v2\/types\/post"}],"author":[{"embeddable":true,"href":"https:\/\/www.europesays.com\/es\/wp-json\/wp\/v2\/users\/2"}],"replies":[{"embeddable":true,"href":"https:\/\/www.europesays.com\/es\/wp-json\/wp\/v2\/comments?post=244731"}],"version-history":[{"count":0,"href":"https:\/\/www.europesays.com\/es\/wp-json\/wp\/v2\/posts\/244731\/revisions"}],"wp:featuredmedia":[{"embeddable":true,"href":"https:\/\/www.europesays.com\/es\/wp-json\/wp\/v2\/media\/244732"}],"wp:attachment":[{"href":"https:\/\/www.europesays.com\/es\/wp-json\/wp\/v2\/media?parent=244731"}],"wp:term":[{"taxonomy":"category","embeddable":true,"href":"https:\/\/www.europesays.com\/es\/wp-json\/wp\/v2\/categories?post=244731"},{"taxonomy":"post_tag","embeddable":true,"href":"https:\/\/www.europesays.com\/es\/wp-json\/wp\/v2\/tags?post=244731"}],"curies":[{"name":"wp","href":"https:\/\/api.w.org\/{rel}","templated":true}]}}