{"id":244741,"date":"2025-11-19T15:12:14","date_gmt":"2025-11-19T15:12:14","guid":{"rendered":"https:\/\/www.europesays.com\/es\/244741\/"},"modified":"2025-11-19T15:12:14","modified_gmt":"2025-11-19T15:12:14","slug":"la-angustia-que-llevo-a-nati-jota-a-desobedecer-a-sus-medicos-no-aguante-la-presion-social","status":"publish","type":"post","link":"https:\/\/www.europesays.com\/es\/244741\/","title":{"rendered":"La angustia que llev\u00f3 a Nati Jota a desobedecer a sus m\u00e9dicos: \u201cNo aguant\u00e9 la presi\u00f3n social\u201d"},"content":{"rendered":"<p>Nati Jota tras la operaci\u00f3n de ojos decidi\u00f3 desobedecer el consejo de sus m\u00e9dicos por las cr\u00edticas que recibi\u00f3 (Video: Instagram)<\/p>\n<p class=\"paragraph\">La influencer <a rel=\"noopener noreferrer nofollow\" href=\"https:\/\/www.infobae.com\/tag\/nati-jota\/\" target=\"_blank\" title=\"https:\/\/www.infobae.com\/tag\/nati-jota\/\"><b>Nati Jota<\/b><\/a><b> enfrent\u00f3 <\/b><a rel=\"noopener noreferrer nofollow\" href=\"https:\/\/www.infobae.com\/teleshow\/2025\/11\/09\/nati-jota-revelo-como-fue-la-operacion-con-la-que-dejo-atras-los-lentes-vos-ves-todo-pero-no-sentis-nada\/\" target=\"_blank\" title=\"https:\/\/www.infobae.com\/teleshow\/2025\/11\/09\/nati-jota-revelo-como-fue-la-operacion-con-la-que-dejo-atras-los-lentes-vos-ves-todo-pero-no-sentis-nada\/\"><b>una cirug\u00eda ocular para corregir su miop\u00eda y astigmatism<\/b>o<\/a>, pero revel\u00f3 que<b> ignor\u00f3 indicaciones m\u00e9dicas debido a la presi\u00f3n social y est\u00e9tica que la rodea<\/b>. El relato de cada etapa, salpicado de humor y honestidad, desnuda la contradicci\u00f3n de buscar un nuevo yo mientras las opiniones ajenas no cesan.<\/p>\n<p class=\"paragraph\">Durante a\u00f1os, los anteojos acompa\u00f1aron a Nati Jota en la televisi\u00f3n y el streaming. Se convirtieron en su marca personal, en una extensi\u00f3n inseparable de su imagen. No era solo ver mejor: eran un escudo, un gesto habitual, casi un accesorio sentimental. \u00bfQu\u00e9 ocurre cuando cae ese escudo? \u00bfQu\u00e9 siente quien durante tanto tiempo encontr\u00f3 all\u00ed su refugio?<\/p>\n<p class=\"paragraph\">\u201cNo deb\u00ed haber hecho eso, me deline\u00e9. <b>Todav\u00eda mi oculista no me hab\u00eda permitido, pero no aguant\u00e9 la presi\u00f3n social y sus cr\u00edticas <\/b>y <b>sus comentarios pasivo-agresivos<\/b>, diciendo \u2018Nati, te rebanco, te requiero mal, te aconsejo que te delinees, te va a quedar mejor, te hace los ojos muy chiquitos\u2019\u201c, lanz\u00f3 la periodista y conductora en una historia de Instagram. Revel\u00f3 haber cedido a la tentaci\u00f3n de maquillarse, aun sabiendo que<b> su equipo m\u00e9dico se lo hab\u00eda prohibido<\/b>. \u201cNo me delineaba porque no pod\u00eda y hoy tampoco puedo sin embargo lo hice \u00bfpor qu\u00e9?\u201d, se cuestion\u00f3 en voz alta.<\/p>\n<p>Nati Jota revel\u00f3 c\u00f3mo fue la operaci\u00f3n con la que dej\u00f3 atr\u00e1s los lentes: \u201cVos ves todo, pero no sent\u00eds nada\u201d<\/p>\n<p class=\"paragraph\">En el mismo video, se permiti\u00f3 re\u00edr un poco de s\u00ed misma y contestarse: \u00ab<b>Porque no me banqu\u00e9 el <\/b><b>mainstream<\/b>\u201c, desliz\u00f3. Las redes explotaron en respuestas, consejos, mensajes que oscilaron entre el cari\u00f1o y la presi\u00f3n, entre la opini\u00f3n bien intencionada y la cr\u00edtica sutil. <\/p>\n<p class=\"paragraph\"><b>\u201cUstedes dir\u00e1n que son un lindo consejo, es un consejo para bien\u201d<\/b>, admiti\u00f3 la influencer. Sin embargo, tambi\u00e9n se\u00f1al\u00f3 la contradicci\u00f3n que vive quien est\u00e1 atravesando un cambio est\u00e9tico y todav\u00eda se siente insegura: <b>\u201cS\u00ed, pero cuando no te pod\u00e9s delinear como que entonces te qued\u00e1s con otra parte del consejo que es \u2018as\u00ed te queda como el or&#8230;\u2019 <\/b>y uno se est\u00e1 amigando con algo nuevo\u201d. Vulnerable y punzante, remat\u00f3: \u201cIgual, nada, si quieren seguimos, los comentarios pueden decir igual te delineaste como el or&#8230;, no cambian nada, trat\u00e9 de alinearme solo por afuera\u201d.<\/p>\n<p class=\"paragraph\">La cirug\u00eda, largamente pospuesta por la influencer fue el punto de inflexi\u00f3n. Decidi\u00f3 contar el detr\u00e1s de escena, ese que pocas veces es genuino en redes sociales. \u00ab<b>La operaci\u00f3n (la que me hice yo, entiendo que hay otras) fue para corregir mi miop\u00eda y astigmatismo. <\/b>Despu\u00e9s de un tiempo sin aumentar la graduaci\u00f3n, se considera operable. Te anestesian mucho los ojos con gotas. Sent\u00eds los p\u00e1rpados muy pesados\u201c, describi\u00f3 en una publicaci\u00f3n dedicada a detallar la experiencia m\u00e9dica.<\/p>\n<p><img alt=\"La influencer detall\u00f3 el procedimiento\" class=\"global-image\" decoding=\"async\" fetchpriority=\"low\" height=\"893\" loading=\"lazy\" src=\"https:\/\/www.europesays.com\/es\/wp-content\/uploads\/2025\/11\/6DS4UW26NJB6XM6BUPOZUZWLVY.jpg\" width=\"497\"\/>La influencer detall\u00f3 el procedimiento para corregir miop\u00eda y astigmatismo, destacando la importancia de la estabilidad en la graduaci\u00f3n<\/p>\n<p class=\"paragraph\">As\u00ed, paso a paso, detall\u00f3 todo el procedimiento. \u201cAl toque entr\u00e1s, te acost\u00e1s en la camilla boca arriba, entr\u00e1s para que te quede por encima de la cara la maquinola. Te tapan un ojo. Al otro lo ubican bien y te dicen todo el tiempo: \u2018Mir\u00e1 la luz verde.\u2019 Hay unas rojas al costado que me daban fobia, <b>el pensamiento intrusivo de moverme hacia ellas no dejaba de aparecer<\/b>\u201d, relat\u00f3.<\/p>\n<p class=\"paragraph\">Incluso en el quir\u00f3fano, el humor y la franqueza encontraron lugar. \u201cEl doctor, en mi caso, me iba diciendo a la perfecci\u00f3n todo lo que iba viendo y eso me daba mucha tranquilidad. <b>Vos ves todo, pero no sent\u00eds nada. Y ves \u2018todo\u2019, ni siquiera es todo.<\/b> No entend\u00e9s bien qu\u00e9 est\u00e1n haciendo. Solo ves algo que pasa, luces, ruido, m\u00e1s borroso, menos borroso\u201c, cont\u00f3.<\/p>\n<p class=\"paragraph\">Las descripciones t\u00e9cnicas parecieron suavizarse con su iron\u00eda: \u00ab<b>Abren la tapita del ojo, la cortan<\/b>, le dejan una puntita \u2018pegada\u2019 y la mueven. <b>Dicho as\u00ed da impresi\u00f3n<\/b>, pero la verdad es que no ves ni te das cuenta. Ah\u00ed act\u00faa el l\u00e1ser, posta cinco segundos, y vuelven a cerrar la tapita. Fin del toque.<b> Todo eso dura, literal, dos minutos<\/b>\u201c. No falt\u00f3 la an\u00e9cdota inesperada: \u201cTengo un video de todo el proceso en uno de los ojos y dura dos minutos. No lo subo porque puede dar impresi\u00f3n al pedo, y porque <b>tengo miedo de que Instagram me denuncie\u201d.<\/b><\/p>\n<p class=\"paragraph\">Hoy, sin anteojos, busca reconciliarse con su imagen, con las miradas propias y ajenas, e intenta seguir su propio camino.<\/p>\n","protected":false},"excerpt":{"rendered":"Nati Jota tras la operaci\u00f3n de ojos decidi\u00f3 desobedecer el consejo de sus m\u00e9dicos por las cr\u00edticas que&hellip;\n","protected":false},"author":2,"featured_media":244742,"comment_status":"","ping_status":"","sticky":false,"template":"","format":"standard","meta":{"footnotes":""},"categories":[174],"tags":[255,146,147,25,24,256,23],"class_list":{"0":"post-244741","1":"post","2":"type-post","3":"status-publish","4":"format-standard","5":"has-post-thumbnail","7":"category-famosos","8":"tag-celebrities","9":"tag-entertainment","10":"tag-entretenimiento","11":"tag-es","12":"tag-espana","13":"tag-famosos","14":"tag-spain"},"share_on_mastodon":{"url":"https:\/\/pubeurope.com\/@es\/115577012290397094","error":""},"_links":{"self":[{"href":"https:\/\/www.europesays.com\/es\/wp-json\/wp\/v2\/posts\/244741","targetHints":{"allow":["GET"]}}],"collection":[{"href":"https:\/\/www.europesays.com\/es\/wp-json\/wp\/v2\/posts"}],"about":[{"href":"https:\/\/www.europesays.com\/es\/wp-json\/wp\/v2\/types\/post"}],"author":[{"embeddable":true,"href":"https:\/\/www.europesays.com\/es\/wp-json\/wp\/v2\/users\/2"}],"replies":[{"embeddable":true,"href":"https:\/\/www.europesays.com\/es\/wp-json\/wp\/v2\/comments?post=244741"}],"version-history":[{"count":0,"href":"https:\/\/www.europesays.com\/es\/wp-json\/wp\/v2\/posts\/244741\/revisions"}],"wp:featuredmedia":[{"embeddable":true,"href":"https:\/\/www.europesays.com\/es\/wp-json\/wp\/v2\/media\/244742"}],"wp:attachment":[{"href":"https:\/\/www.europesays.com\/es\/wp-json\/wp\/v2\/media?parent=244741"}],"wp:term":[{"taxonomy":"category","embeddable":true,"href":"https:\/\/www.europesays.com\/es\/wp-json\/wp\/v2\/categories?post=244741"},{"taxonomy":"post_tag","embeddable":true,"href":"https:\/\/www.europesays.com\/es\/wp-json\/wp\/v2\/tags?post=244741"}],"curies":[{"name":"wp","href":"https:\/\/api.w.org\/{rel}","templated":true}]}}