{"id":244759,"date":"2025-11-19T15:22:18","date_gmt":"2025-11-19T15:22:18","guid":{"rendered":"https:\/\/www.europesays.com\/es\/244759\/"},"modified":"2025-11-19T15:22:18","modified_gmt":"2025-11-19T15:22:18","slug":"un-hito-tecnologico-para-porsche-con-la-electrificacion-del-cayenne","status":"publish","type":"post","link":"https:\/\/www.europesays.com\/es\/244759\/","title":{"rendered":"Un hito tecnol\u00f3gico para Porsche con la electrificaci\u00f3n del Cayenne"},"content":{"rendered":"<p>El Cayenne fue el primer modelo con el que Porsche traslad\u00f3 la leyenda de la marca de autos deportivos a un segmento de mercado completamente nuevo. Desde su estreno en septiembre de 2002, el todoterreno deportivo se convirti\u00f3 en un \u00e9xito mundial. Ahora comienza una nueva era con el Cayenne totalmente el\u00e9ctrico. \u00abEl Cayenne El\u00e9ctrico muestra rendimiento en una dimensi\u00f3n completamente nueva, con tecnolog\u00edas innovadoras desarrolladas en el automovilismo deportivo. Establece nuevos est\u00e1ndares en el segmento SUV, tanto en caracter\u00edsticas de manejo como en carga\u00bb, dice Oliver Blume, Presidente de la Junta Directiva de Porsche AG. \u00abUn rendimiento el\u00e9ctrico excepcional se encuentra con usabilidad diaria real. La excelente comodidad en viajes largos se combina con capacidad todoterreno sin concesiones\u00bb.<\/p>\n<p>            <a title=\"Oliver Blume, Presidente del Consejo de Direcci\u00f3n de Porsche AG, Cayenne Turbo Electric, 2025, Porsche AG\" class=\"full-width lightbox-image\" itemprop=\"contentUrl\" data-image=\"https:\/\/porschepictures.flowcenter.de\/pmdb\/thumbnail.cgi?id=327756&amp;w=1620&amp;h=936&amp;crop=1&amp;public=1&amp;cs=e847b9ed4e234687\" data-title=\"Oliver Blume, Presidente del Consejo de Direcci\u00f3n de Porsche AG, Cayenne Turbo Electric, 2025, Porsche AG\" data-format=\"JPG\" data-size=\"\" data-selection-url=\"#\" data-download-url=\"https:\/\/porschepictures.flowcenter.de\/pmdb\/thumbnail.cgi?id=327756&amp;w=6000&amp;h=4002&amp;crop=0&amp;public=1&amp;cs=e847b9ed4e234687\" data-asset-id=\"asset-jcr-pmdb:3c8c8170-eb5e-4737-81f0-9de67d7c9d41\" data-asset-description=\"\" data-asset-copyright-label=\"Foto\" data-asset-copyright=\"\" data-asset-consumption-info=\"Cayenne Turbo Electric (preliminary values): consumo combinado de electricidad (WLTP) 22.3 \u2013 20.4 kWh\/100 km, emisiones combinadas de CO\u2082 (WLTP) 0 g\/km, CO\u2082 class A \" data-preview-mode=\"true\"><br \/>\n                <img decoding=\"async\" class=\"\" itemprop=\"thumbnailUrl\" src=\"https:\/\/www.europesays.com\/es\/wp-content\/uploads\/2025\/11\/thumbnail.cgi\" alt=\"Oliver Blume, Presidente del Consejo de Direcci\u00f3n de Porsche AG, Cayenne Turbo Electric, 2025, Porsche AG\"\/><br \/>\n            <\/a><\/p>\n<p>            Oliver Blume, Presidente del Consejo de Direcci\u00f3n de Porsche AG.<\/p>\n<p>Con aproximadamente 36 por ciento de sus autos deportivos vendidos globalmente electrificados, Porsche es uno de los fabricantes que m\u00e1s r\u00e1pido se est\u00e1 transformando en 2025. El Cayenne El\u00e9ctrico es el siguiente hito en esta historia de \u00e9xito y complementa la oferta existente de modelos Cayenne de combusti\u00f3n e h\u00edbridos enchufables, ofreciendo una elecci\u00f3n completamente flexible de sistemas de propulsi\u00f3n Porsche.<\/p>\n<p>El rendimiento de un superdeportivo y niveles de recuperaci\u00f3n de F\u00f3rmula E<\/p>\n<p>La familia Cayenne totalmente el\u00e9ctrica comprende inicialmente dos modelos: el Cayenne El\u00e9ctrico y el Cayenne Turbo El\u00e9ctrico, ambos con tracci\u00f3n total y equipados con el sistema electr\u00f3nico Porsche Traction Management (ePTM).<\/p>\n<p>            <a title=\"Cayenne Electric, Cayenne Turbo Electric (i-d), 2025, Porsche AG\" class=\"full-width lightbox-image\" itemprop=\"contentUrl\" data-image=\"https:\/\/porschepictures.flowcenter.de\/pmdb\/thumbnail.cgi?id=327741&amp;w=1620&amp;h=936&amp;crop=1&amp;public=1&amp;cs=566a0e249e701140\" data-title=\"Cayenne Electric, Cayenne Turbo Electric (i-d), 2025, Porsche AG\" data-format=\"JPG\" data-size=\"\" data-selection-url=\"#\" data-download-url=\"https:\/\/porschepictures.flowcenter.de\/pmdb\/thumbnail.cgi?id=327741&amp;w=6000&amp;h=4002&amp;crop=0&amp;public=1&amp;cs=566a0e249e701140\" data-asset-id=\"asset-jcr-pmdb:ebd02290-a1c9-4b62-b37d-376688f00adc\" data-asset-description=\"\" data-asset-copyright-label=\"Foto\" data-asset-copyright=\"\" data-asset-consumption-info=\"Cayenne Electric (preliminary values): consumo combinado de electricidad (WLTP) 21.8 \u2013 19.7 kWh\/100 km, emisiones combinadas de CO\u2082 (WLTP) 0 g\/km, CO\u2082 class A &lt;br&gt;Cayenne Turbo Electric (preliminary values): consumo combinado de electricidad (WLTP) 22.3 \u2013 20.4 kWh\/100 km, emisiones combinadas de CO\u2082 (WLTP) 0 g\/km, CO\u2082 class A \" data-preview-mode=\"true\"><br \/>\n                <img decoding=\"async\" class=\"\" itemprop=\"thumbnailUrl\" src=\"https:\/\/www.europesays.com\/es\/wp-content\/uploads\/2025\/11\/1763565734_792_thumbnail.cgi\" alt=\"Cayenne Electric, Cayenne Turbo Electric (i-d), 2025, Porsche AG\"\/><br \/>\n            <\/a><\/p>\n<p>El Cayenne Turbo El\u00e9ctrico acelera de 0\u2013100 km\/h en 2.5 segundos, de 0\u2013200 km\/h en 7.4 segundos y alcanza una velocidad m\u00e1xima de 260 km\/h. Este potente rendimiento el\u00e9ctrico es posible gracias a un sistema de propulsi\u00f3n recientemente desarrollado que genera hasta 850 kW (1156 HP) y hasta 1500 Nm de torque cuando se activa el Launch Control.<\/p>\n<p>La variante Turbo cuenta con enfriamiento directo por aceite del motor el\u00e9ctrico en el eje trasero para garantizar alta potencia continua y eficiencia, una innovaci\u00f3n proveniente del automovilismo deportivo. En modo de conducci\u00f3n normal, hay hasta 630 kW (857 HP) disponibles. Mediante la funci\u00f3n Push-to-Pass2, se pueden activar 130 kW (176 HP) adicionales durante 10 segundos con solo presionar un bot\u00f3n.<\/p>\n<p>El modelo Cayenne de entrada tiene 300 kW (408 HP) en operaci\u00f3n normal y 325 kW (442 HP) y 835 Nm de torque con Launch Control. Acelera de 0\u2013100 km\/h en 4.8 segundos y alcanza una velocidad m\u00e1xima de 230 km\/h. El Cayenne El\u00e9ctrico tambi\u00e9n ofrece cifras l\u00edderes de recuperaci\u00f3n de energ\u00eda, alcanzando niveles de F\u00f3rmula E con hasta 600 kW de potencia recuperativa. En el uso diario, aproximadamente el 97 por ciento de todas las operaciones de frenado pueden manejarse exclusivamente mediante los motores el\u00e9ctricos. Los frenos mec\u00e1nicos de fricci\u00f3n rara vez necesitan intervenir. Para el Cayenne Turbo, el freno Porsche Ceramic Composite Brake (PCCB) tambi\u00e9n est\u00e1 disponible para este caso, como opci\u00f3n.<\/p>\n<p>        <img decoding=\"async\" loading=\"lazy\" class=\"\" itemprop=\"thumbnailUrl\" src=\"https:\/\/www.europesays.com\/es\/wp-content\/uploads\/2025\/11\/327101_6000x4000.jpg\" alt=\"\"\/><\/p>\n<p>            <a href=\"https:\/\/newsroom.porsche.com\/es\/2025\/vehiculos\/pla-porsche-cayenne-electric-experiencia-formula-e-transferencia-tecnologia-41027.html\" title=\"Tecnolog\u00eda del Cayenne Electric\" class=\"teaser-link\" target=\"_blank\" rel=\"nofollow noopener\"><br \/>\n                Tecnolog\u00eda del Cayenne Electric<br \/>\n            <\/a><\/p>\n<p>El SUV se beneficia de innovaciones procedentes de la F\u00f3rmula E.<\/p>\n<p>El Cayenne El\u00e9ctrico debe gran parte de su versatilidad a su chasis. La suspensi\u00f3n neum\u00e1tica adaptativa con Porsche Active Suspension Management (PASM) viene de serie en ambos modelos. El Turbo tambi\u00e9n cuenta con el diferencial autoblocante trasero Porsche Torque Vectoring Plus (PTV Plus). Ambos modelos pueden equiparse con direcci\u00f3n en el eje trasero, que dirige las ruedas traseras hasta cinco grados. Adem\u00e1s, Porsche Active Ride tambi\u00e9n est\u00e1 disponible por primera vez para el modelo insignia (exclusivamente Turbo). El sistema de suspensi\u00f3n activa, conocido de los sedanes deportivos Porsche y utilizado por primera vez en el Cayenne, compensa casi por completo los movimientos de la carrocer\u00eda y garantiza estabilidad, dinamismo y confort excepcionales.<\/p>\n<p>    Carga innovadora: r\u00e1pida, robusta e inal\u00e1mbrica*<\/p>\n<p>Los modelos Cayenne totalmente el\u00e9ctricos cuentan con una bater\u00eda de alto voltaje de 113 kWh recientemente desarrollada, con enfriamiento de doble cara para una gesti\u00f3n t\u00e9rmica \u00f3ptima. Esto ofrece una autonom\u00eda WLTP combinada de hasta 642 km para el Cayenne El\u00e9ctrico y hasta 623 km para el Turbo.<\/p>\n<p>Gracias a su tecnolog\u00eda de 800 voltios, el Cayenne se carga con una capacidad DC de hasta 390 kW, e incluso hasta 400 kW bajo condiciones espec\u00edficas4. El estado de carga (SoC) puede aumentarse del 10 al 80 por ciento en menos de 16 minutos1. En solo 10 minutos<strong>3<\/strong>, se puede agregar energ\u00eda para una autonom\u00eda de 325 km (Cayenne) o 315 km (Cayenne Turbo). El rendimiento de carga robusto fue un enfoque principal durante el desarrollo del nuevo Cayenne. Es el primer veh\u00edculo Porsche equipado con puerto de carga r\u00e1pida DC J3400 (NACS) en el lado del conductor y un puerto de carga AC J1772 en el lado del pasajero para Am\u00e9rica del Norte (EE.UU., Canad\u00e1, M\u00e9xico y Puerto Rico). Para los dem\u00e1s mercados, se aplican CCS1\/Tipo 1 y CCS2\/Tipo 2. El Cayenne El\u00e9ctrico tambi\u00e9n es el primer Porsche en soportar carga inductiva opcional de hasta 11 kW. Con Porsche Wireless Charging, el usuario simplemente estaciona sobre una placa en el piso y el proceso de carga inicia autom\u00e1ticamente.<\/p>\n<p>            <a title=\"Cayenne Turbo Electric, Porsche Wireless Charging, 2025, Porsche AG\" class=\"full-width lightbox-image\" itemprop=\"contentUrl\" data-image=\"https:\/\/porschepictures.flowcenter.de\/pmdb\/thumbnail.cgi?id=327493&amp;w=1620&amp;h=936&amp;crop=1&amp;public=1&amp;cs=b0e21facaba7801d\" data-title=\"Cayenne Turbo Electric, Porsche Wireless Charging, 2025, Porsche AG\" data-format=\"JPG\" data-size=\"\" data-selection-url=\"#\" data-download-url=\"https:\/\/porschepictures.flowcenter.de\/pmdb\/thumbnail.cgi?id=327493&amp;w=6000&amp;h=4000&amp;crop=0&amp;public=1&amp;cs=b0e21facaba7801d\" data-asset-id=\"asset-jcr-pmdb:d0d73dbd-4a48-4dec-b428-6cd02a53d05f\" data-asset-description=\"\" data-asset-copyright-label=\"Foto\" data-asset-copyright=\"\" data-asset-consumption-info=\"Cayenne Turbo Electric (preliminary values): consumo combinado de electricidad (WLTP) 22.3 \u2013 20.4 kWh\/100 km, emisiones combinadas de CO\u2082 (WLTP) 0 g\/km, CO\u2082 class A \" data-preview-mode=\"true\"><br \/>\n                <img decoding=\"async\" class=\"\" itemprop=\"thumbnailUrl\" src=\"https:\/\/www.europesays.com\/es\/wp-content\/uploads\/2025\/11\/1763565735_821_thumbnail.cgi\" alt=\"Cayenne Turbo Electric, Porsche Wireless Charging, 2025, Porsche AG\"\/><br \/>\n            <\/a><\/p>\n<p>    Nuevo dise\u00f1o exterior: progresivo, aerodin\u00e1mico e inconfundiblemente Cayenne<\/p>\n<p>El Cayenne El\u00e9ctrico combina las proporciones caracter\u00edsticas de Porsche con un lenguaje de dise\u00f1o claramente desarrollado. \u00abEl nuevo Cayenne es inconfundiblemente Porsche e inconfundiblemente Cayenne. Nos basamos en caracter\u00edsticas de dise\u00f1o probadas y preservamos lo que hace \u00fanico a este SUV. El resultado es un concepto de dise\u00f1o moderno que lleva al Cayenne hacia el futuro\u00bb, dice Michael Mauer, Jefe de Estilo de Porsche. Entre los aspectos destacados est\u00e1n el cap\u00f3 bajo con faros delgados Matrix LED, que enfatizan el ancho del veh\u00edculo y combinan todas las funciones de iluminaci\u00f3n en un solo m\u00f3dulo. Los guardabarros fuertemente contorneados son t\u00edpicas de otros dise\u00f1os de Porsche, al igual que la flyline, la ic\u00f3nica l\u00ednea de techo ligeramente inclinada.<\/p>\n<p>            <a title=\"Michael Mauer, Vicepresidente de Style Porsche, Cayenne Electric, 2025, Porsche AG\" class=\"full-width lightbox-image\" itemprop=\"contentUrl\" data-image=\"https:\/\/porschepictures.flowcenter.de\/pmdb\/thumbnail.cgi?id=327757&amp;w=1620&amp;h=936&amp;crop=1&amp;public=1&amp;cs=d287a6f97159a7df\" data-title=\"Michael Mauer, Vicepresidente de Style Porsche, Cayenne Electric, 2025, Porsche AG\" data-format=\"JPG\" data-size=\"\" data-selection-url=\"#\" data-download-url=\"https:\/\/porschepictures.flowcenter.de\/pmdb\/thumbnail.cgi?id=327757&amp;w=6000&amp;h=4002&amp;crop=0&amp;public=1&amp;cs=d287a6f97159a7df\" data-asset-id=\"asset-jcr-pmdb:2d132cbb-cac8-4a8f-8a31-89f3e7ca90bc\" data-asset-description=\"\" data-asset-copyright-label=\"Foto\" data-asset-copyright=\"\" data-asset-consumption-info=\"Cayenne Electric (preliminary values): consumo combinado de electricidad (WLTP) 21.8 \u2013 19.7 kWh\/100 km, emisiones combinadas de CO\u2082 (WLTP) 0 g\/km, CO\u2082 class A \" data-preview-mode=\"true\"><br \/>\n                <img decoding=\"async\" class=\"\" itemprop=\"thumbnailUrl\" src=\"https:\/\/www.europesays.com\/es\/wp-content\/uploads\/2025\/11\/1763565735_962_thumbnail.cgi\" alt=\"Michael Mauer, Vicepresidente de Style Porsche, Cayenne Electric, 2025, Porsche AG\"\/><br \/>\n            <\/a><\/p>\n<p>            Michael Mauer, Vicepresidente de Style Porsche.<\/p>\n<p>La vista lateral se caracteriza por puertas sin marco y un pliegue llamativo en la superficie de la puerta. Los faldones laterales tienen un dise\u00f1o tridimensional marcado y est\u00e1n pintados en Volcanic Grey Metallic\u2014en negro brillante para el Cayenne Turbo. El concepto de dos tonos subraya las proporciones deportivas del auto. Los revestimientos de los arcos de las ruedas espec\u00edficos del modelo enfatizan su car\u00e1cter todoterreno. Detalles llamativos en la parte trasera, como la franja de luz con su distintivo aspecto 3D y gr\u00e1ficos animados, as\u00ed como el logotipo Porsche iluminado, subrayan el lenguaje de dise\u00f1o moderno. El Cayenne Turbo presenta numerosos elementos de contraste en el exclusivo color Turbonite: los escudos Porsche, las caras de las llantas de aleaci\u00f3n y los revestimientos de las ventanas laterales. Acentos delicados en Turbonite realzan la franja de luz y el logotipo Porsche.<\/p>\n<p>            <a title=\"Cayenne Electric, 2025, Porsche AG\" class=\"full-width lightbox-image\" itemprop=\"contentUrl\" data-image=\"https:\/\/porschepictures.flowcenter.de\/pmdb\/thumbnail.cgi?id=327745&amp;w=1620&amp;h=936&amp;crop=1&amp;public=1&amp;cs=f4da830cd030de3f\" data-title=\"Cayenne Electric, 2025, Porsche AG\" data-format=\"JPG\" data-size=\"\" data-selection-url=\"#\" data-download-url=\"https:\/\/porschepictures.flowcenter.de\/pmdb\/thumbnail.cgi?id=327745&amp;w=6000&amp;h=4002&amp;crop=0&amp;public=1&amp;cs=f4da830cd030de3f\" data-asset-id=\"asset-jcr-pmdb:22dbd11a-e2b7-49c2-a54d-c7ffddd52636\" data-asset-description=\"\" data-asset-copyright-label=\"Foto\" data-asset-copyright=\"\" data-asset-consumption-info=\"Cayenne Electric (preliminary values): consumo combinado de electricidad (WLTP) 21.8 \u2013 19.7 kWh\/100 km, emisiones combinadas de CO\u2082 (WLTP) 0 g\/km, CO\u2082 class A \" data-preview-mode=\"true\"><br \/>\n                <img decoding=\"async\" class=\"\" itemprop=\"thumbnailUrl\" src=\"https:\/\/www.europesays.com\/es\/wp-content\/uploads\/2025\/11\/1763565736_243_thumbnail.cgi\" alt=\"Cayenne Electric, 2025, Porsche AG\"\/><br \/>\n            <\/a><\/p>\n<p>Para clientes con requisitos especiales en t\u00e9rminos de \u00e1ngulo de aproximaci\u00f3n y robustez, est\u00e1 disponible el paquete Off-Road. Su secci\u00f3n frontal con geometr\u00eda modificada ayuda a navegar con seguridad caminos de tierra \u00e1speros, ascensos o descensos empinados y terreno dif\u00edcil.<\/p>\n<p>Con un coeficiente de arrastre de 0.25, el nuevo Cayenne El\u00e9ctrico es uno de los SUV m\u00e1s aerodin\u00e1micos de su clase, ofreciendo beneficios en autonom\u00eda y consumo de energ\u00eda. El sistema Porsche Active Aerodynamics (PAA) adapta con precisi\u00f3n las propiedades aerodin\u00e1micas del auto a la situaci\u00f3n de conducci\u00f3n y velocidad. Junto con una estrategia de control eficiente, tambi\u00e9n contribuye a la din\u00e1mica de conducci\u00f3n esperada de la marca con carga aerodin\u00e1mica adicional. Los elementos aerodin\u00e1micos activos incluyen compuertas de aire de enfriamiento m\u00f3viles en el morro, un aler\u00f3n de techo adaptativo y los innovadores aeroblades activos en la parte trasera del Turbo. Estos extienden los bordes laterales de desprendimiento y mejoran las caracter\u00edsticas del flujo, aumentando la autonom\u00eda especialmente a velocidades m\u00e1s altas. Otras medidas aerodin\u00e1micas incluyen cortinas de aire en la carrocer\u00eda delantera, un piso inferior casi completamente cerrado, ruedas aero especiales y un difusor en la parte trasera.<\/p>\n<p>            <a title=\"Cayenne Turbo Electric, 2025, Porsche AG\" class=\"full-width lightbox-image\" itemprop=\"contentUrl\" data-image=\"https:\/\/porschepictures.flowcenter.de\/pmdb\/thumbnail.cgi?id=327522&amp;w=1620&amp;h=936&amp;crop=1&amp;public=1&amp;cs=59735703d57fd28a\" data-title=\"Cayenne Turbo Electric, 2025, Porsche AG\" data-format=\"JPG\" data-size=\"\" data-selection-url=\"#\" data-download-url=\"https:\/\/porschepictures.flowcenter.de\/pmdb\/thumbnail.cgi?id=327522&amp;w=6000&amp;h=4002&amp;crop=0&amp;public=1&amp;cs=59735703d57fd28a\" data-asset-id=\"asset-jcr-pmdb:bd2cf944-6af8-40c0-94ee-915d0ce5e1bf\" data-asset-description=\"\" data-asset-copyright-label=\"Foto\" data-asset-copyright=\"\" data-asset-consumption-info=\"Cayenne Turbo Electric (preliminary values): consumo combinado de electricidad (WLTP) 22.3 \u2013 20.4 kWh\/100 km, emisiones combinadas de CO\u2082 (WLTP) 0 g\/km, CO\u2082 class A \" data-preview-mode=\"true\"><br \/>\n                <img decoding=\"async\" class=\"\" itemprop=\"thumbnailUrl\" src=\"https:\/\/www.europesays.com\/es\/wp-content\/uploads\/2025\/11\/1763565736_400_thumbnail.cgi\" alt=\"Cayenne Turbo Electric, 2025, Porsche AG\"\/><br \/>\n            <\/a><\/p>\n<p>    Un nuevo nivel de utilidad, confort e individualidad<\/p>\n<p>El Cayenne El\u00e9ctrico es 55 mil\u00edmetros m\u00e1s largo que el modelo de combusti\u00f3n. El nuevo SUV tiene 4985 mm de largo, 1980 mm de ancho y 1674 mm de alto. La diferencia es mayor en la distancia entre ejes (3023 mm), donde un aumento de casi 13 cm significa m\u00e1s espacio para las piernas en la parte trasera y confort para los pasajeros de atr\u00e1s que nunca antes. El sistema de asientos traseros es ajustable el\u00e9ctricamente de serie y ofrece opciones de ajuste flexibles desde una posici\u00f3n de confort hasta una de carga. La capacidad de equipaje es de 781 a 1588 litros, m\u00e1s el compartimento de equipaje delantero de 90 litros. El valor utilitario del nuevo auto tambi\u00e9n se subraya por su capacidad de remolque de hasta 3.5 toneladas, dependiendo del equipamiento.<\/p>\n<p>Los Mood Modes recientemente introducidos convierten el interior en un espacio de experiencia que se adapta al estado de \u00e1nimo y la situaci\u00f3n. Dependiendo del programa seleccionado, cambian la posici\u00f3n del asiento, el ambiente de iluminaci\u00f3n, el aire acondicionado, el perfil de sonido y la apariencia de la pantalla. El techo panor\u00e1mico deslizante con Variable Light Control, una l\u00e1mina de cristal l\u00edquido conmutable el\u00e9ctricamente proporciona una sensaci\u00f3n de espacio aireada. Otro punto destacado es la nueva calefacci\u00f3n de paneles: no solo calienta los asientos, sino tambi\u00e9n grandes \u00e1reas de superficies de contacto como reposabrazos y paneles de puertas. La gama de comodidades se complementa con iluminaci\u00f3n ambiental extendida que incluye una luz de comunicaci\u00f3n, una franja de luz animada que da la bienvenida a los pasajeros al entrar al auto y visualiza varios estados del veh\u00edculo, como el proceso de carga.<\/p>\n<p>Nunca antes un Cayenne hab\u00eda sido tan exhaustiva e individualmente personalizable como el nuevo modelo totalmente el\u00e9ctrico. Los clientes pueden elegir entre 13 colores est\u00e1ndar, nueve dise\u00f1os de llantas de 20 a 22 pulgadas, 12 combinaciones de interior, as\u00ed como hasta cinco paquetes de interior y hasta cinco paquetes de acentos. Gracias a Porsche Exclusive Manufaktur, la gama extendida de colores exteriores Paint to Sample y el programa Sonderwunsch, los clientes tambi\u00e9n pueden individualizar su Cayenne seg\u00fan sus deseos personales, desde una gran cantidad de opciones hasta un ejemplar \u00fanico completo.<\/p>\n<p>El programa de relojes hechos a medida de Porsche Design se ha expandido para incluir la gama de modelos SUV. Esto significa que los clientes de Cayenne ahora tambi\u00e9n pueden pedir un reloj del propio fabricante de relojes suizo de Porsche que est\u00e9 adaptado a su veh\u00edculo hasta el \u00faltimo detalle.<\/p>\n<p>            <a title=\"Reloj Porsche Design, 2025, Porsche AG\" class=\"full-width lightbox-image\" itemprop=\"contentUrl\" data-image=\"https:\/\/porschepictures.flowcenter.de\/pmdb\/thumbnail.cgi?id=327790&amp;w=1620&amp;h=936&amp;crop=1&amp;public=1&amp;cs=06a4d9ccc85898bc\" data-title=\"Reloj Porsche Design, 2025, Porsche AG\" data-format=\"JPG\" data-size=\"\" data-selection-url=\"#\" data-download-url=\"https:\/\/porschepictures.flowcenter.de\/pmdb\/thumbnail.cgi?id=327790&amp;w=6000&amp;h=4002&amp;crop=0&amp;public=1&amp;cs=06a4d9ccc85898bc\" data-asset-id=\"asset-jcr-pmdb:11ef744b-71ca-42de-a060-196e14c462ae\" data-asset-description=\"\" data-asset-copyright-label=\"Foto\" data-asset-copyright=\"\" data-asset-consumption-info=\"\" data-preview-mode=\"true\"><br \/>\n                <img decoding=\"async\" class=\"\" itemprop=\"thumbnailUrl\" src=\"https:\/\/www.europesays.com\/es\/wp-content\/uploads\/2025\/11\/1763565737_848_thumbnail.cgi\" alt=\"Reloj Porsche Design, 2025, Porsche AG\"\/><br \/>\n            <\/a><\/p>\n<p>    Porsche Driver Experience: la pantalla m\u00e1s grande en un Porsche<\/p>\n<p>En digitalizaci\u00f3n, el Cayenne El\u00e9ctrico eleva la experiencia de conducci\u00f3n a un nuevo nivel. El coraz\u00f3n de la Porsche Driver Experience es el Flow Display, un panel OLED elegantemente curvado que se integra perfectamente en la consola central y separa claramente las \u00e1reas de visualizaci\u00f3n y control. Se complementa con un panel de instrumentos totalmente digital con tecnolog\u00eda OLED de 14.25 pulgadas y una pantalla opcional de 14.9 pulgadas para el pasajero. Juntos forman el \u00e1rea de pantalla m\u00e1s grande jam\u00e1s vista en un Porsche. Por primera vez en el Cayenne, est\u00e1 disponible una pantalla de visualizaci\u00f3n frontal con tecnolog\u00eda AR**, que proyecta visualmente un \u00e1rea equivalente a 87 pulgadas a 10 metros frente al veh\u00edculo. Todas las pantallas se integran perfectamente en la arquitectura interior. En contraste, los botones y controles para funciones frecuentes, como el aire acondicionado y el volumen de audio, son anal\u00f3gicos. Adem\u00e1s, un apoyamanos permite al conductor operar los elementos digitales y anal\u00f3gicos ergon\u00f3micamente, incluso en situaciones de conducci\u00f3n din\u00e1micas.<\/p>\n<p>            <a title=\"Sajjad Khan, miembro del Consejo de Direcci\u00f3n de Porsche AG como responsable de Car-IT, Cayenne Electric, 2025, Porsche AG\" class=\"full-width lightbox-image\" itemprop=\"contentUrl\" data-image=\"https:\/\/porschepictures.flowcenter.de\/pmdb\/thumbnail.cgi?id=327759&amp;w=1620&amp;h=936&amp;crop=1&amp;public=1&amp;cs=734eca31533dc804\" data-title=\"Sajjad Khan, miembro del Consejo de Direcci\u00f3n de Porsche AG como responsable de Car-IT, Cayenne Electric, 2025, Porsche AG\" data-format=\"JPG\" data-size=\"\" data-selection-url=\"#\" data-download-url=\"https:\/\/porschepictures.flowcenter.de\/pmdb\/thumbnail.cgi?id=327759&amp;w=6000&amp;h=4002&amp;crop=0&amp;public=1&amp;cs=734eca31533dc804\" data-asset-id=\"asset-jcr-pmdb:157bc057-ddec-4549-b665-6d3b1eadfb04\" data-asset-description=\"\" data-asset-copyright-label=\"Foto\" data-asset-copyright=\"\" data-asset-consumption-info=\"Cayenne Electric (preliminary values): consumo combinado de electricidad (WLTP) 21.8 \u2013 19.7 kWh\/100 km, emisiones combinadas de CO\u2082 (WLTP) 0 g\/km, CO\u2082 class A \" data-preview-mode=\"true\"><br \/>\n                <img decoding=\"async\" class=\"\" itemprop=\"thumbnailUrl\" src=\"https:\/\/www.europesays.com\/es\/wp-content\/uploads\/2025\/11\/1763565737_116_thumbnail.cgi\" alt=\"Sajjad Khan, miembro del Consejo de Direcci\u00f3n de Porsche AG como responsable de Car-IT, Cayenne Electric, 2025, Porsche AG\"\/><br \/>\n            <\/a><\/p>\n<p>            Sajjad Khan, miembro del Consejo de Direcci\u00f3n de Porsche AG como responsable de Car-IT.<\/p>\n<p>La nueva Porsche Digital Interaction es una filosof\u00eda de operaci\u00f3n digital y lenguaje de dise\u00f1o que expande la Porsche Driver Experience. Est\u00e1 orientado hacia la individualizaci\u00f3n y el acceso r\u00e1pido a funciones. Los widgets permiten acceso a funciones preferidas, mientras que la aplicaci\u00f3n Themes personaliza el esquema de color de todas las pantallas. Numerosas aplicaciones de terceros se integran directamente en el veh\u00edculo a trav\u00e9s del Porsche App Centre**. Diversas funciones de streaming y juegos elevan la experiencia digital a un nuevo nivel. El nuevo Voice Pilot tambi\u00e9n contribuye. Gracias a la inteligencia artificial, comprende consultas complejas e interrelacionadas, reconoce el contexto y responde como un interlocutor real. Permite controlar la navegaci\u00f3n intuitivamente y acceder a amplios conocimientos en l\u00ednea. Con Porsche Digital Key**, el smartphone y smartwatch se convierten en llaves del veh\u00edculo que pueden compartirse digitalmente con hasta siete usuarios.<\/p>\n<p>Nuevos est\u00e1ndares mediante la electrificaci\u00f3n: tres sistemas de propulsi\u00f3n m\u00e1s all\u00e1 de 2030<\/p>\n<p>El Cayenne El\u00e9ctrico complementa ahora la selecci\u00f3n existente de tipos de propulsi\u00f3n, que continuar\u00e1n ofreci\u00e9ndose en paralelo a nivel mundial.<\/p>\n<p>            <a title=\"Cayenne Turbo E-Hybrid, Cayenne Turbo Electric, Cayenne GTS Coup\u00e9 (i-d), 2025, Porsche AG\" class=\"full-width lightbox-image\" itemprop=\"contentUrl\" data-image=\"https:\/\/porschepictures.flowcenter.de\/pmdb\/thumbnail.cgi?id=327751&amp;w=1620&amp;h=936&amp;crop=1&amp;public=1&amp;cs=9cd3c8325ff55f84\" data-title=\"Cayenne Turbo E-Hybrid, Cayenne Turbo Electric, Cayenne GTS Coup\u00e9 (i-d), 2025, Porsche AG\" data-format=\"JPG\" data-size=\"\" data-selection-url=\"#\" data-download-url=\"https:\/\/porschepictures.flowcenter.de\/pmdb\/thumbnail.cgi?id=327751&amp;w=6000&amp;h=4002&amp;crop=0&amp;public=1&amp;cs=9cd3c8325ff55f84\" data-asset-id=\"asset-jcr-pmdb:2deb28a3-2955-4770-9121-f47a8f40ed6e\" data-asset-description=\"\" data-asset-copyright-label=\"Foto\" data-asset-copyright=\"\" data-asset-consumption-info=\"Cayenne Turbo Electric (preliminary values): consumo combinado de electricidad (WLTP) 22.3 \u2013 20.4 kWh\/100 km, emisiones combinadas de CO\u2082 (WLTP) 0 g\/km, CO\u2082 class A &lt;br&gt;Cayenne Turbo E-Hybrid SUV: consumo combinado de combustible (WLTP) 5.3 \u2013 4.8 l\/100 km, Fuel consumption with depleted battery combined 11.9 \u2013 11.3 l\/100 km, consumo combinado de electricidad (WLTP) 20.5 \u2013 20.0 kWh\/100 km, emisiones combinadas de CO\u2082 (WLTP) 119 \u2013 108 g\/km, CO\u2082 class D \u2013 C , CO\u2082 class weighted combined D \u2013 C , CO\u2082 class with depleted battery G &lt;br&gt;Cayenne GTS Coup\u00e9: consumo combinado de combustible (WLTP) 12.7 \u2013 12.2 l\/100 km, emisiones combinadas de CO\u2082 (WLTP) 290 \u2013 277 g\/km, CO\u2082 class G , CO\u2082 class weighted combined G \" data-preview-mode=\"true\"><br \/>\n                <img decoding=\"async\" class=\"\" itemprop=\"thumbnailUrl\" src=\"https:\/\/www.europesays.com\/es\/wp-content\/uploads\/2025\/11\/1763565738_288_thumbnail.cgi\" alt=\"Cayenne Turbo E-Hybrid, Cayenne Turbo Electric, Cayenne GTS Coup\u00e9 (i-d), 2025, Porsche AG\"\/><br \/>\n            <\/a><\/p>\n<p>\u00abInspirar a los clientes es nuestra m\u00e1xima prioridad en Porsche. Con la electrificaci\u00f3n del Cayenne, alcanzamos un nuevo nivel de rendimiento que establece est\u00e1ndares para el futuro. Al mismo tiempo, continuaremos desarrollando el Cayenne con sistemas de propulsi\u00f3n de combusti\u00f3n e h\u00edbridos eficientes hasta bien entrada la pr\u00f3xima d\u00e9cada\u00bb, dice Matthias Becker, Miembro de la Junta Directiva de Ventas y Marketing. \u00abEsta estrategia se aplica a todo el portafolio de modelos de Porsche: en cada segmento en el que estamos representados, los clientes tendr\u00e1n en el futuro la opci\u00f3n entre sistemas de propulsi\u00f3n totalmente el\u00e9ctricos y de combusti\u00f3n\u00bb.<\/p>\n<p>Disponibilidad<\/p>\n<p>El nuevo Cayenne El\u00e9ctrico y Cayenne Turbo El\u00e9ctrico complementan ahora el portafolio conocido de sistemas de propulsi\u00f3n de motor de combusti\u00f3n e h\u00edbridos enchufables, que continuar\u00e1n ofreci\u00e9ndose en paralelo a nivel mundial.<\/p>\n<p>1 Tiempo de carga del Cayenne para corriente directa (DC) con potencia de carga m\u00e1xima del 10% SoC hasta el 80% SoC en condiciones \u00f3ptimas (estaci\u00f3n de carga r\u00e1pida CCS que suministra &gt;390kW, &gt;850 V, &gt;520A, m\u00e1s una temperatura de bater\u00eda de 15 \u00b0C, estado inicial de carga del 9% y autonom\u00eda restante <\/p>\n<p>2 El nivel de carga de la bater\u00eda y la temperatura de la bater\u00eda pueden afectar el rendimiento push-to-pass.<\/p>\n<p>3 Autonom\u00eda recargada del Cayenne en 10 min para corriente directa (DC) con potencia de carga m\u00e1xima en condiciones \u00f3ptimas (estaci\u00f3n de carga r\u00e1pida CCS con &gt; 390 kW, &gt; 850 V, &gt; 520A, temperatura de bater\u00eda de 15\u00b0C, estado inicial de carga 9% y autonom\u00eda restante <\/p>\n<p>4 Potencia de carga del Cayenne bajo condiciones espec\u00edficas con estaci\u00f3n de carga r\u00e1pida CCS con &gt; 400 kW, &gt; 850 V, &gt; 520A, estado inicial de carga 45% &#8211; 48%, temperatura de bater\u00eda de 40\u00b0C &#8211; 42\u00b0C. Potencia de carga m\u00e1xima para corriente directa (DC) al cargar del 10% SoC hasta el 80% SoC en condiciones \u00f3ptimas: 390 kW (estaci\u00f3n de carga r\u00e1pida CCS con &gt; 390kW, &gt; 850 V, &gt; 520A, temperatura de bater\u00eda de 15\u00b0C, estado inicial de carga 9% y autonom\u00eda restante <\/p>\n<p><strong>*<\/strong>Las funciones como Carga Inductiva, Porsche Digital Key, App Center y otras est\u00e1n limitadas a ciertos mercados. Consulte con su distribuidor local.<\/p>\n<p><strong>**<\/strong> La pantalla frontal AR mostrar\u00e1 informaci\u00f3n seg\u00fan los sistemas de asistencia y la conectividad disponibles en cada mercado, como navegaci\u00f3n sin conexi\u00f3n. Consulte con su distribuidor local para verificar qu\u00e9 opciones est\u00e1n disponibles.<\/p>\n<p>\u00a0<\/p>\n","protected":false},"excerpt":{"rendered":"El Cayenne fue el primer modelo con el que Porsche traslad\u00f3 la leyenda de la marca de autos&hellip;\n","protected":false},"author":2,"featured_media":244760,"comment_status":"","ping_status":"","sticky":false,"template":"","format":"standard","meta":{"footnotes":""},"categories":[80],"tags":[82,95,94,25,24,23],"class_list":{"0":"post-244759","1":"post","2":"type-post","3":"status-publish","4":"format-standard","5":"has-post-thumbnail","7":"category-economia","8":"tag-business","9":"tag-economia","10":"tag-economy","11":"tag-es","12":"tag-espana","13":"tag-spain"},"share_on_mastodon":{"url":"https:\/\/pubeurope.com\/@es\/115577052447036647","error":""},"_links":{"self":[{"href":"https:\/\/www.europesays.com\/es\/wp-json\/wp\/v2\/posts\/244759","targetHints":{"allow":["GET"]}}],"collection":[{"href":"https:\/\/www.europesays.com\/es\/wp-json\/wp\/v2\/posts"}],"about":[{"href":"https:\/\/www.europesays.com\/es\/wp-json\/wp\/v2\/types\/post"}],"author":[{"embeddable":true,"href":"https:\/\/www.europesays.com\/es\/wp-json\/wp\/v2\/users\/2"}],"replies":[{"embeddable":true,"href":"https:\/\/www.europesays.com\/es\/wp-json\/wp\/v2\/comments?post=244759"}],"version-history":[{"count":0,"href":"https:\/\/www.europesays.com\/es\/wp-json\/wp\/v2\/posts\/244759\/revisions"}],"wp:featuredmedia":[{"embeddable":true,"href":"https:\/\/www.europesays.com\/es\/wp-json\/wp\/v2\/media\/244760"}],"wp:attachment":[{"href":"https:\/\/www.europesays.com\/es\/wp-json\/wp\/v2\/media?parent=244759"}],"wp:term":[{"taxonomy":"category","embeddable":true,"href":"https:\/\/www.europesays.com\/es\/wp-json\/wp\/v2\/categories?post=244759"},{"taxonomy":"post_tag","embeddable":true,"href":"https:\/\/www.europesays.com\/es\/wp-json\/wp\/v2\/tags?post=244759"}],"curies":[{"name":"wp","href":"https:\/\/api.w.org\/{rel}","templated":true}]}}