{"id":244761,"date":"2025-11-19T15:23:10","date_gmt":"2025-11-19T15:23:10","guid":{"rendered":"https:\/\/www.europesays.com\/es\/244761\/"},"modified":"2025-11-19T15:23:10","modified_gmt":"2025-11-19T15:23:10","slug":"el-louvre-instalara-nuevas-camaras-y-sistemas-antiintrusion-tras-el-robo-de-las-joyas-de-la-corona","status":"publish","type":"post","link":"https:\/\/www.europesays.com\/es\/244761\/","title":{"rendered":"El Louvre instalar\u00e1 nuevas c\u00e1maras y sistemas antiintrusi\u00f3n tras el robo de las joyas de la corona"},"content":{"rendered":"<p>\n         Publicado<br \/>\n            19\/11\/2025 &#8211; 16:11 CET\n            <\/p>\n<p>El director del Museo del Louvre anunci\u00f3 el mi\u00e9rcoles que pronto se instalar\u00e1n nuevas c\u00e1maras de vigilancia y sistemas antiintrusi\u00f3n en el emblem\u00e1tico museo parisino tras el audaz <a href=\"https:\/\/es.euronews.com\/cultura\/2025\/10\/19\/roban-9-joyas-historicas-de-napoleon-en-un-audaz-atraco-al-louvre\" rel=\"nofollow noopener\" target=\"_blank\">robo de las joyas de la corona el mes pasado.<\/a> Un centenar de nuevas c\u00e1maras estar\u00e1n en funcionamiento a finales del a\u00f1o que viene, mientras que los sistemas antiintrusi\u00f3n empezar\u00e1n a instalarse dentro de dos semanas, declar\u00f3 la directora del museo, <strong>Laurence des Cars.<\/strong><\/p>\n<p>Describi\u00f3 los sistemas como equipos que impedir\u00e1n a los intrusos acercarse a los edificios del museo, pero no ofreci\u00f3 detalles concretos. Las nuevas c\u00e1maras de vigilancia tratar\u00e1n de garantizar <strong>\u00abuna protecci\u00f3n completa de los alrededores del museo\u00bb<\/strong>, dijo. \u00abTras la conmoci\u00f3n, tras la emoci\u00f3n, tras la evaluaci\u00f3n, ha llegado el momento de actuar\u00bb en el museo m\u00e1s visitado del mundo, declar\u00f3 des Cars ante la Comisi\u00f3n de Asuntos Culturales de la Asamblea Nacional.<\/p>\n<p>Dijo que era parte de <strong>m\u00e1s de 20 medidas de emergencia<\/strong> que se aplicar\u00e1n, que tambi\u00e9n incluyen la creaci\u00f3n de un puesto de \u00abcoordinador de seguridad\u00bb en el museo. <\/p>\n<p>El d\u00eda del atraco, el 19 de octubre, los ladrones <a href=\"https:\/\/es.euronews.com\/my-europe\/2025\/10\/20\/robo-louvre-paris-que-se-sabe\" rel=\"nofollow noopener\" target=\"_blank\">tardaron menos de ocho minutos<\/a> en forzar una ventana de la Galer\u00eda Apolo con la ayuda de un montacargas y robar el tesoro de joyas, <strong>valorado en 88 millones de euros.<\/strong><\/p>\n<p>Des Cars desvel\u00f3 algunos detalles nuevos sobre la brecha de seguridad, diciendo que las herramientas el\u00e9ctricas utilizadas por los ladrones para cortar las vitrinas eran cortadoras de disco destinadas al hormig\u00f3n. <strong>\u00abEs un m\u00e9todo que no se hab\u00eda imaginado en absoluto\u00bb<\/strong> cuando se sustituyeron las vitrinas de la Galer\u00eda Apolo en 2019, dijo.<\/p>\n<p>En ese momento, hab\u00edan sido dise\u00f1adas principalmente para contrarrestar un ataque desde el interior del museo con armas, agreg\u00f3. Las grabaciones de las c\u00e1maras del museo muestran que durante el robo, las vitrinas \u00abresistieron notablemente bien y no se rompieron\u00bb, dijo. <strong>\u00abLos v\u00eddeos muestran lo dif\u00edcil que fue para los ladrones\u00bb.<\/strong><\/p>\n<p>Des Cars subray\u00f3 que la mejora de la seguridad es una prioridad del plan \u00abNuevo Renacimiento del Louvre\u00bb, de una d\u00e9cada de duraci\u00f3n, puesto en marcha a principios de este a\u00f1o, con un coste estimado de hasta 800 millones de euros, para <strong>modernizar<\/strong> las infraestructuras, aliviar el hacinamiento y <a href=\"https:\/\/es.euronews.com\/cultura\/2024\/04\/25\/una-habitacion-propia-el-louvre-dara-un-nuevo-hogar-a-la-decepcionante-mona-lisa\" rel=\"nofollow noopener\" target=\"_blank\">dotar a la Gioconda de una galer\u00eda espec\u00edfica para 2031.<\/a><\/p>\n<p>Como el Louvre se desmorona bajo el peso del turismo de masas, des Cars ha limitado en los \u00faltimos a\u00f1os el n\u00famero diario de visitantes a <strong>30.000 personas.<\/strong> La famosa pir\u00e1mide de cristal, inaugurada en 1989, deb\u00eda acoger a unos 4 millones de visitantes al a\u00f1o, recuerda. Este a\u00f1o, ya han visitado el Louvre m\u00e1s de 8 millones de personas.<\/p>\n<p>\u00abLa amplia modernizaci\u00f3n a la que se someti\u00f3 el Louvre en la d\u00e9cada de 1980 est\u00e1 ahora t\u00e9cnicamente <strong>obsoleta<\/strong>, con equipos que llevan 40 a\u00f1os rindiendo por encima de sus posibilidades\u00bb, explic\u00f3. El lunes, el Louvre anunci\u00f3 el cierre temporal de algunas oficinas de empleados y de una galer\u00eda p\u00fablica por su fragilidad estructural.<\/p>\n<p>Fuentes adicionales<strong> \u2022 AP<\/strong><\/p>\n","protected":false},"excerpt":{"rendered":"Publicado 19\/11\/2025 &#8211; 16:11 CET El director del Museo del Louvre anunci\u00f3 el mi\u00e9rcoles que pronto se instalar\u00e1n&hellip;\n","protected":false},"author":2,"featured_media":244762,"comment_status":"","ping_status":"","sticky":false,"template":"","format":"standard","meta":{"footnotes":""},"categories":[42],"tags":[17,18,13,14,317,11,61,62,63,64,19,20,52573,9,10,15,16,4759,12,21,22,65,66,67],"class_list":{"0":"post-244761","1":"post","2":"type-post","3":"status-publish","4":"format-standard","5":"has-post-thumbnail","7":"category-internacional","8":"tag-breaking-news","9":"tag-breakingnews","10":"tag-featured-news","11":"tag-featurednews","12":"tag-francia","13":"tag-headlines","14":"tag-internacional","15":"tag-international","16":"tag-international-news","17":"tag-internationalnews","18":"tag-latest-news","19":"tag-latestnews","20":"tag-museo-louvre","21":"tag-news","22":"tag-noticias","23":"tag-noticias-destacadas","24":"tag-noticiasdestacadas","25":"tag-paris","26":"tag-titulares","27":"tag-ultimas-noticias","28":"tag-ultimasnoticias","29":"tag-world","30":"tag-world-news","31":"tag-worldnews"},"share_on_mastodon":{"url":"https:\/\/pubeurope.com\/@es\/115577055211912419","error":""},"_links":{"self":[{"href":"https:\/\/www.europesays.com\/es\/wp-json\/wp\/v2\/posts\/244761","targetHints":{"allow":["GET"]}}],"collection":[{"href":"https:\/\/www.europesays.com\/es\/wp-json\/wp\/v2\/posts"}],"about":[{"href":"https:\/\/www.europesays.com\/es\/wp-json\/wp\/v2\/types\/post"}],"author":[{"embeddable":true,"href":"https:\/\/www.europesays.com\/es\/wp-json\/wp\/v2\/users\/2"}],"replies":[{"embeddable":true,"href":"https:\/\/www.europesays.com\/es\/wp-json\/wp\/v2\/comments?post=244761"}],"version-history":[{"count":0,"href":"https:\/\/www.europesays.com\/es\/wp-json\/wp\/v2\/posts\/244761\/revisions"}],"wp:featuredmedia":[{"embeddable":true,"href":"https:\/\/www.europesays.com\/es\/wp-json\/wp\/v2\/media\/244762"}],"wp:attachment":[{"href":"https:\/\/www.europesays.com\/es\/wp-json\/wp\/v2\/media?parent=244761"}],"wp:term":[{"taxonomy":"category","embeddable":true,"href":"https:\/\/www.europesays.com\/es\/wp-json\/wp\/v2\/categories?post=244761"},{"taxonomy":"post_tag","embeddable":true,"href":"https:\/\/www.europesays.com\/es\/wp-json\/wp\/v2\/tags?post=244761"}],"curies":[{"name":"wp","href":"https:\/\/api.w.org\/{rel}","templated":true}]}}