{"id":244765,"date":"2025-11-19T15:25:10","date_gmt":"2025-11-19T15:25:10","guid":{"rendered":"https:\/\/www.europesays.com\/es\/244765\/"},"modified":"2025-11-19T15:25:10","modified_gmt":"2025-11-19T15:25:10","slug":"portal-de-noticias-del-gobierno-de-canarias-310","status":"publish","type":"post","link":"https:\/\/www.europesays.com\/es\/244765\/","title":{"rendered":"Portal de Noticias del Gobierno de Canarias"},"content":{"rendered":"<blockquote>\n<p>Una delegaci\u00f3n canaria encabezada por el director general de Proyectos Estrat\u00e9gicos del Gobierno de Canarias acude a la mayor feria internacional del sector aeroespacial en Europa<\/p>\n<\/blockquote>\n<p>El Gobierno de Canarias presenta en la feria Space Tech Expo Europe, que se celebra en Bremen del 18 al 20 de noviembre, la Estrategia Aeroespacial Canaria como una herramienta clave para el impulso del sector aeroespacial en las islas. El director general de Proyectos Estrat\u00e9gicos del ejecutivo regional, departamento que coordina la Estrategia Aeroespacial Canaria, David P\u00e9rez-Dionis, ha se\u00f1alado esta cita como indispensable para seguir dando a conocer la apuesta de Canarias por este sector. \u201cUna de las l\u00edneas de actuaci\u00f3n, el Plan de Promoci\u00f3n Internacional del sector aeroespacial, es fundamental para la contribuci\u00f3n a la diversificaci\u00f3n econ\u00f3mica de Canarias\u201d, ha a\u00f1adido.<\/p>\n<p>Canarias se presenta en Bremen como un relevante actor geoestrat\u00e9gico, cuyo desarrollo est\u00e1 marcado por la reci\u00e9n estrenada Estrategia Aeroespacial Canaria. Esta hoja de ruta pretende potenciar las capacidades del sector aeroespacial canario a trav\u00e9s de la puesta en valor de sus infraestructuras cient\u00edficas, tecnol\u00f3gicas y de investigaci\u00f3n o las universidades p\u00fablicas canarias. Todo ello, reforzado por un r\u00e9gimen econ\u00f3mico y fiscal singular, muy atractivo para las inversiones internacionales.<\/p>\n<p>Los objetivos principales de la EAC se centran en la coordinaci\u00f3n de iniciativas p\u00fablico-privadas para atraer empresas que aporten riqueza, diversifiquen el tejido productivo y generen empleo de alto valor a\u00f1adido. Por otra parte, se pretende facilitar el camino de implantaci\u00f3n a las empresas y garantizar su acceso a fondos p\u00fablicos, tanto estatales como europeos.<\/p>\n<p>Con el apoyo de Proexca, con presencia en un stand propio de Canarias bajo el pabell\u00f3n del Instituto Espa\u00f1ol de Comercio Exterior (ICEX), la delegaci\u00f3n canaria en Bremen ha contado con representantes de la Sociedad de Promoci\u00f3n Econ\u00f3mica de Gran Canaria (SPEGC), el Instituto de Astrof\u00edsica de Canarias (IAC), el Parque tecnol\u00f3gico de Fuerteventura y la Zona Especial Canaria (ZEC).<\/p>\n<p>Durante la celebraci\u00f3n del evento, se han mantenido contactos con distintos representantes p\u00fablicos y privados de la industria aeroespacial europea, como la Agencia Espacial Europea (ESA), la Agencia Espacial Francesa (CNES), la entidad Bremen Aeroespacial, la Agencia Espacial de Luxemburgo, la Agencia Espacial de Portugal, la agregadur\u00eda comercial de la Embajada de Canad\u00e1 en Espa\u00f1a, el Centro Aeroespacial de Alemania (DLR) y diferentes empresas del sector.<\/p>\n<p>La industria espacial alemana alcanz\u00f3 una facturaci\u00f3n de aproximadamente 3.000 millones de euros en su segmento manufacturero (upstream) y emple\u00f3 cerca de 10.000 personas en 2024.<\/p>\n<p>Si se incluyen servicios y aplicaciones espaciales (downstream), el tama\u00f1o total del mercado asciende a unos 19.000 millones de euros. Alemania es el segundo mayor contribuyente al presupuesto de la Agencia Espacial Europea (ESA) en 2025, con 951,6 millones de euros (18,8% del presupuesto total).<\/p>\n<p>Bremen, la \u00abCiudad del Espacio\u00bb act\u00faa como el motor industrial del continente, demostrando su fortaleza en 2025 a trav\u00e9s de la vitalidad de la Space Tech Expo Europe y la solidez financiera de sus actores principales. Su foco est\u00e1 en el hardware avanzado, la rob\u00f3tica espacial y los programas de vuelo tripulado.<\/p>\n<p>En los \u00faltimos a\u00f1os, la feria Space Tech Expo Europe ha sido valorada desde la Oficina Comercial de Espa\u00f1a en Berl\u00edn como un evento de gran relevancia estrat\u00e9gica para las empresas espa\u00f1olas del sector espacial. Se destaca el crecimiento sostenido de la feria a lo largo de los a\u00f1os, consolid\u00e1ndose como una de las citas ineludibles para los principales actores de la industria, que cuenta con una notable participaci\u00f3n internacional, con una presencia especialmente destacada de empresas europeas, lo que refleja el creciente dinamismo y competitividad del sector en el continente.<\/p>\n","protected":false},"excerpt":{"rendered":"Una delegaci\u00f3n canaria encabezada por el director general de Proyectos Estrat\u00e9gicos del Gobierno de Canarias acude a la&hellip;\n","protected":false},"author":2,"featured_media":244766,"comment_status":"","ping_status":"","sticky":false,"template":"","format":"standard","meta":{"footnotes":""},"categories":[5],"tags":[17,18,25,24,13,14,11,19,20,9,10,15,16,23,12,21,22],"class_list":{"0":"post-244765","1":"post","2":"type-post","3":"status-publish","4":"format-standard","5":"has-post-thumbnail","7":"category-titulares","8":"tag-breaking-news","9":"tag-breakingnews","10":"tag-es","11":"tag-espana","12":"tag-featured-news","13":"tag-featurednews","14":"tag-headlines","15":"tag-latest-news","16":"tag-latestnews","17":"tag-news","18":"tag-noticias","19":"tag-noticias-destacadas","20":"tag-noticiasdestacadas","21":"tag-spain","22":"tag-titulares","23":"tag-ultimas-noticias","24":"tag-ultimasnoticias"},"share_on_mastodon":{"url":"https:\/\/pubeurope.com\/@es\/115577062861890498","error":""},"_links":{"self":[{"href":"https:\/\/www.europesays.com\/es\/wp-json\/wp\/v2\/posts\/244765","targetHints":{"allow":["GET"]}}],"collection":[{"href":"https:\/\/www.europesays.com\/es\/wp-json\/wp\/v2\/posts"}],"about":[{"href":"https:\/\/www.europesays.com\/es\/wp-json\/wp\/v2\/types\/post"}],"author":[{"embeddable":true,"href":"https:\/\/www.europesays.com\/es\/wp-json\/wp\/v2\/users\/2"}],"replies":[{"embeddable":true,"href":"https:\/\/www.europesays.com\/es\/wp-json\/wp\/v2\/comments?post=244765"}],"version-history":[{"count":0,"href":"https:\/\/www.europesays.com\/es\/wp-json\/wp\/v2\/posts\/244765\/revisions"}],"wp:featuredmedia":[{"embeddable":true,"href":"https:\/\/www.europesays.com\/es\/wp-json\/wp\/v2\/media\/244766"}],"wp:attachment":[{"href":"https:\/\/www.europesays.com\/es\/wp-json\/wp\/v2\/media?parent=244765"}],"wp:term":[{"taxonomy":"category","embeddable":true,"href":"https:\/\/www.europesays.com\/es\/wp-json\/wp\/v2\/categories?post=244765"},{"taxonomy":"post_tag","embeddable":true,"href":"https:\/\/www.europesays.com\/es\/wp-json\/wp\/v2\/tags?post=244765"}],"curies":[{"name":"wp","href":"https:\/\/api.w.org\/{rel}","templated":true}]}}