{"id":244769,"date":"2025-11-19T15:31:13","date_gmt":"2025-11-19T15:31:13","guid":{"rendered":"https:\/\/www.europesays.com\/es\/244769\/"},"modified":"2025-11-19T15:31:13","modified_gmt":"2025-11-19T15:31:13","slug":"el-campeonato-de-europa-tienta-a-pogacar-se-correra-en-eslovenia","status":"publish","type":"post","link":"https:\/\/www.europesays.com\/es\/244769\/","title":{"rendered":"El campeonato de Europa tienta a Pogacar: se correr\u00e1 en Eslovenia"},"content":{"rendered":"<p data-mrf-recirculation=\"Links P\u00e1rrafos\" class=\"ue-c-article__paragraph paragraph ue-c-article--first-letter-highlighted\">T<strong>adej Pogacar<\/strong> disput\u00f3 esta temporada el segundo campeonato de Europa en Ruta de su carrera y logr\u00f3 imponerse con suma solvencia en Ardeche por delante de R<strong>emco Evenepoel y Paul Seixas.\u00a0<\/strong><\/p>\n<p data-mrf-recirculation=\"Links P\u00e1rrafos\" class=\"ue-c-article__paragraph paragraph\">El esloveno sum\u00f3 su primer entorchado continental y puede que no sea el \u00faltimo, ya que todo apunta a que repetir\u00e1 en 2026. Y es que\u00a0Eslovenia ha asegurado oficialmente ser la sede de los <strong>Europeos de Ruta 2026.\u00a0<\/strong><\/p>\n<p>Tadej Pogacar: \u00abFue una temporada perfecta, pero se puede mejorar en 2026\u00bb<\/p>\n<p data-mrf-recirculation=\"Links P\u00e1rrafos\" class=\"ue-c-article__paragraph paragraph\">Liubliana ser\u00e1 la sede de unos campeonatos que se disputar\u00e1n entre <strong>el\u00a03 y el 7 de octubre de 2026, una semana despu\u00e9s del Mundial de Canad\u00e1<\/strong>. Eslovenia se ha convertido en toda una potencia ciclista gracias a figuras como<strong> Pogacar, Primoz Roglic o Matej Mohoric<\/strong> y ahora da un paso al frente organizando uno de los principales eventos ciclistas a nivel europeo.\u00a0<\/p>\n<p data-mrf-recirculation=\"Links P\u00e1rrafos\" class=\"ue-c-article__paragraph paragraph\">En los pr\u00f3ximos meses la organizaci\u00f3n mostrar\u00e1 los <strong>trazados <\/strong>de las pruebas que se disputar\u00e1n, as\u00ed como todo lo relativo a la <strong>log\u00edstica<\/strong>.\u00a0<\/p>\n<p data-mrf-recirculation=\"Links P\u00e1rrafos\" class=\"ue-c-article__paragraph paragraph\">\u00a0\u00a0<\/p>\n","protected":false},"excerpt":{"rendered":"Tadej Pogacar disput\u00f3 esta temporada el segundo campeonato de Europa en Ruta de su carrera y logr\u00f3 imponerse&hellip;\n","protected":false},"author":2,"featured_media":244770,"comment_status":"","ping_status":"","sticky":false,"template":"","format":"standard","meta":{"footnotes":""},"categories":[273],"tags":[313,312,168,25,24,23,167],"class_list":{"0":"post-244769","1":"post","2":"type-post","3":"status-publish","4":"format-standard","5":"has-post-thumbnail","7":"category-ciclismo","8":"tag-ciclismo","9":"tag-cycling","10":"tag-deportes","11":"tag-es","12":"tag-espana","13":"tag-spain","14":"tag-sports"},"share_on_mastodon":{"url":"https:\/\/pubeurope.com\/@es\/115577086442845295","error":""},"_links":{"self":[{"href":"https:\/\/www.europesays.com\/es\/wp-json\/wp\/v2\/posts\/244769","targetHints":{"allow":["GET"]}}],"collection":[{"href":"https:\/\/www.europesays.com\/es\/wp-json\/wp\/v2\/posts"}],"about":[{"href":"https:\/\/www.europesays.com\/es\/wp-json\/wp\/v2\/types\/post"}],"author":[{"embeddable":true,"href":"https:\/\/www.europesays.com\/es\/wp-json\/wp\/v2\/users\/2"}],"replies":[{"embeddable":true,"href":"https:\/\/www.europesays.com\/es\/wp-json\/wp\/v2\/comments?post=244769"}],"version-history":[{"count":0,"href":"https:\/\/www.europesays.com\/es\/wp-json\/wp\/v2\/posts\/244769\/revisions"}],"wp:featuredmedia":[{"embeddable":true,"href":"https:\/\/www.europesays.com\/es\/wp-json\/wp\/v2\/media\/244770"}],"wp:attachment":[{"href":"https:\/\/www.europesays.com\/es\/wp-json\/wp\/v2\/media?parent=244769"}],"wp:term":[{"taxonomy":"category","embeddable":true,"href":"https:\/\/www.europesays.com\/es\/wp-json\/wp\/v2\/categories?post=244769"},{"taxonomy":"post_tag","embeddable":true,"href":"https:\/\/www.europesays.com\/es\/wp-json\/wp\/v2\/tags?post=244769"}],"curies":[{"name":"wp","href":"https:\/\/api.w.org\/{rel}","templated":true}]}}