{"id":244771,"date":"2025-11-19T15:33:12","date_gmt":"2025-11-19T15:33:12","guid":{"rendered":"https:\/\/www.europesays.com\/es\/244771\/"},"modified":"2025-11-19T15:33:12","modified_gmt":"2025-11-19T15:33:12","slug":"lebron-james-comienza-su-temporada-numero-23-marcando-la-carrera-mas-larga-en-la-historia-de-la-nba","status":"publish","type":"post","link":"https:\/\/www.europesays.com\/es\/244771\/","title":{"rendered":"LeBron James comienza su temporada n\u00famero 23, marcando la carrera m\u00e1s larga en la historia de la NBA"},"content":{"rendered":"<p>      CNN<br \/>\n        \u00a0\u2014\u00a0<\/p>\n<p class=\"paragraph inline-placeholder vossi-paragraph\" data-uri=\"es.cms.cnn.com\/_components\/paragraph\/instances\/cmi5tkehw006l26oz6ivi1lfs@published\" data-editable=\"text\" data-component-name=\"paragraph\" data-article-gutter=\"true\">\n            Cuando el alero de Los Angeles Lakers, <a href=\"https:\/\/www.cnn.com\/us\/lebron-james-fast-facts\" rel=\"nofollow noopener\" target=\"_blank\">LeBron James,<\/a> salt\u00f3 a la cancha del Crypto.com Arena el martes por la noche para comenzar su temporada n\u00famero 23 en la NBA, el jugador de 40 a\u00f1os a\u00f1adi\u00f3 otro r\u00e9cord a su ilustre curr\u00edculum: la carrera m\u00e1s larga en la historia de la liga.\n    <\/p>\n<p class=\"paragraph inline-placeholder vossi-paragraph\" data-uri=\"es.cms.cnn.com\/_components\/paragraph\/instances\/cmi5tljyw0005356nybaon2vt@published\" data-editable=\"text\" data-component-name=\"paragraph\" data-article-gutter=\"true\">\n            Antes del martes, James compart\u00eda el galard\u00f3n con Vince Carter, quien jug\u00f3 22 temporadas en la NBA desde 1998 hasta 2000.\n    <\/p>\n<p class=\"paragraph inline-placeholder vossi-paragraph\" data-uri=\"es.cms.cnn.com\/_components\/paragraph\/instances\/cmi5tljyw0006356nt0996xfe@published\" data-editable=\"text\" data-component-name=\"paragraph\" data-article-gutter=\"true\">\n            \u201cFue muy divertido estar ah\u00ed con los chicos, amigo. Ha sido duro mentalmente para m\u00ed\u201d, declar\u00f3 el cuatro veces campe\u00f3n de la NBA despu\u00e9s del partido, \u201cesta es la primera vez que empiezo una temporada de baloncesto y no juego. Desde que empec\u00e9 en el baloncesto, como a los nueve a\u00f1os, nunca me hab\u00eda perdido el comienzo de una temporada\u201d.\n    <\/p>\n<p class=\"paragraph inline-placeholder vossi-paragraph\" data-uri=\"es.cms.cnn.com\/_components\/paragraph\/instances\/cmi5tljyw0007356nwhxpelnx@published\" data-editable=\"text\" data-component-name=\"paragraph\" data-article-gutter=\"true\">\n            Luciendo su famosa camiseta n\u00famero 23, James estuvo en la cancha para el salto inicial contra el Utah Jazz.\n    <\/p>\n<p class=\"paragraph inline-placeholder vossi-paragraph\" data-uri=\"es.cms.cnn.com\/_components\/paragraph\/instances\/cmi5tkkv70000356nfh6fcm72@published\" data-editable=\"text\" data-component-name=\"paragraph\" data-article-gutter=\"true\">\n            El locutor del estadio anunci\u00f3 la haza\u00f1a de James, quien recibi\u00f3 una breve ovaci\u00f3n de la afici\u00f3n de los Lakers durante el primer cuarto. El futuro miembro del Sal\u00f3n de la Fama salud\u00f3 al p\u00fablico con un gesto de la mano.\n    <\/p>\n<blockquote class=\"twitter__tweet\">\n<blockquote class=\"twitter-tweet\">\n<p lang=\"en\" dir=\"ltr\">Lakers Nation celebrates LeBron James for becoming the 1st player in NBA history to play 23 seasons in the league \ud83d\udc4f<\/p>\n<p>Watch James&#8217; debut: <a href=\"https:\/\/t.co\/jurGp6BZZG\" target=\"_blank\" rel=\"nofollow\">https:\/\/t.co\/jurGp6BZZG<\/a> <a href=\"https:\/\/t.co\/3ps329lxGQ\" target=\"_blank\" rel=\"nofollow\">pic.twitter.com\/3ps329lxGQ<\/a><\/p>\n<p>\u2014 NBA (@NBA) <a href=\"https:\/\/twitter.com\/NBA\/status\/1990999091333992631?ref_src=twsrc%5Etfw\" target=\"_blank\" rel=\"nofollow noopener\">November 19, 2025<\/a><\/p><\/blockquote>\n<\/blockquote>\n<p class=\"paragraph inline-placeholder vossi-paragraph\" data-uri=\"es.cms.cnn.com\/_components\/paragraph\/instances\/cmi5tlrci000b356n2qqkmaiy@published\" data-editable=\"text\" data-component-name=\"paragraph\" data-article-gutter=\"true\">\n            Los Lakers tuvieron un comienzo flojo, llegando a estar 11 puntos abajo en los primeros minutos. James no anot\u00f3 en el primer cuarto, mientras que los Jazz ganaban 36-27 tras 12 minutos.\n    <\/p>\n<p class=\"paragraph inline-placeholder vossi-paragraph\" data-uri=\"es.cms.cnn.com\/_components\/paragraph\/instances\/cmi5tq5b7000i356nqvifrei2@published\" data-editable=\"text\" data-component-name=\"paragraph\" data-article-gutter=\"true\">\n            James anot\u00f3 un triple desde la banda al comienzo del segundo cuarto, consiguiendo as\u00ed los primeros puntos de su hist\u00f3rica temporada.\n    <\/p>\n<p class=\"paragraph inline-placeholder vossi-paragraph\" data-uri=\"es.cms.cnn.com\/_components\/paragraph\/instances\/cmi5tpuar000g356npred4exa@published\" data-editable=\"text\" data-component-name=\"paragraph\" data-article-gutter=\"true\">\n            A medida que James se encend\u00eda, tambi\u00e9n lo hac\u00eda el equipo de los Lakers. Los \u00c1ngeles recort\u00f3 distancias en el segundo cuarto y se aventaj\u00f3 en la segunda mitad, ganando c\u00f3modamente por 140-125.\n    <\/p>\n<p class=\"paragraph inline-placeholder vossi-paragraph\" data-uri=\"es.cms.cnn.com\/_components\/paragraph\/instances\/cmi5tqdku000n356ndwpb4a8g@published\" data-editable=\"text\" data-component-name=\"paragraph\" data-article-gutter=\"true\">\n            James logr\u00f3 un doble-doble, anotando 11 puntos y repartiendo 12 asistencias en el partido. El 21 veces All-Star ha anotado en dobles d\u00edgitos en la asombrosa cifra de 1293 partidos consecutivos jugados.\n    <\/p>\n<p class=\"paragraph inline-placeholder vossi-paragraph\" data-uri=\"es.cms.cnn.com\/_components\/paragraph\/instances\/cmi5tqdku000o356ncuds60la@published\" data-editable=\"text\" data-component-name=\"paragraph\" data-article-gutter=\"true\">\n            El entrenador de los Lakers, J.J. Redick, dijo despu\u00e9s del partido: \u201cSimplemente creo que jug\u00f3 con el esp\u00edritu correcto. Muy generoso durante toda la noche. Pas\u00f3 el bal\u00f3n con generosidad, no forz\u00f3 las jugadas, penetr\u00f3 y lanz\u00f3 cuando tuvo la oportunidad\u201d.\n    <\/p>\n<p class=\"paragraph inline-placeholder vossi-paragraph\" data-uri=\"es.cms.cnn.com\/_components\/paragraph\/instances\/cmi5tqdku000p356n3g9q1lkk@published\" data-editable=\"text\" data-component-name=\"paragraph\" data-article-gutter=\"true\">\n            \u201cLa defensa le va a prestar atenci\u00f3n, sobre todo cuando tenga el bal\u00f3n en la pintura, especialmente cuando presione el aro, y creo que tom\u00f3 muchas decisiones acertadas esta noche. Es genial tenerlo de vuelta\u201d.\n    <\/p>\n<p class=\"paragraph inline-placeholder vossi-paragraph\" data-uri=\"es.cms.cnn.com\/_components\/paragraph\/instances\/cmi5tqcne000l356np9lc5bc9@published\" data-editable=\"text\" data-component-name=\"paragraph\" data-article-gutter=\"true\">\n            El 21 veces All-Star jug\u00f3 30 minutos, al igual que el resto de los titulares de los Lakers, quienes lo reincorporaron gradualmente a la acci\u00f3n. James hab\u00eda expresado preocupaci\u00f3n por su resistencia f\u00edsica antes de su debut de temporada el martes.\n    <\/p>\n<p class=\"paragraph inline-placeholder vossi-paragraph\" data-uri=\"es.cms.cnn.com\/_components\/paragraph\/instances\/cmi5tqmb0000u356ndw0bcmja@published\" data-editable=\"text\" data-component-name=\"paragraph\" data-article-gutter=\"true\">\n            \u201cEl ritmo me puso a prueba, pero estoy contento con c\u00f3mo pude seguir al del equipo. Conforme avanzaba el partido, mi resistencia mejor\u00f3 mucho. Recuper\u00e9 el aliento, recuper\u00e9 el aire por completo\u201d, afirm\u00f3 James. \u201cObviamente, todav\u00eda estoy recuperando el ritmo. Era mi primer partido en casi siete meses, as\u00ed que todo lo que pas\u00f3 esta noche era de esperarse\u201d.\n    <\/p>\n<p class=\"paragraph inline-placeholder vossi-paragraph\" data-uri=\"es.cms.cnn.com\/_components\/paragraph\/instances\/cmi5tqmb0000v356nix8cl6h4@published\" data-editable=\"text\" data-component-name=\"paragraph\" data-article-gutter=\"true\">\n            James se perdi\u00f3 los primeros 14 partidos de los Lakers de la temporada 2025-26 debido a la ci\u00e1tica, un problema nervioso que causa dolor que se origina en la columna vertebral y se irradia hacia la parte posterior de la pierna.\n    <\/p>\n<p class=\"paragraph inline-placeholder vossi-paragraph\" data-uri=\"es.cms.cnn.com\/_components\/paragraph\/instances\/cmi5tqmb0000w356n8hfot7i6@published\" data-editable=\"text\" data-component-name=\"paragraph\" data-article-gutter=\"true\">\n            <a href=\"https:\/\/www.cnn.com\/2025\/03\/04\/sport\/lebron-james-50k-points-nba-spt\" rel=\"nofollow noopener\" target=\"_blank\">El m\u00e1ximo anotador de todos los tiempos de<\/a> la NBA regres\u00f3 esta semana a los entrenamientos de los Lakers despu\u00e9s de haber estado ausente del equipo desde el inicio del campo de entrenamiento a principios de octubre debido a lo que el entrenador J.J. Redick describi\u00f3 como una irritaci\u00f3n nerviosa en el gl\u00fateo.\n    <\/p>\n<p class=\"paragraph inline-placeholder vossi-paragraph\" data-uri=\"es.cms.cnn.com\/_components\/paragraph\/instances\/cmi5tqkvr000s356ngvhy2e0q@published\" data-editable=\"text\" data-component-name=\"paragraph\" data-article-gutter=\"true\">\n            Durante el \u00faltimo a\u00f1o circularon rumores sobre la posible retirada de James, pero en junio, seg\u00fan se informa, el cuatro veces MVP de la liga ejerci\u00f3 su opci\u00f3n de US$ 52,6 millones para regresar para una octava temporada con los Lakers.\n    <\/p>\n<p class=\"paragraph inline-placeholder vossi-paragraph\" data-uri=\"es.cms.cnn.com\/_components\/paragraph\/instances\/cmi5ttmxc000z356nyjf2wh3t@published\" data-editable=\"text\" data-component-name=\"paragraph\" data-article-gutter=\"true\">\n            El a\u00f1o pasado, en su temporada n\u00famero 22, igualando el r\u00e9cord, James continu\u00f3 mostrando una productividad asombrosa, promediando 24,4 puntos, 7,8 rebotes y 8,2 asistencias en 70 partidos.\n    <\/p>\n<p class=\"paragraph inline-placeholder vossi-paragraph\" data-uri=\"es.cms.cnn.com\/_components\/paragraph\/instances\/cmi5ttv0k0014356ngx7xknrt@published\" data-editable=\"text\" data-component-name=\"paragraph\" data-article-gutter=\"true\">\n            James hab\u00eda anotado un r\u00e9cord de 42.184 puntos en la temporada regular y 50.473 con la temporada regular y los playoffs combinados antes del debut del martes por la noche.\n    <\/p>\n<p class=\"paragraph inline-placeholder vossi-paragraph\" data-uri=\"es.cms.cnn.com\/_components\/paragraph\/instances\/cmi5ttv0k0015356nfd16qjby@published\" data-editable=\"text\" data-component-name=\"paragraph\" data-article-gutter=\"true\">\n            El jugador, oriundo de Akron, Ohio, lleg\u00f3 a la NBA con gran expectaci\u00f3n a los 18 a\u00f1os tras ser elegido n\u00famero 1 del Draft de la NBA de 2003 por los Cleveland Cavaliers. Cumplir\u00e1 41 a\u00f1os en diciembre.\n    <\/p>\n<p>              <script async src=\"https:\/\/platform.twitter.com\/widgets.js\" charset=\"utf-8\"><\/script><\/p>\n","protected":false},"excerpt":{"rendered":"CNN \u00a0\u2014\u00a0 Cuando el alero de Los Angeles Lakers, LeBron James, salt\u00f3 a la cancha del Crypto.com Arena&hellip;\n","protected":false},"author":2,"featured_media":244772,"comment_status":"","ping_status":"","sticky":false,"template":"","format":"standard","meta":{"footnotes":""},"categories":[269],"tags":[299,298,168,25,24,5678,5679,1725,23,167],"class_list":{"0":"post-244771","1":"post","2":"type-post","3":"status-publish","4":"format-standard","5":"has-post-thumbnail","7":"category-baloncesto","8":"tag-baloncesto","9":"tag-basketball","10":"tag-deportes","11":"tag-es","12":"tag-espana","13":"tag-lebron-james","14":"tag-los-angeles-lakers","15":"tag-nba","16":"tag-spain","17":"tag-sports"},"share_on_mastodon":{"url":"https:\/\/pubeurope.com\/@es\/115577094611158853","error":""},"_links":{"self":[{"href":"https:\/\/www.europesays.com\/es\/wp-json\/wp\/v2\/posts\/244771","targetHints":{"allow":["GET"]}}],"collection":[{"href":"https:\/\/www.europesays.com\/es\/wp-json\/wp\/v2\/posts"}],"about":[{"href":"https:\/\/www.europesays.com\/es\/wp-json\/wp\/v2\/types\/post"}],"author":[{"embeddable":true,"href":"https:\/\/www.europesays.com\/es\/wp-json\/wp\/v2\/users\/2"}],"replies":[{"embeddable":true,"href":"https:\/\/www.europesays.com\/es\/wp-json\/wp\/v2\/comments?post=244771"}],"version-history":[{"count":0,"href":"https:\/\/www.europesays.com\/es\/wp-json\/wp\/v2\/posts\/244771\/revisions"}],"wp:featuredmedia":[{"embeddable":true,"href":"https:\/\/www.europesays.com\/es\/wp-json\/wp\/v2\/media\/244772"}],"wp:attachment":[{"href":"https:\/\/www.europesays.com\/es\/wp-json\/wp\/v2\/media?parent=244771"}],"wp:term":[{"taxonomy":"category","embeddable":true,"href":"https:\/\/www.europesays.com\/es\/wp-json\/wp\/v2\/categories?post=244771"},{"taxonomy":"post_tag","embeddable":true,"href":"https:\/\/www.europesays.com\/es\/wp-json\/wp\/v2\/tags?post=244771"}],"curies":[{"name":"wp","href":"https:\/\/api.w.org\/{rel}","templated":true}]}}