{"id":244775,"date":"2025-11-19T15:35:09","date_gmt":"2025-11-19T15:35:09","guid":{"rendered":"https:\/\/www.europesays.com\/es\/244775\/"},"modified":"2025-11-19T15:35:09","modified_gmt":"2025-11-19T15:35:09","slug":"un-impoluto-vestido-gris-de-dior-para-el-dia-nacional-de-monaco","status":"publish","type":"post","link":"https:\/\/www.europesays.com\/es\/244775\/","title":{"rendered":"un impoluto vestido gris de Dior para el D\u00eda Nacional de M\u00f3naco"},"content":{"rendered":"\n<p> Fue el pasado 4 de octubre cuando<strong> Pierre Casiraghi y Beatrice Borromeo se convirtieron en padres por tercera vez.<\/strong> Tras el nacimiento de Stefano y Francesco, la pareja dio la bienvenida a una ni\u00f1a, a la que han llamado <strong>Bianca Carolina Marta. <\/strong>Un mes y medio despu\u00e9s del nacimiento, <strong>Beatrice ha reaparecido en p\u00fablico para asistir a <a href=\"https:\/\/www.vanitatis.elconfidencial.com\/casas-reales\/2025-11-19\/serenisima-charlene-poderoso-look-nacional-monaco_4250159\" target=\"_self\" rel=\"nofollow noopener\">la celebraci\u00f3n del D\u00eda Nacional de M\u00f3naco,<\/a><\/strong> una fiesta marcada en rojo en el calendario de los Grimaldi. <\/p>\n<p> Ya totalmente recuperada del embarazo, y como es habitual en ella, <strong>Beatrice Borromeo ha dado una lecci\u00f3n de estilo con un look firmado por Dior, <\/strong>la firma francesa de la que es imagen desde hace a\u00f1os. En concreto, ha optado por un vestido gris de l\u00edneas cl\u00e1sicas, muy acorde con su forma de vestir, siempre actual pero con reminiscencias del pasado. <\/p>\n<p>               Beatrice Borromeo. (Gtres)             <\/p>\n<p> <strong>El dise\u00f1o presenta cuello redondo, manga larga, <\/strong>silueta marcada con un cintur\u00f3n a juego y falda de vuelo de largo midi, aportando un equilibrio perfecto entre sofisticaci\u00f3n y comodidad. Beatrice lo ha combinado con salones negros, <strong>guantes de piel<\/strong> y cartera de mano a juego, mientras que su cabello se recog\u00eda en un elegante mo\u00f1o decorado con un lazo de terciopelo negro, completando un look de impecable armon\u00eda. <\/p>\n<p> Como marca la tradici\u00f3n, los miembros adultos de la familia han acudido a primera hora de la ma\u00f1ana a un Te Deum celebrado en la catedral de Nuestra Se\u00f1ora Inmaculada. Entre los asistentes se encontraban, adem\u00e1s de Beatric<strong>e, Alberto y Charl\u00e8ne<\/strong>, ella muy guapa con un traje blanco y tocado; las princesas Carolina y Estefan\u00eda; Andrea, Carlota, y Pierre Casiraghi; Alexandra de Hannover; y Louis y Marie Ducruet. <\/p>\n<p>               Los sobrinos de Alberto de M\u00f3naco y sus parejas. (Gtres)             <\/p>\n<p> <strong>Ya m\u00e1s tarde todos juntos presenciar\u00e1n un desfile militar frente al Palacio Grimaldi.<\/strong> Es entonces cuando podremos ver a los m\u00e1s peque\u00f1os del clan, como los pr\u00edncipes Jacques y Gabriella. Es habitual que en este acto participen tambi\u00e9n todos los nietos de Carolina: Sasha, India y Max, hijos de Andrea y Tatiana Santo Domingo; Raphael Elmaleh y Balthazar Rassam, v\u00e1stagos de Carlota; y los dos hijos mayores de Pierre y Beatrice, Stefano y Francesco. <\/p>\n<p> <strong>Lo que est\u00e1 por ver es si la peque\u00f1a Bianca hace su primera aparici\u00f3n p\u00fablica <\/strong>en el balc\u00f3n de palacio o, por el contrario, sus padres prefieren que se quede en casa. Ya tendr\u00e1 a\u00f1os para celebrar el D\u00eda Nacional de M\u00f3naco rodeada de su familia. <\/p>\n<p>               Beatrice Borromeo, de Dior. (Gtres)             <\/p>\n<p> Con esta reaparici\u00f3n, Beatrice Borromeo confirma una vez m\u00e1s su impecable estilo y su lugar c<strong>omo referente de la realeza y la alta sociedad europea. <\/strong> <\/p>\n<p> Fue el pasado 4 de octubre cuando<strong> Pierre Casiraghi y Beatrice Borromeo se convirtieron en padres por tercera vez.<\/strong> Tras el nacimiento de Stefano y Francesco, la pareja dio la bienvenida a una ni\u00f1a, a la que han llamado <strong>Bianca Carolina Marta. <\/strong>Un mes y medio despu\u00e9s del nacimiento, <strong>Beatrice ha reaparecido en p\u00fablico para asistir a <a href=\"https:\/\/www.vanitatis.elconfidencial.com\/casas-reales\/2025-11-19\/serenisima-charlene-poderoso-look-nacional-monaco_4250159\" target=\"_self\" rel=\"nofollow noopener\">la celebraci\u00f3n del D\u00eda Nacional de M\u00f3naco,<\/a><\/strong> una fiesta marcada en rojo en el calendario de los Grimaldi. <\/p>\n","protected":false},"excerpt":{"rendered":"Fue el pasado 4 de octubre cuando Pierre Casiraghi y Beatrice Borromeo se convirtieron en padres por tercera&hellip;\n","protected":false},"author":2,"featured_media":244776,"comment_status":"","ping_status":"","sticky":false,"template":"","format":"standard","meta":{"footnotes":""},"categories":[174],"tags":[255,146,147,25,24,256,23],"class_list":{"0":"post-244775","1":"post","2":"type-post","3":"status-publish","4":"format-standard","5":"has-post-thumbnail","7":"category-famosos","8":"tag-celebrities","9":"tag-entertainment","10":"tag-entretenimiento","11":"tag-es","12":"tag-espana","13":"tag-famosos","14":"tag-spain"},"share_on_mastodon":{"url":"https:\/\/pubeurope.com\/@es\/115577102355293051","error":""},"_links":{"self":[{"href":"https:\/\/www.europesays.com\/es\/wp-json\/wp\/v2\/posts\/244775","targetHints":{"allow":["GET"]}}],"collection":[{"href":"https:\/\/www.europesays.com\/es\/wp-json\/wp\/v2\/posts"}],"about":[{"href":"https:\/\/www.europesays.com\/es\/wp-json\/wp\/v2\/types\/post"}],"author":[{"embeddable":true,"href":"https:\/\/www.europesays.com\/es\/wp-json\/wp\/v2\/users\/2"}],"replies":[{"embeddable":true,"href":"https:\/\/www.europesays.com\/es\/wp-json\/wp\/v2\/comments?post=244775"}],"version-history":[{"count":0,"href":"https:\/\/www.europesays.com\/es\/wp-json\/wp\/v2\/posts\/244775\/revisions"}],"wp:featuredmedia":[{"embeddable":true,"href":"https:\/\/www.europesays.com\/es\/wp-json\/wp\/v2\/media\/244776"}],"wp:attachment":[{"href":"https:\/\/www.europesays.com\/es\/wp-json\/wp\/v2\/media?parent=244775"}],"wp:term":[{"taxonomy":"category","embeddable":true,"href":"https:\/\/www.europesays.com\/es\/wp-json\/wp\/v2\/categories?post=244775"},{"taxonomy":"post_tag","embeddable":true,"href":"https:\/\/www.europesays.com\/es\/wp-json\/wp\/v2\/tags?post=244775"}],"curies":[{"name":"wp","href":"https:\/\/api.w.org\/{rel}","templated":true}]}}