{"id":244781,"date":"2025-11-19T15:39:09","date_gmt":"2025-11-19T15:39:09","guid":{"rendered":"https:\/\/www.europesays.com\/es\/244781\/"},"modified":"2025-11-19T15:39:09","modified_gmt":"2025-11-19T15:39:09","slug":"oasis-se-despidio-de-argentina-despues-de-llenar-dos-river-el-emotivo-video-que-dejo-para-los-fanaticos-c5n","status":"publish","type":"post","link":"https:\/\/www.europesays.com\/es\/244781\/","title":{"rendered":"Oasis se despidi\u00f3 de Argentina despu\u00e9s de llenar dos River: el emotivo video que dej\u00f3 para los fan\u00e1ticos &#8211; C5N"},"content":{"rendered":"<ol>\n<li><a href=\"https:\/\/news.google.com\/rss\/articles\/CBMiywFBVV95cUxPRHRscWNyVk1iOF93aE9xYko1LVM2RnB1T056NHBqazI0VGJVakIzQjQ1Rmd5dGxrRFU4VDZ3Rkl2bGRjZ2VPcEFLaFRkaU5ieFItN0FPSGF5cW1hS29WM0VFZjA1SEFEY2pfQjc0R1hpalo2RmlVbkprM0J5aGM0bmc2WFI2LUI3aEI5bXkyNnVKU2l4RF9SNnhJSU9OcVhGbGdxOEVfT2Y3cHVoY2U5bThYX1NWbmlVUDFaZ1QwY2FaUE5HdWhPTE4wVdIB0AFBVV95cUxNSTJLeHB2ZXRlR2VtcU8yRmtkVXRJZXhIakxweHZ6UlhsVEVaaVgwWkNPZmU0Mmp6dl80NmV0RHhBX09JUmk1Vm9jYUFnWDdjeEs5dGxjNzBwc1MxNHVCVDNIakVKckJCaGNNMndzM0kwcTk3SzRLNWdpMW9EZUtra1VsMnhBTzRzRHM2WjFXRlFsTUtiZGtNM3l6aXNEd2tNdzd5SWZDc1hjaG1MaUxsLXVEeWpVcTg0M0VJS2NHNlU4eTg1Y1EtM1JJMllpSjNq?oc=5\" target=\"_blank\" rel=\"nofollow noopener\">Oasis se despidi\u00f3 de Argentina despu\u00e9s de llenar dos River: el emotivo video que dej\u00f3 para los fan\u00e1ticos<\/a>&nbsp;&nbsp;C5N<\/li>\n<li><a href=\"https:\/\/news.google.com\/rss\/articles\/CBMilgFBVV95cUxQZWd0RmM1QTFodnMyQVRGNFF6LVJNcmlQeFJOWDREY1RETTNGVWtXbjJLT1gwNGdWamJvV3AzcmNjQVlzUTY0dzM2OW1nSzVkcFlBS2lWRVNnTElUUnJYT21MazhvUXhFaVFmUWtkWGpPVkJyeDhvUFV1aDU0dXQ5eGtYQTlYTXp1bHdIeUN3WmxGU1ZWbmc?oc=5\" target=\"_blank\" rel=\"nofollow noopener\">Oasis: el reencuentro que hizo llorar a los hijos de los 90<\/a>&nbsp;&nbsp;elDiarioAR.com<\/li>\n<li><a href=\"https:\/\/news.google.com\/rss\/articles\/CBMirwFBVV95cUxOQ2IwTXdlaHlLQzRqekJSVnJxVC1qcHNpM2FZbXFKdUdXVEFOQ2pOd1NKVnZqcHQtWUpxMjZoSi1LV2NOQ0hPV0xsOUlmVUtsWXdkTzFNQWxOZWE4MzJOVmJ0N194ZlNHWlVRM0pNR1gySTI4TTBwNlFKRWFsZm53d1lLVFdkOFgzandubjc4aHVXaVRFdm56WW1iZ2VvTXpxUFBMV2VxMncxNzRKd0Vz0gHKAUFVX3lxTE5HUlBSZk9nUGNMTm10Tmp0OXVGN2MyR0x0R3NpLWhSeUtZUDJaRm9yalpjTDBic2lLSU1wU3Z2azlRbTRzenJqRGx5WXg4RjdFajJCeThiQk9YQTk3aHFkWlgtM09tYXVMM3dhNW85TlYzQjRnSkNOU0ZycEtwN21EUDROOU0tcVNkOWJaVjNaVHVSRkF4a3hYTG9YTTFBeG9BY0M0Vzhmd2c4LWlxcXFNckdGbFYxa3o4OEhnOXdpVXV3eW9welNma2c?oc=5\" target=\"_blank\" rel=\"nofollow noopener\">El principio del fin: Oasis y el MTV Unplugged m\u00e1s pol\u00e9mico<\/a>&nbsp;&nbsp;Infobae<\/li>\n<li><a href=\"https:\/\/news.google.com\/rss\/articles\/CBMisgFBVV95cUxPODBOZUNzM2VydmVXeURwVTZzSDB3WXdBdEJzR0I1cXp0Rl9FMlVRajRMWHpLTE5xc21OS2dEV0JLTE5BbFFRazFWQUM4ZFA0NDN0T0RhTWlCY213SUM4WmFWRG54cUJmNXg2UGpLM05VeERoOG1URUx4QXU0N0dEbG5vOVcwbll2ODE3ZU5YZHhXblVEUnNVd2s5OHVVNEhnNUR2RGJWTmxhTG5ZMUlSNWtR0gHGAUFVX3lxTE9uRjBmakxXUndSZmxYcTlMNnNiSFhUWVM2eTZ3TWpzZEpsNWhSclE2WlpPYTVjNjVEZWU4MkV1N1R3SHhrSmljcnlsNEpiNG5BbW1yblBiZTIzYnBHb0V6andVYWJjNjFEanFNclZOX2pzOTREMWE3Sng1THAxT3J4cWNIV2N3VFdiVDM1REROYXpERXRSNVBHRG50TXJBZU12MGxNRkU0aV9lTl8yUzdXOGNUZUc4LTRzYUFYQVplRXJmcHpuUQ?oc=5\" target=\"_blank\" rel=\"nofollow noopener\">El encuentro final de Liam Gallagher con los fans argentinos que lo despidieron en el aeropuerto<\/a>&nbsp;&nbsp;TN<\/li>\n<li><a href=\"https:\/\/news.google.com\/rss\/articles\/CBMiqgFBVV95cUxPYzhfeURXRGhsSUNNUlJudVRqZkhDa2tWSnBsRVdOcEJOd2NOY1hFd0hkbWlPM2Uxa3NFdW5TUVgtcmtMVzFiV2E5cjU1dVZZRHhidDFMRU9Lck1YYUU4YkVYMnVxWnJyckNVckU5TzVwWkRnZzcyNnRaQ3B0SC1QOURaRHVWeFBjQ3luVS1vRjU5cThfOW12aUJncTZ4dEMzWnNZSXROUm9jUdIBqgFBVV95cUxPYzhfeURXRGhsSUNNUlJudVRqZkhDa2tWSnBsRVdOcEJOd2NOY1hFd0hkbWlPM2Uxa3NFdW5TUVgtcmtMVzFiV2E5cjU1dVZZRHhidDFMRU9Lck1YYUU4YkVYMnVxWnJyckNVckU5TzVwWkRnZzcyNnRaQ3B0SC1QOURaRHVWeFBjQ3luVS1vRjU5cThfOW12aUJncTZ4dEMzWnNZSXROUm9jUQ?oc=5\" target=\"_blank\" rel=\"nofollow noopener\">Un trueno llamado Oasis: cuando la eternidad dura dos horas<\/a>&nbsp;&nbsp;MinutoUno<\/li>\n<\/ol>\n","protected":false},"excerpt":{"rendered":"Oasis se despidi\u00f3 de Argentina despu\u00e9s de llenar dos River: el emotivo video que dej\u00f3 para los fan\u00e1ticos&nbsp;&nbsp;C5N&hellip;\n","protected":false},"author":2,"featured_media":244782,"comment_status":"","ping_status":"","sticky":false,"template":"","format":"standard","meta":{"footnotes":""},"categories":[170],"tags":[146,147,25,24,184,185,23],"class_list":{"0":"post-244781","1":"post","2":"type-post","3":"status-publish","4":"format-standard","5":"has-post-thumbnail","7":"category-musica","8":"tag-entertainment","9":"tag-entretenimiento","10":"tag-es","11":"tag-espana","12":"tag-music","13":"tag-musica","14":"tag-spain"},"share_on_mastodon":{"url":"https:\/\/pubeurope.com\/@es\/115577118186349180","error":""},"_links":{"self":[{"href":"https:\/\/www.europesays.com\/es\/wp-json\/wp\/v2\/posts\/244781","targetHints":{"allow":["GET"]}}],"collection":[{"href":"https:\/\/www.europesays.com\/es\/wp-json\/wp\/v2\/posts"}],"about":[{"href":"https:\/\/www.europesays.com\/es\/wp-json\/wp\/v2\/types\/post"}],"author":[{"embeddable":true,"href":"https:\/\/www.europesays.com\/es\/wp-json\/wp\/v2\/users\/2"}],"replies":[{"embeddable":true,"href":"https:\/\/www.europesays.com\/es\/wp-json\/wp\/v2\/comments?post=244781"}],"version-history":[{"count":0,"href":"https:\/\/www.europesays.com\/es\/wp-json\/wp\/v2\/posts\/244781\/revisions"}],"wp:featuredmedia":[{"embeddable":true,"href":"https:\/\/www.europesays.com\/es\/wp-json\/wp\/v2\/media\/244782"}],"wp:attachment":[{"href":"https:\/\/www.europesays.com\/es\/wp-json\/wp\/v2\/media?parent=244781"}],"wp:term":[{"taxonomy":"category","embeddable":true,"href":"https:\/\/www.europesays.com\/es\/wp-json\/wp\/v2\/categories?post=244781"},{"taxonomy":"post_tag","embeddable":true,"href":"https:\/\/www.europesays.com\/es\/wp-json\/wp\/v2\/tags?post=244781"}],"curies":[{"name":"wp","href":"https:\/\/api.w.org\/{rel}","templated":true}]}}