{"id":244787,"date":"2025-11-19T15:42:08","date_gmt":"2025-11-19T15:42:08","guid":{"rendered":"https:\/\/www.europesays.com\/es\/244787\/"},"modified":"2025-11-19T15:42:08","modified_gmt":"2025-11-19T15:42:08","slug":"el-tiempo-de-espera-para-el-tratamiento-preventivo-del-vih-en-catalunya-aumenta-hasta-los-dos-anos-y-medio","status":"publish","type":"post","link":"https:\/\/www.europesays.com\/es\/244787\/","title":{"rendered":"El tiempo de espera para el tratamiento preventivo del VIH en Catalunya aumenta hasta los dos a\u00f1os y medio"},"content":{"rendered":"<p class=\"article-text\">\n        M\u00e1s de 4.000 personas est\u00e1n en lista de espera para acceder a la PrEP (profilaxis preexposici\u00f3n), la principal estrategia de prevenci\u00f3n del VIH, solo en el centro catal\u00e1n BCN Checkpoint, referente en el suministro de este tratamiento en Espa\u00f1a.\n    <\/p>\n<p>    <a href=\"https:\/\/www.eldiario.es\/la-rioja\/iniciativa-comision-anti-sida-ur-aumento-diagnosticos-vih-jovenes_1_12729302.html\" data-mrf-recirculation=\"saber-mas\" data-dl-event=\"saber-mas\" rel=\"nofollow noopener\" target=\"_blank\"><\/p>\n<p class=\"know-more__title\">La iniciativa de la Comisi\u00f3n Anti-Sida en la UR ante el aumento de diagn\u00f3sticos de VIH en j\u00f3venes<\/p>\n<p>            <img decoding=\"async\" class=\"lazy\" loading=\"lazy\" data-src=\"https:\/\/static.eldiario.es\/clip\/a8fdfbfe-4923-4bdc-bc39-62aad061d26e_16-9-aspect-ratio_default_0.jpg\" src=\"data:image\/svg+xml,%3Csvg xmlns=\" http:=\"\" viewbox=\"0 0 880 495\" alt=\"La iniciativa de la Comisi\u00f3n Anti-Sida en la UR ante el aumento de diagn\u00f3sticos de VIH en j\u00f3venes\"\/><\/p>\n<p>                        <\/a><\/p>\n<p class=\"article-text\">\n        Este centro de salud sexual, especializado en la detecci\u00f3n precoz del VIH, ha exigido este mi\u00e9rcoles al Departament de Salut de Catalunya que adopte medidas urgentes para desbloquear el colapso de la PrEP en Catalunya y garantizar un acceso real y equitativo al tratamiento para toda la poblaci\u00f3n.\n    <\/p>\n<p class=\"article-text\">\n        Desde que el centro comenz\u00f3 su actividad en 2020 \u2013tras la incorporaci\u00f3n de la PrEP a la cartera de servicios del Sistema Nacional de Salud en 2019\u2013, el centro ha registrado 20 contagios de personas que estaban en su lista de espera, que actualmente se sit\u00faa en unos dos a\u00f1os y medio.\n    <\/p>\n<p class=\"article-text\">\n        Sin embargo, no existen datos que permitan conocer el alcance total del problema ni el volumen de listas de espera a nivel estatal en otros centros. BCN Checkpoint ha atendido desde el a\u00f1o pasado a unas 8.000 personas que, seg\u00fan su director, Ferran Pujol, fueron \u201cdescargadas del sistema p\u00fablico\u201d a causa del cierre de servicios p\u00fablicos de ETS.\n    <\/p>\n<p class=\"article-text\">\n        Explica Pujol que la capacidad del centro est\u00e1 desbordada y que, incluso, algunos pacientes llegan derivados directamente desde los servicios p\u00fablicos de salud; \u201cPor un lado, nos consolida como centro de referencia, pero tambi\u00e9n nos genera una sobrecarga que ya no podemos asumir\u201d, ha se\u00f1alado.\n    <\/p>\n<p class=\"article-text\">\n        El tratamiento consiste en administrar medicamentos \u2014pastillas diarias o inyecciones bimensuales\u2014 a personas sin VIH para reducir dr\u00e1sticamente el riesgo de infecci\u00f3n en caso de exposici\u00f3n. Desde BCN Checkpoint explican que el procedimiento es relativamente \u201csencillo\u201d y \u201cbarato\u201d, pero no la falta de recursos lo complica todo.\n    <\/p>\n<p class=\"article-text\">\n        El centro ha alcanzado su l\u00edmite asistencial y, seg\u00fan F\u00e9lix P\u00e9rez, coordinador de estudios, esto tiene consecuencias \u201cmuy importantes\u201d para las personas, ya que muchas de ellas piden la PrEP porque \u201csaben que tienen riesgo de contagio\u201d. Pujol ha denunciado una \u201cvulneraci\u00f3n del derecho a la salud\u201d y la \u201cfalta de accesibilidad real a la PrEP\u201d.\n    <\/p>\n<p class=\"article-text\">\n        Seg\u00fan datos del Ministerio de Sanidad, unas 34.000 personas han accedido a la PrEP en Espa\u00f1a desde su inclusi\u00f3n al sistema p\u00fablico en 2019 hasta junio de 2025. Sin embargo, cada a\u00f1o aumenta la demanda, algo \u201cpositivo\u201d, ya que quiere significa que \u201clas personas cada vez est\u00e1n m\u00e1s concienciadas\u201d \u2013y no que haya m\u00e1s casos\u2013 pero que, a su vez, \u201cest\u00e1 colapsando el sistema porque no hay capacidad suficiente para atender a todas las personas\u201d, se\u00f1ala P\u00e9rez.\n    <\/p>\n<p class=\"article-text\">\n        Tambi\u00e9n han apuntado que no se han aumentado los recursos destinados a este prop\u00f3sito desde hace varios a\u00f1os, a pesar del incremento sostenido en las solicitudes. Desde 2022, las demandas han crecido de forma exponencial y el centro recibe unas 200 nuevas peticiones al mes. Con la lista de espera actual, calculan que entre 14 y 15 personas podr\u00edan infectarse cada a\u00f1o mientras aguardan atenci\u00f3n.\n    <\/p>\n<p class=\"article-text\">\n        La organizaci\u00f3n alerta adem\u00e1s de la aparici\u00f3n de compraventa de PrEP en el mercado negro ante la falta de respuesta p\u00fablica, sin control m\u00e9dico ni trazabilidad. Esto, seg\u00fan el director m\u00e9dico del centro, \u00c0ngel Rivero, \u201cpuede generar complicaciones en los tratamientos\u201d, ya que antes de recibir este tipo de medicaci\u00f3n \u201ces necesario realizar anal\u00edticas\u201d. Advierte de que \u201cla gente busca protegerse por su cuenta, pero lo hace sin supervisi\u00f3n m\u00e9dica, con los riesgos que esto conlleva\u201d.\n    <\/p>\n<p class=\"article-text\">\n        Rivero se\u00f1ala que, aunque han optimizado \u201cal m\u00e1ximo\u201d su programa de seguimiento y ampliado su capacidad, el centro sigue enfrent\u00e1ndose a un colapso en la lista de espera y a una falta estructural de recursos que les impide garantizar una implementaci\u00f3n eficaz del tratamiento.\n    <\/p>\n<p class=\"article-text\">\n        \u201cTenemos las herramientas para erradicar el VIH y es imprescindible que el Departament de Salut asegure el suministro de PrEP a toda la poblaci\u00f3n que la necesite\u201d, se\u00f1ala Pujol. En su opini\u00f3n, \u201cno existe una prevenci\u00f3n real del VIH en Catalunya\u201d.\n    <\/p>\n<p class=\"article-text\">\n        P\u00e9rez considera que una de las razones de la falta de atenci\u00f3n prioritaria a este tema tiene que ver con la discriminaci\u00f3n hacia las minor\u00edas que, mayoritariamente, son las m\u00e1s afectadas: \u201cTres de cada cuatro nuevos casos de VIH corresponden a hombres que tienen sexo con otros hombres y mujeres trans\u201d. apunta. Sin embargo, insisten en que no se debe asociar la PrEP \u00fanicamente con pr\u00e1cticas de riesgo. \u201cEl medicamento es para todas las personas que quieren cuidar de su salud, algo que no se puede estigmatizar\u201d, subraya Pujol.\n    <\/p>\n<p>    <a href=\"https:\/\/www.eldiario.es\/cultura\/cine\/julia-ducournau-cineasta-habido-reparacion-disculpas-enfermos-sida-90_1_12777766.html\" data-mrf-recirculation=\"saber-mas-abajo\" data-dl-event=\"saber-mas-abajo\" rel=\"nofollow noopener\" target=\"_blank\"><\/p>\n<p class=\"know-more__title\">Julia Ducournau, cineasta: \u201cNunca ha habido reparaci\u00f3n ni disculpas para los enfermos de sida de los 90\u201d<\/p>\n<p>            <img decoding=\"async\" class=\"lazy\" loading=\"lazy\" data-src=\"https:\/\/static.eldiario.es\/clip\/e973b3d8-5bc2-49b0-84d7-e2d2277dac06_16-9-aspect-ratio_default_0_x2384y723.jpg\" src=\"data:image\/svg+xml,%3Csvg xmlns=\" http:=\"\" viewbox=\"0 0 880 495\" alt=\"Julia Ducournau, cineasta: \u201cNunca ha habido reparaci\u00f3n ni disculpas para los enfermos de sida de los 90\u201d\"\/><\/p>\n<p>                        <\/a><\/p>\n<p class=\"article-text\">\n        BCN Checkpoint ofrece todos sus servicios de manera gratuita y se financia mediante ingresos directos e indirectos del Departament de Salut, pero denuncian que llevan a\u00f1os solicitando un convenio estable sin obtener respuesta. \u201cNo podemos financiarnos indefinidamente con subvenciones\u201d, afirman. La situaci\u00f3n asistencial del centro es ya \u201cinsostenible\u201d y deriva en \u201cuna ineficiencia del sistema\u201d. Por ello, reclaman medidas urgentes no solo para su propio centro, sino tambi\u00e9n para el resto de dispositivos que gestionan la PrEP en Catalunya.\n    <\/p>\n","protected":false},"excerpt":{"rendered":"M\u00e1s de 4.000 personas est\u00e1n en lista de espera para acceder a la PrEP (profilaxis preexposici\u00f3n), la principal&hellip;\n","protected":false},"author":2,"featured_media":244788,"comment_status":"","ping_status":"","sticky":false,"template":"","format":"standard","meta":{"footnotes":""},"categories":[92],"tags":[517,210,1980,95,25,24,165,1982,10,1981,952,166,23],"class_list":{"0":"post-244787","1":"post","2":"type-post","3":"status-publish","4":"format-standard","5":"has-post-thumbnail","7":"category-salud","8":"tag-actualidad","9":"tag-barcelona","10":"tag-cataluna","11":"tag-economia","12":"tag-es","13":"tag-espana","14":"tag-health","15":"tag-ignacio-escolar","16":"tag-noticias","17":"tag-periodismo-independiente","18":"tag-politica","19":"tag-salud","20":"tag-spain"},"share_on_mastodon":{"url":"https:\/\/pubeurope.com\/@es\/115577129924990203","error":""},"_links":{"self":[{"href":"https:\/\/www.europesays.com\/es\/wp-json\/wp\/v2\/posts\/244787","targetHints":{"allow":["GET"]}}],"collection":[{"href":"https:\/\/www.europesays.com\/es\/wp-json\/wp\/v2\/posts"}],"about":[{"href":"https:\/\/www.europesays.com\/es\/wp-json\/wp\/v2\/types\/post"}],"author":[{"embeddable":true,"href":"https:\/\/www.europesays.com\/es\/wp-json\/wp\/v2\/users\/2"}],"replies":[{"embeddable":true,"href":"https:\/\/www.europesays.com\/es\/wp-json\/wp\/v2\/comments?post=244787"}],"version-history":[{"count":0,"href":"https:\/\/www.europesays.com\/es\/wp-json\/wp\/v2\/posts\/244787\/revisions"}],"wp:featuredmedia":[{"embeddable":true,"href":"https:\/\/www.europesays.com\/es\/wp-json\/wp\/v2\/media\/244788"}],"wp:attachment":[{"href":"https:\/\/www.europesays.com\/es\/wp-json\/wp\/v2\/media?parent=244787"}],"wp:term":[{"taxonomy":"category","embeddable":true,"href":"https:\/\/www.europesays.com\/es\/wp-json\/wp\/v2\/categories?post=244787"},{"taxonomy":"post_tag","embeddable":true,"href":"https:\/\/www.europesays.com\/es\/wp-json\/wp\/v2\/tags?post=244787"}],"curies":[{"name":"wp","href":"https:\/\/api.w.org\/{rel}","templated":true}]}}