{"id":244798,"date":"2025-11-19T15:48:29","date_gmt":"2025-11-19T15:48:29","guid":{"rendered":"https:\/\/www.europesays.com\/es\/244798\/"},"modified":"2025-11-19T15:48:29","modified_gmt":"2025-11-19T15:48:29","slug":"el-gobierno-ofrece-una-subida-salarial-del-10-para-los-funcionarios-entre-2025-y-2028","status":"publish","type":"post","link":"https:\/\/www.europesays.com\/es\/244798\/","title":{"rendered":"El Gobierno ofrece una subida salarial del 10% para los funcionarios entre 2025 y 2028"},"content":{"rendered":"<p>\u00a0 \u00a0MADRID, 19 (EUROPA PRESS)<\/p>\n<p>\u00a0 \u00a0El Ministerio de Funci\u00f3n P\u00fablica ha ofrecido este mi\u00e9rcoles a CCOO, UGT y CSIF una subida fija del 10% para los empleados p\u00fablicos en el periodo 2025-2028, seg\u00fan fuentes sindicales, que precisan que este porcentaje se repartir\u00eda en los cuatro a\u00f1os, sin que pueda superar el 4% para los ejercicios 2025 y 2026 para no sobrepasar el techo de gasto.<\/p>\n<p>\u00a0 \u00a0De este modo, la subida del 6% restante tendr\u00eda que aplicarse en los ejercicios 2027 y 2028, aunque, seg\u00fan fuentes de CSIF, el Gobierno ha propuesto que el incremento sea mayor en 2027 dada la evoluci\u00f3n estimada de los precios.<\/p>\n<p>\u00a0 \u00a0Esta propuesta ha sido trasladada a los sindicatos por la secretaria de Estado de Funci\u00f3n P\u00fablica, Consuelo S\u00e1nchez Naranjo, en una reuni\u00f3n celebrada este mi\u00e9rcoles para seguir abordando el nuevo marco plurianual de relaciones laborales y salariales de los m\u00e1s de tres millones de empleados p\u00fablicos.<\/p>\n<p>\u00a0 \u00a0 No obstante, CCOO, UGT y CSIF han mostrado su rechazo a esta propuesta, que consideran insuficiente. A ra\u00edz de la oposici\u00f3n sindical, el Ministerio de Funci\u00f3n P\u00fablica ha convocado a los sindicatos a un nuevo encuentro para este jueves, 20 de noviembre, a mediod\u00eda.<\/p>\n<p>\u00a0 \u00a0CSIF entiende que esta primera oferta del Gobierno \u00abno cubrir\u00eda\u00bb la subida de los precios, pues hasta octubre de este a\u00f1o la inflaci\u00f3n interanual era del 3,1%.<\/p>\n<p>\u00a0 \u00a0\u00abLos dos primeros a\u00f1os del acuerdo supondr\u00edan una p\u00e9rdida para el poder adquisitivo de los empleados p\u00fablicos y por tanto no lo podemos aceptar\u00bb, insisten desde CSIF, que ha a\u00f1adido que, por responsabilidad, seguir\u00e1 negociando con el Gobierno.<\/p>\n<p>\u00a0 \u00a0\u00abHay que tener en cuenta que desde 2022, fecha del anterior acuerdo, los sueldos se han devaluado un 8% y desde 2010, cuando se produjo la bajada salarial con los recortes de ese a\u00f1o, la p\u00e9rdida se eleva casi al 20%\u00bb, defienden desde el sindicato de Miguel Borra, a la vez que recuerdan que el Gobierno \u00abest\u00e1 recaudando m\u00e1s que nunca, ha elevado el techo de gasto y por tanto hay margen para elevar la oferta\u00bb.<\/p>\n<p>CCOO LO VE COMO UN \u00abINSULTO\u00bb A LOS FUNCIONARIOS Y AMENAZA CON HUELGA<\/p>\n<p>\u00a0 \u00a0Por su parte, desde CCOO han calificado del \u00abtodo inaceptable\u00bb la propuesta del Gobierno porque entienden que supone un \u00abinsulto\u00bb para los empleados p\u00fablicos.<\/p>\n<p>\u00a0 \u00a0 El sindicato ha afirmado que s\u00f3lo aceptar\u00e1 una propuesta salarial que implique la recuperaci\u00f3n del poder adquisitivo y ha amenazado con retomar la convocatoria de una huelga general en diciembre \u00absi no hay una propuesta econ\u00f3mica justa\u00bb.<\/p>\n<p>\u00a0 \u00a0\u00abEl Gobierno presume de liderar el crecimiento econ\u00f3mico de la Uni\u00f3n Europea, ha modificado al alza su previsi\u00f3n de un 2,7% a un 2,9% para este a\u00f1o, mientras propone continuar con la pol\u00edtica de contenci\u00f3n salarial para el personal de las Administraciones P\u00fablicas, con un repunte preocupante de la inflaci\u00f3n, a la vez que olvida que los empleados p\u00fablicos de este pa\u00eds contin\u00faan por debajo del promedio de la Uni\u00f3n Europea\u00bb, denuncia CCOO.<\/p>\n<p>UGT: \u00abNO ESTAMOS PARA PERDER DINERO\u00bb<\/p>\n<p>\u00a0 \u00a0Por su parte, la secretaria general de UGT Servicios P\u00fablicos, Isabel Araque, ha indicado que el porcentaje ofrecido por el Gobierno \u00abcomplica la negociaci\u00f3n\u00bb y ha avisado de que para el sindicato el acuerdo plurianual debe \u00abgarantizar el poder adquisitivo\u00bb. \u00abNo estamos para perder oportunidades ni para perder dinero\u00bb, ha advertido.<\/p>\n<p>\u00a0 \u00a0Desde UGT han indicado que har\u00e1n \u00abn\u00fameros\u00bb y esperar\u00e1n a ver c\u00f3mo discurre la nueva mesa de negociaci\u00f3n convocada para ma\u00f1ana por el Gobierno a mediod\u00eda. \u00abImagino que el Gobierno, con lo que le hemos dicho, que no nos vale ni el 4% ni el 10%, se ir\u00e1 a hacer n\u00fameros\u00bb, ha a\u00f1adido.<\/p>\n<p>\u00a0 \u00a0Sobre las movilizaciones, Araque no ha querido indicar si se retomar\u00e1n o no \u00abpor principio de buena fe\u00bb y ha indicado que desde el sindicato esperar\u00e1n a ver lo que pone sobre la mesa Funci\u00f3n P\u00fablica en el encuentro de ma\u00f1ana jueves. No obstante, ha recordado que los sindicatos \u00abnunca\u00bb han descartado ning\u00fan escenario de movilizaciones.<\/p>\n<p>\u00a0 \u00a0El \u00faltimo acuerdo salarial entre el Gobierno y los sindicatos estuvo vigente entre 2022-2024, y contemplaba subidas retributivas con una parte fija y variable. Este pacto permiti\u00f3 elevar los sueldos de los funcionarios en este periodo en torno a un 10% (cuando se firm\u00f3, en el oto\u00f1o de 2022, la inflaci\u00f3n estaba entonces en un 10%), lo que implic\u00f3 un gasto cercano a los 13.000 millones de euros.<\/p>\n<p>FUNCI\u00d3N P\u00daBLICA SE COMPROMETE A ESTUDIAR LOS PLANTEAMIENTOS SINDICALES<\/p>\n<p>\u00a0 \u00a0Por su lado, desde el Ministerio que dirige \u00d3scar L\u00f3pez han asegurado que estudiar\u00e1n los planteamientos de las organizaciones sindicales.<\/p>\n<p>\u00a0 \u00a0El Ministerio defiende que el acuerdo marco que se est\u00e1 negociando contempla, entre sus objetivos, unos servicios p\u00fablicos de mayor calidad y la mejora de la relaci\u00f3n entre los ciudadanos y la Administraci\u00f3n.<\/p>\n<p>\u00a0 \u00a0En las anteriores reuniones entre ambas partes se ha avanzado en el bloque del empleo p\u00fablico, como la agilizaci\u00f3n y mejora de los procesos selectivos, la promoci\u00f3n interna y el desarrollo profesional, la planificaci\u00f3n de efectivos, la atenci\u00f3n a la ciudadan\u00eda y servicios p\u00fablicos, la igualdad y la no discriminaci\u00f3n, y unas condiciones de trabajo \u00abdignas, seguras y saludables\u00bb, seg\u00fan el Ministerio.<\/p>\n","protected":false},"excerpt":{"rendered":"\u00a0 \u00a0MADRID, 19 (EUROPA PRESS) \u00a0 \u00a0El Ministerio de Funci\u00f3n P\u00fablica ha ofrecido este mi\u00e9rcoles a CCOO, UGT&hellip;\n","protected":false},"author":2,"featured_media":244799,"comment_status":"","ping_status":"","sticky":false,"template":"","format":"standard","meta":{"footnotes":""},"categories":[5],"tags":[17,18,25,24,13,14,11,19,20,9,10,15,16,23,12,21,22],"class_list":{"0":"post-244798","1":"post","2":"type-post","3":"status-publish","4":"format-standard","5":"has-post-thumbnail","7":"category-titulares","8":"tag-breaking-news","9":"tag-breakingnews","10":"tag-es","11":"tag-espana","12":"tag-featured-news","13":"tag-featurednews","14":"tag-headlines","15":"tag-latest-news","16":"tag-latestnews","17":"tag-news","18":"tag-noticias","19":"tag-noticias-destacadas","20":"tag-noticiasdestacadas","21":"tag-spain","22":"tag-titulares","23":"tag-ultimas-noticias","24":"tag-ultimasnoticias"},"share_on_mastodon":{"url":"https:\/\/pubeurope.com\/@es\/115577153373991350","error":""},"_links":{"self":[{"href":"https:\/\/www.europesays.com\/es\/wp-json\/wp\/v2\/posts\/244798","targetHints":{"allow":["GET"]}}],"collection":[{"href":"https:\/\/www.europesays.com\/es\/wp-json\/wp\/v2\/posts"}],"about":[{"href":"https:\/\/www.europesays.com\/es\/wp-json\/wp\/v2\/types\/post"}],"author":[{"embeddable":true,"href":"https:\/\/www.europesays.com\/es\/wp-json\/wp\/v2\/users\/2"}],"replies":[{"embeddable":true,"href":"https:\/\/www.europesays.com\/es\/wp-json\/wp\/v2\/comments?post=244798"}],"version-history":[{"count":0,"href":"https:\/\/www.europesays.com\/es\/wp-json\/wp\/v2\/posts\/244798\/revisions"}],"wp:featuredmedia":[{"embeddable":true,"href":"https:\/\/www.europesays.com\/es\/wp-json\/wp\/v2\/media\/244799"}],"wp:attachment":[{"href":"https:\/\/www.europesays.com\/es\/wp-json\/wp\/v2\/media?parent=244798"}],"wp:term":[{"taxonomy":"category","embeddable":true,"href":"https:\/\/www.europesays.com\/es\/wp-json\/wp\/v2\/categories?post=244798"},{"taxonomy":"post_tag","embeddable":true,"href":"https:\/\/www.europesays.com\/es\/wp-json\/wp\/v2\/tags?post=244798"}],"curies":[{"name":"wp","href":"https:\/\/api.w.org\/{rel}","templated":true}]}}