{"id":244800,"date":"2025-11-19T15:53:16","date_gmt":"2025-11-19T15:53:16","guid":{"rendered":"https:\/\/www.europesays.com\/es\/244800\/"},"modified":"2025-11-19T15:53:16","modified_gmt":"2025-11-19T15:53:16","slug":"un-monumental-nadal-premiado-en-la-gran-gala-de-marca","status":"publish","type":"post","link":"https:\/\/www.europesays.com\/es\/244800\/","title":{"rendered":"Un &#8216;monumental&#8217; Nadal, premiado en la gran Gala de MARCA"},"content":{"rendered":"<p data-mrf-recirculation=\"Links P\u00e1rrafos\" class=\"ue-c-article__paragraph paragraph ue-c-article--first-letter-highlighted\">A una gala donde se premia por primera vez ese ADN competitivo y tan caracter\u00edstico del deportista espa\u00f1ol no pod\u00eda faltar Rafael Nadal, quiz\u00e1s el representante m\u00e1s excelso de esa forma de entender la vida trasladada al terreno de juego en todas sus variantes. El tenista manacor\u00ed es realidad y milagro, pasado y futuro, ca\u00edda y superaci\u00f3n. Nuestro mejor embajador durante dos d\u00e9cadas en las que pase\u00f3 por todo el mundo el nombre de un pa\u00eds que se enorgullece de su forma de ser.<\/p>\n<p data-mrf-recirculation=\"Links P\u00e1rrafos\" class=\"ue-c-article__paragraph paragraph\">Nadal fue el primer cicl\u00f3n conocido cuyo epicentro estaba en el Mediterr\u00e1neo. Con 17 a\u00f1os ya estaba jugando y venciendo partidos en los Grand Slams y con 19 reci\u00e9n cumplidos ganaba su primer t\u00edtulo de Roland Garros en la temporada de su debut en la tierra parisina. Un cuento de hadas que desde el comienzo tuvo que lidiar con la r\u00e9mora de las lesiones.<\/p>\n<p><img decoding=\"async\" width=\"1024\" height=\"682\" class=\"ue-c-article__image lazyload\" alt=\"25 05 18 23 165270499\" loading=\"lazy\" src=\"https:\/\/www.europesays.com\/es\/wp-content\/uploads\/2025\/11\/691d7097556fc.jpeg\"\/><\/p>\n<p data-mrf-recirculation=\"Links P\u00e1rrafos\" class=\"ue-c-article__paragraph paragraph\">Con apenas 18 a\u00f1os, al tenista balear le diagnosticaron una enfermedad cr\u00f3nica degenerativa en su pie izquierdo llamada s\u00edndrome de M\u00fcller-Weiss, una dolencia que no tiene cura y con la que ha tenido que convivir a lo largo de su exitosa carrera. Visto as\u00ed, no es de extra\u00f1ar que Rafa siempre diga que ha llegado mucho m\u00e1s lejos de lo que jam\u00e1s hubiera so\u00f1ado porque en ese momento era impensable que siguiera siendo competitivo con 36 a\u00f1os, edad a la que gana su vigesimosegundo y \u00faltimo grande.<\/p>\n<p>La modestia de Rafa<\/p>\n<p data-mrf-recirculation=\"Links P\u00e1rrafos\" class=\"ue-c-article__paragraph paragraph\">El dato es revelador porque hablamos de un tenista que se ha perdido muchos Grand Slams por diferentes tipos de dolencias. Novak Djokovic y Roger Federer, los otros jugadores que han superado la barrera de las 20 victorias en los cuatro grandes, han tenido menos lesiones pero eso es algo de lo que el espa\u00f1ol nunca ha intentado sacar r\u00e9dito a la hora de poner en valor sus logros porque si algo caracteriza a Nadal es su modestia, m\u00e1s all\u00e1 de una timidez con la que ha lidiado toda su carrera.<\/p>\n<p data-mrf-recirculation=\"Links P\u00e1rrafos\" class=\"ue-c-article__paragraph paragraph\">Es por eso que siempre ha rehuido el debate sobre el \u2018goat\u2019 del tenis quitando incluso valor a sus incre\u00edbles logros. \u201cRafael es un tipo normal que no ha cambiado ni se ha cre\u00eddo un ser especial\u201d, dice de \u00e9l su mentor y t\u00edo Toni Nadal, el hombre que se encarg\u00f3 desde que era ni\u00f1o de ense\u00f1arle el camino correcto del sacrificio y el respeto, convirti\u00e9ndole en un ejemplo de deportividad para millones de deportistas de todo el planeta.<\/p>\n<p><img decoding=\"async\" width=\"1024\" height=\"682\" class=\"ue-c-article__image lazyload\" alt=\"PAR\u00cdS, 31\/07\/2024.- El espa\u00f1ol Rafa Nadal tras perder ante los estadounidenses Austin Krajicek y Rajee Ram en los cuartos de final de dobles masculinos de tenis de los Juegos Ol\u00edmpicos de Par\u00eds 2024, en el complejo de tenis Roland Garros de Par\u00eds. EFE\/ Juanjo Mart\u00edn\" loading=\"lazy\" src=\"https:\/\/www.europesays.com\/es\/wp-content\/uploads\/2025\/11\/691d70a7dff2c.jpeg\"\/><\/p>\n<p>PAR\u00cdS, 31\/07\/2024.- El espa\u00f1ol Rafa Nadal tras perder ante los estadounidenses Austin Krajicek y Rajee Ram en los cuartos de final de dobles masculinos de tenis de los Juegos Ol\u00edmpicos de Par\u00eds 2024, en el complejo de tenis Roland Garros de Par\u00eds. EFE\/ Juanjo Mart\u00edn<\/p>\n<p>Bajar al barro<\/p>\n<p data-mrf-recirculation=\"Links P\u00e1rrafos\" class=\"ue-c-article__paragraph paragraph\">Visto as\u00ed, no de es extra\u00f1ar que Rafa se calzara las botas de agua y cogiera la pala cuando lleg\u00f3 la hora de arrimar el hombro y ayudar a los vecinos de Sant Lloren\u00e7 des Cardassar en las tareas de limpieza, tras las lluvias torrenciales que asolaron este municipio al este de la isla de Mallorca en octubre de 2018.<\/p>\n<p data-mrf-recirculation=\"Links P\u00e1rrafos\" class=\"ue-c-article__paragraph paragraph\">La inauguraci\u00f3n de la Rafa Nadal Academy a finales de 2016 se enmarca en esta forma de entender la vida y su responsabilidad con la gente que le rodea. Por eso el manacor\u00ed eligi\u00f3 su pueblo como sede de este monumental complejo deportivo, para generar riqueza en la zona y devolver en forma de recursos el cari\u00f1o recibido durante tantos a\u00f1os.<\/p>\n<p data-mrf-recirculation=\"Links P\u00e1rrafos\" class=\"ue-c-article__paragraph paragraph\">Porque Rafa siempre supo que su carrera profesional no era distinta a la de cualquier deportista y, como tal, ten\u00eda fecha de caducidad. Y es ahora, una vez retirado, cuando su impronta se hace m\u00e1s presente, con multitud de actividades solidarias que le definen casi mejor que su fabulosa trayectoria.<\/p>\n<p><img decoding=\"async\" width=\"1024\" height=\"554\" class=\"ue-c-article__image lazyload\" alt=\"Spain's Rafael Nadal jubilates after defeating Sweden's Robin Soderling during a men's finals match for the French Open tennis tournament at the Roland Garros stadium in Paris, Sunday, June 6, 2010. (AP Photo\/Michel Euler)\" loading=\"lazy\" src=\"https:\/\/www.europesays.com\/es\/wp-content\/uploads\/2025\/11\/691d70e0c29ce.jpeg\"\/><\/p>\n<p>Spain&#8217;s Rafael Nadal jubilates after defeating Sweden&#8217;s Robin Soderling during a men&#8217;s finals match for the French Open tennis tournament at the Roland Garros stadium in Paris, Sunday, June 6, 2010. (AP Photo\/Michel Euler)Michel Euler<\/p>\n<p>El cari\u00f1o mutuo<\/p>\n<p data-mrf-recirculation=\"Links P\u00e1rrafos\" class=\"ue-c-article__paragraph paragraph\">Es por todo esto que Nadal ser\u00e1 una de las figuras m\u00e1s se\u00f1eras de los Premios ADN del Deporte el pr\u00f3ximo lunes 24 de noviembre en el Casino de Madrid. La relaci\u00f3n entre el tenista mallorqu\u00edn y nuestro peri\u00f3dico se remonta a sus comienzos y siempre ha estado marcada por el respeto mutuo. Su presencia en esta gala es una muestra m\u00e1s de cu\u00e1nto valoramos a Rafa en MARCA como principal referente de nuestro deporte m\u00e1s all\u00e1 de su retirada.<\/p>\n<p data-mrf-recirculation=\"Links P\u00e1rrafos\" class=\"ue-c-article__paragraph paragraph\">Nadal ya recibi\u00f3 el MARCA Leyenda a finales de 2008 cuando su incre\u00edble carrera estaba a\u00fan en sus albores y cinco a\u00f1os despu\u00e9s, en la Gala de nuestro 75 aniversario, fue elegido como La Leyenda del deporte espa\u00f1ol por los usuarios de MARCA.com, por delante de Miguel Indurain, segundo, y Pau Gasol, tercero. Y es que en su caso, todo reconocimiento es justo.<\/p>\n","protected":false},"excerpt":{"rendered":"A una gala donde se premia por primera vez ese ADN competitivo y tan caracter\u00edstico del deportista espa\u00f1ol&hellip;\n","protected":false},"author":2,"featured_media":244801,"comment_status":"","ping_status":"","sticky":false,"template":"","format":"standard","meta":{"footnotes":""},"categories":[274],"tags":[168,25,24,23,167,327,326],"class_list":{"0":"post-244800","1":"post","2":"type-post","3":"status-publish","4":"format-standard","5":"has-post-thumbnail","7":"category-tenis","8":"tag-deportes","9":"tag-es","10":"tag-espana","11":"tag-spain","12":"tag-sports","13":"tag-tenis","14":"tag-tennis"},"share_on_mastodon":{"url":"https:\/\/pubeurope.com\/@es\/115577173559861311","error":""},"_links":{"self":[{"href":"https:\/\/www.europesays.com\/es\/wp-json\/wp\/v2\/posts\/244800","targetHints":{"allow":["GET"]}}],"collection":[{"href":"https:\/\/www.europesays.com\/es\/wp-json\/wp\/v2\/posts"}],"about":[{"href":"https:\/\/www.europesays.com\/es\/wp-json\/wp\/v2\/types\/post"}],"author":[{"embeddable":true,"href":"https:\/\/www.europesays.com\/es\/wp-json\/wp\/v2\/users\/2"}],"replies":[{"embeddable":true,"href":"https:\/\/www.europesays.com\/es\/wp-json\/wp\/v2\/comments?post=244800"}],"version-history":[{"count":0,"href":"https:\/\/www.europesays.com\/es\/wp-json\/wp\/v2\/posts\/244800\/revisions"}],"wp:featuredmedia":[{"embeddable":true,"href":"https:\/\/www.europesays.com\/es\/wp-json\/wp\/v2\/media\/244801"}],"wp:attachment":[{"href":"https:\/\/www.europesays.com\/es\/wp-json\/wp\/v2\/media?parent=244800"}],"wp:term":[{"taxonomy":"category","embeddable":true,"href":"https:\/\/www.europesays.com\/es\/wp-json\/wp\/v2\/categories?post=244800"},{"taxonomy":"post_tag","embeddable":true,"href":"https:\/\/www.europesays.com\/es\/wp-json\/wp\/v2\/tags?post=244800"}],"curies":[{"name":"wp","href":"https:\/\/api.w.org\/{rel}","templated":true}]}}