{"id":244806,"date":"2025-11-19T15:57:09","date_gmt":"2025-11-19T15:57:09","guid":{"rendered":"https:\/\/www.europesays.com\/es\/244806\/"},"modified":"2025-11-19T15:57:09","modified_gmt":"2025-11-19T15:57:09","slug":"debate-en-directo-con-as-a-quien-deberia-llamar-luis-de-la-fuente-para-el-mundial-por-que-diario-as","status":"publish","type":"post","link":"https:\/\/www.europesays.com\/es\/244806\/","title":{"rendered":"Debate en directo con AS: \u00bfA qui\u00e9n deber\u00eda llamar Luis de la Fuente para el Mundial? \u00bfPor qu\u00e9? &#8211; Diario AS"},"content":{"rendered":"<ol>\n<li><a href=\"https:\/\/news.google.com\/rss\/articles\/CBMi0gFBVV95cUxNSFg5dnRla2dZVWhid2VITXN4THpIa0lSZ0RZRUdPSnFQWXA0cS1Va2Vna0tlamFfYUdtQUtJZGdqbWctbHhFRGJiZXI1Q3FyaGhBaVVaTklmVm1RdXo3WFZZUnF1a3RycEprY2dRNE9yN3FlZHN5d3FpZEllb0VWdWJCRGZMQjBhYnkyMmcwV3AwZ3JDZFhWQkNTR2JrQ0V6Zm5hVjU5Y2FNTFdKTjR3MEpsdmxYa2twelpEWXl1eENXWTZHSWlNdUduM1JRNk04VEE?oc=5\" target=\"_blank\" rel=\"nofollow noopener\">Debate en directo con AS: \u00bfA qui\u00e9n deber\u00eda llamar Luis de la Fuente para el Mundial? \u00bfPor qu\u00e9?<\/a>&nbsp;&nbsp;Diario AS<\/li>\n<li><a href=\"https:\/\/news.google.com\/rss\/articles\/CBMigwFBVV95cUxQc1pDeEtESERxMkpmVDltSWtQUUZBX1lNN2IybThhd25iYmw2MmtiRkllMk1YVGplbERIOEowUnhUclJGMWc0c1VLcm42a19rV19sX1V2SkpmZU43WlpNbTV1dGQ5c1FVMUo2azc1aDlydnRHUHJScmNleHR2ZnlkdmNQbw?oc=5\" target=\"_blank\" rel=\"nofollow noopener\">Haz tu lista de 26 para el Mundial<\/a>&nbsp;&nbsp;Diario AS<\/li>\n<li><a href=\"https:\/\/news.google.com\/rss\/articles\/CBMivAFBVV95cUxNeklRUFc4cldhT05pRlZlVEdlbUNjRXV2S09jTnZiYk9YSVRyeTUyc3M5NnBCN0hOc0FudHNnTGU0WV9hdVcxVkFEb3lZNzJ2MU1OaVAycnVMdl9LNHNIaktNa2xTdGRpdE9UWEVjX0R2aVlUX0dsc2swdzRfd0VMeE5ONERYTlFVeUNBTEdPMnY2bnlidTczd0pkSGpXR1p5cDFaVmVDU0RYWkhndDNvc2R2YUl6SjQ4Zi1Sc9IBvAFBVV95cUxOLUk5TWZFQ3dZVGVKZU93VWZhbnNaLXVhR2dWTnNpN0RPOUY5a2I0MUd4SlFhZkxKRjRvZ1lPYU5XX2xmVlZFbHh6ck5pQjFfcUJDTVdBenRKVUhhTmtkMW5STkpHY0hwQ0sxNWowb2ZDR1NmXzJlSXpzYUcwT2kyaGRIclE2M1lKN25nUUxXVmVKZDdMQm9VV0lSdUpwWFRCSi1CaDV1dlV4S21DUU4wRkZ6S2JTZkQySy0tVg?oc=5\" target=\"_blank\" rel=\"nofollow noopener\">As\u00ed de cara est\u00e1 la lista de Luis de la Fuente para el Mundial 2026: \u00bfqui\u00e9nes ser\u00e1n los 26 elegidos?<\/a>&nbsp;&nbsp;MARCA<\/li>\n<li><a href=\"https:\/\/news.google.com\/rss\/articles\/CBMiswFBVV95cUxNZG5vb01fU0FtMmtmd3QyRURZR2NTUGJnbGpUZ3ZOR2JzMkNSSlhleWZSM3p5b21IRmMzaE9yWWVpRmtna3JVd2pLT2RxQUtwRzB2NzF0ektnbjRKMWxLSjYyOG9nQkJFLXhCT2R1R29vaGhzdXo4dHcxZ2ZYaktwWDI5NE1qYldSS2djQUVBSUl5cDhaOVFHcFBOM0htcnhRa0FVOHZ0WndFemJSejhrT2JSd9IBwAFBVV95cUxNNHowZ1QxLWkta2lWYkVmeDlDMnRzYjhfNURCc0pfM0lZT3hBeTA1VkJHMTFBaDgxb1FoUDN0aXVoek1INGJRN3RxanRXMnNjMlpzODdKYm95QlJmWGR5WnExb2xqTGV4RTJsWkN0aUNUSklaVHgtZVBXa01PclpvV0dFNHFoRWc2dUcyb1NlNDlzTjN1b0N2N2kzR0x4TjJZQXAtUXQwdjJELVJVOW0xc2ZnekhMbHc5RXpKWmtlbTU?oc=5\" target=\"_blank\" rel=\"nofollow noopener\">La Espa\u00f1a de De la Fuente, con pocas dudas de cara al Mundial<\/a>&nbsp;&nbsp;Mundo Deportivo<\/li>\n<li><a href=\"https:\/\/news.google.com\/rss\/articles\/CBMitgFBVV95cUxOOEZUbVBjSVdURFpSeWYteTAzN0lNRU9NOTB1dDlRUTBwYm1HcW1VQnZLbHVzRVVUM2phYmpjZmtmZUFJb2tkOHZxYjNGWTdTeU03elVCdTVmZmtUcS1JWkNQalhEWHpMQ2JiU0x5b3d4NVlubURTUzYtbDkxcnpkRk5BMkFXd1RfUEwwM2VqeGIzVU5hOGpCdDVUUDhSYTRlMVZweWQyeTlWNV9MYTNFNDB6bTQ1Zw?oc=5\" target=\"_blank\" rel=\"nofollow noopener\">El casting m\u00e1s dif\u00edcil de Espa\u00f1a para el Mundial<\/a>&nbsp;&nbsp;Canarias7<\/li>\n<\/ol>\n","protected":false},"excerpt":{"rendered":"Debate en directo con AS: \u00bfA qui\u00e9n deber\u00eda llamar Luis de la Fuente para el Mundial? \u00bfPor qu\u00e9?&nbsp;&nbsp;Diario&hellip;\n","protected":false},"author":2,"featured_media":244807,"comment_status":"","ping_status":"","sticky":false,"template":"","format":"standard","meta":{"footnotes":""},"categories":[268],"tags":[168,25,24,280,282,281,23,167],"class_list":{"0":"post-244806","1":"post","2":"type-post","3":"status-publish","4":"format-standard","5":"has-post-thumbnail","7":"category-futbol","8":"tag-deportes","9":"tag-es","10":"tag-espana","11":"tag-football","12":"tag-futbol","13":"tag-soccer","14":"tag-spain","15":"tag-sports"},"share_on_mastodon":{"url":"https:\/\/pubeurope.com\/@es\/115577188922272298","error":""},"_links":{"self":[{"href":"https:\/\/www.europesays.com\/es\/wp-json\/wp\/v2\/posts\/244806","targetHints":{"allow":["GET"]}}],"collection":[{"href":"https:\/\/www.europesays.com\/es\/wp-json\/wp\/v2\/posts"}],"about":[{"href":"https:\/\/www.europesays.com\/es\/wp-json\/wp\/v2\/types\/post"}],"author":[{"embeddable":true,"href":"https:\/\/www.europesays.com\/es\/wp-json\/wp\/v2\/users\/2"}],"replies":[{"embeddable":true,"href":"https:\/\/www.europesays.com\/es\/wp-json\/wp\/v2\/comments?post=244806"}],"version-history":[{"count":0,"href":"https:\/\/www.europesays.com\/es\/wp-json\/wp\/v2\/posts\/244806\/revisions"}],"wp:featuredmedia":[{"embeddable":true,"href":"https:\/\/www.europesays.com\/es\/wp-json\/wp\/v2\/media\/244807"}],"wp:attachment":[{"href":"https:\/\/www.europesays.com\/es\/wp-json\/wp\/v2\/media?parent=244806"}],"wp:term":[{"taxonomy":"category","embeddable":true,"href":"https:\/\/www.europesays.com\/es\/wp-json\/wp\/v2\/categories?post=244806"},{"taxonomy":"post_tag","embeddable":true,"href":"https:\/\/www.europesays.com\/es\/wp-json\/wp\/v2\/tags?post=244806"}],"curies":[{"name":"wp","href":"https:\/\/api.w.org\/{rel}","templated":true}]}}