{"id":244808,"date":"2025-11-19T15:58:13","date_gmt":"2025-11-19T15:58:13","guid":{"rendered":"https:\/\/www.europesays.com\/es\/244808\/"},"modified":"2025-11-19T15:58:13","modified_gmt":"2025-11-19T15:58:13","slug":"un-palecete-en-leon-y-lo-que-gana-con-la-musica","status":"publish","type":"post","link":"https:\/\/www.europesays.com\/es\/244808\/","title":{"rendered":"un palecete en Le\u00f3n y lo que gana con la m\u00fasica"},"content":{"rendered":"<p><strong><a href=\"https:\/\/theobjective.com\/further\/cultura\/2020-07-14\/manolo-quijano-la-lola-era-una-presentadora-de-television-de-la-que-me-enamore\/\" rel=\"nofollow noopener\" target=\"_blank\">Caf\u00e9 Quijano<\/a><\/strong> es uno de esos grupos que <strong>marc\u00f3 a toda una generaci\u00f3n<\/strong>. Y es que, a d\u00eda de hoy, y despu\u00e9s de varios inconvenientes, el conjunto musical sigue dando conciertos en todas partes del mundo y en festivales de nuestro pa\u00eds. Con el ansia de deshacerse de esa idea de un hombre conquistador, Manuel ha ido dando pasos firmes en solitario, no solamente en la m\u00fasica sino, tambi\u00e9n, en su lado m\u00e1s personal. Y es que el cantante ha acumulado un gran \u00e9xito en su haber, adem\u00e1s de con sus canciones, con los distintos negocios que ha emprendido en todos estos a\u00f1os. <\/p>\n<p>Como dec\u00edamos, <strong>Manuel Quijano<\/strong> ha sido uno de los miembros clave de\u00a0<strong>Caf\u00e9 Quijano<\/strong>, un grupo de mucho \u00e9xito en Espa\u00f1a y Latinoam\u00e9rica. Gracias a su carrera musical, tanto en grupo como en solitario, ha sumado ingresos importantes: giras, ventas de discos y composici\u00f3n le han generado una base de riqueza s\u00f3lida. Su propio grupo ha llevado d\u00e9cadas funcionando, lo que implica ingresos recurrentes.<\/p>\n<p>El dinero de Manuel Quijano por la m\u00fasica <\/p>\n<blockquote class=\"instagram-media\" data-instgrm-permalink=\"https:\/\/www.instagram.com\/p\/DK-YcpFMbz5\/?utm_source=ig_embed&amp;utm_campaign=loading\" data-instgrm-version=\"14\" style=\" background:#FFF; border:0; border-radius:3px; box-shadow:0 0 1px 0 rgba(0,0,0,0.5),0 1px 10px 0 rgba(0,0,0,0.15); margin: 1px; max-width:540px; min-width:326px; padding:0; width:99.375%; width:-webkit-calc(100% - 2px); width:calc(100% - 2px);\"\/>\n<p>Uno de los indicadores m\u00e1s claros de su patrimonio es que Manuel compr\u00f3 un\u00a0<strong>palacete hist\u00f3rico en Le\u00f3n<\/strong>. <a href=\"https:\/\/theobjective.com\/gente\/2025-07-09\/palacete-cafe-quijano-leon-hotel-arte\/\" rel=\"nofollow noopener\" target=\"_blank\">Como contamos en THE OBJECTIVE<\/a>, este edificio era muy grande y con caracter\u00edsticas arquitect\u00f3nicas singulares: varias plantas, piscina, zonas nobles, etc. M\u00e1s tarde, ese palacete se reconvirti\u00f3 en un hotel-boutique, lo que sugiere que su valor, probablemente, es muy alto.\u00a0En m\u00e1s de una ocasi\u00f3n, el cantante ha querido incidir en que nunca \u00ab<strong>ha dejado de trabajar<\/strong>\u00bb, lo que tambi\u00e9n ha sido parte de su \u00e9xito. Tambi\u00e9n parece tener una mentalidad de artista con negocio: no solo interpreta, sino que compone, produce y controla parte de su actividad musical.<\/p>\n<p>Todo esto se ha traducido, tambi\u00e9n, en el dinero que ha acumulado en las \u00faltimas d\u00e9cadas. Y es que Caf\u00e9 Quijano, como grupo, ha vendido una cantidad considerable de discos. Es m\u00e1s, con su tercer \u00e1lbum, vendieron alrededor de\u00a0<strong>500.000 unidades<\/strong>, lo que indica que tuvieron mucho \u00e9xito comercial. Esto hizo que se le reportaran ingresos m\u00e1s que significativos. Su cach\u00e9 como grupo es alto: por ejemplo, desde Voz P\u00f3puli confirman que cobran\u00a0<strong>45.000\u202feuros<\/strong>\u00a0por concierto en ciertos festivales o fiestas locales. Al tener una carrera larga con muchas giras, los ingresos por actuaciones suman mucho a lo largo del tiempo. En sus inicios, adem\u00e1s, Manuel invirti\u00f3 mucho, ya que lleg\u00f3 a gastarse m\u00e1s de 120.000 euros para producirlo. Eso muestra que no todo fue ganancia desde el principio y que hubo una apuesta fuerte para consolidarse.<\/p>\n<p>Su espectacular palacete en Le\u00f3n <\/p>\n<p>Tambi\u00e9n, hay que tener en cuenta que todos ellos se embolsan una buena cantidad a trav\u00e9s de sus ingresos digitales, ya que la banda cobra por sus visualizaciones en <strong>YouTube<\/strong>, pero las cifras son relativamente modestas en comparaci\u00f3n con ingresos por giras y discos.\u00a0De esta modo, el conjunto ha generado ingresos elevados a lo largo de su carrera, especialmente por giras y venta de discos. Manuel Quijano naci\u00f3 hace 58 a\u00f1os en la ciudad de Le\u00f3n, a la que siempre ha estado muy vinculada. Inici\u00f3 su carrera art\u00edstica junto a sus hermanos \u00d3scar y Ra\u00fal, junto a Warner Music. Fue a finales de los a\u00f1os 90 cuando lanzaron su segundo disco, con el que alcanzaron un \u00e9xito sin precedentes y se convirtieron en grandes referentes dentro de la m\u00fasica de la mano de La Lola. <\/p>\n<blockquote class=\"instagram-media\" data-instgrm-permalink=\"https:\/\/www.instagram.com\/p\/DBuSZj3IVOD\/?utm_source=ig_embed&amp;utm_campaign=loading\" data-instgrm-version=\"14\" style=\" background:#FFF; border:0; border-radius:3px; box-shadow:0 0 1px 0 rgba(0,0,0,0.5),0 1px 10px 0 rgba(0,0,0,0.15); margin: 1px; max-width:540px; min-width:326px; padding:0; width:99.375%; width:-webkit-calc(100% - 2px); width:calc(100% - 2px);\"\/>\n<p>Los dos a\u00f1os posteriores al lanzamiento realizaron <strong>una gira mundial<\/strong> con infinidad de conciertos alrededor del globo. A esto se le sum\u00f3 dos nominaciones; a Mejor Nuevo Grupo en los Latin Grammy y al Mejor \u00c1lbum de Rock Alternativo. En 2001 con La taberna del Buda consiguieron vender m\u00e1s de un mill\u00f3n de copias. En un momento dado, el grupo decidi\u00f3 separarse y Manuel comenz\u00f3 con su carrera en solitario bajo el nombre de Quijano. Su primer trabajo en solitario, Vidas y venidas, obtuvo el Disco de Oro a las seis semanas de publicaci\u00f3n. En noviembre de 2010 emitieron un comunicado en el que confirmaron que volv\u00edan como grupo coincidiendo con la Feria Internacional del Libro en <strong>Guadalajara<\/strong>, en M\u00e9xico. <\/p>\n<p>Fue en el a\u00f1o 2000 cuando el mayor de los tres hermanos, Manuel, decidi\u00f3 invertir en un palacete en Le\u00f3n. Este fue vendido ocho a\u00f1os m\u00e1s tarde y, hoy en d\u00eda, es un <strong>hotel-boutique<\/strong>. El edificio fue construido a finales de los a\u00f1os 20 por el arquitecto Manuel de C\u00e1rdenas con cuatro plantas, un semis\u00f3tano, una planta baja y una primera. Es m\u00e1s, actualmente, en esta planta de calle es donde se encuentra la recepci\u00f3n, el comedor para desayunos y dos habitaciones. Adem\u00e1s, combina la arquitectura cl\u00e1sica con elementos originales que se encuentran en instalaciones modernas y con un interior muy exclusivo. En su momento, el edificio se vendi\u00f3 por cinco millones de euros, ya que cuenta con algo m\u00e1s de 1.000 metros cuadrados construidos y alrededor de 626 \u00fatiles. <\/p>\n<blockquote class=\"instagram-media\" data-instgrm-permalink=\"https:\/\/www.instagram.com\/p\/CcV76fnPt2b\/?utm_source=ig_embed&amp;utm_campaign=loading\" data-instgrm-version=\"14\" style=\" background:#FFF; border:0; border-radius:3px; box-shadow:0 0 1px 0 rgba(0,0,0,0.5),0 1px 10px 0 rgba(0,0,0,0.15); margin: 1px; max-width:540px; min-width:326px; padding:0; width:99.375%; width:-webkit-calc(100% - 2px); width:calc(100% - 2px);\"\/>\n<p>Como ya explicamos en THE OBJECTIVE, actualmente posee una piscina cubierta de<strong> estilo romano con columnas, sauna y gimnasio.<\/strong> Tambi\u00e9n, cuenta con cuatro habitaciones y otras cinco en la parte superior, as\u00ed como una suite abuhardillada con una terraza de 30 metros cuadrados. El lugar tiene obras de arte de Jos\u00e9 de Le\u00f3n, as\u00ed como distintas figuras de elefantes, jarrones asi\u00e1ticos y detalles del estudio Le\u00f3n E4. <\/p>\n<p>                                                    <script async src=\"\/\/www.instagram.com\/embed.js\"><\/script><\/p>\n","protected":false},"excerpt":{"rendered":"Caf\u00e9 Quijano es uno de esos grupos que marc\u00f3 a toda una generaci\u00f3n. Y es que, a d\u00eda&hellip;\n","protected":false},"author":2,"featured_media":244809,"comment_status":"","ping_status":"","sticky":false,"template":"","format":"standard","meta":{"footnotes":""},"categories":[174],"tags":[3061,255,146,147,25,24,256,37928,1397,23],"class_list":{"0":"post-244808","1":"post","2":"type-post","3":"status-publish","4":"format-standard","5":"has-post-thumbnail","7":"category-famosos","8":"tag-cantantes","9":"tag-celebrities","10":"tag-entertainment","11":"tag-entretenimiento","12":"tag-es","13":"tag-espana","14":"tag-famosos","15":"tag-fortunas","16":"tag-patrimonio","17":"tag-spain"},"share_on_mastodon":{"url":"https:\/\/pubeurope.com\/@es\/115577193238901861","error":""},"_links":{"self":[{"href":"https:\/\/www.europesays.com\/es\/wp-json\/wp\/v2\/posts\/244808","targetHints":{"allow":["GET"]}}],"collection":[{"href":"https:\/\/www.europesays.com\/es\/wp-json\/wp\/v2\/posts"}],"about":[{"href":"https:\/\/www.europesays.com\/es\/wp-json\/wp\/v2\/types\/post"}],"author":[{"embeddable":true,"href":"https:\/\/www.europesays.com\/es\/wp-json\/wp\/v2\/users\/2"}],"replies":[{"embeddable":true,"href":"https:\/\/www.europesays.com\/es\/wp-json\/wp\/v2\/comments?post=244808"}],"version-history":[{"count":0,"href":"https:\/\/www.europesays.com\/es\/wp-json\/wp\/v2\/posts\/244808\/revisions"}],"wp:featuredmedia":[{"embeddable":true,"href":"https:\/\/www.europesays.com\/es\/wp-json\/wp\/v2\/media\/244809"}],"wp:attachment":[{"href":"https:\/\/www.europesays.com\/es\/wp-json\/wp\/v2\/media?parent=244808"}],"wp:term":[{"taxonomy":"category","embeddable":true,"href":"https:\/\/www.europesays.com\/es\/wp-json\/wp\/v2\/categories?post=244808"},{"taxonomy":"post_tag","embeddable":true,"href":"https:\/\/www.europesays.com\/es\/wp-json\/wp\/v2\/tags?post=244808"}],"curies":[{"name":"wp","href":"https:\/\/api.w.org\/{rel}","templated":true}]}}