{"id":244810,"date":"2025-11-19T15:59:17","date_gmt":"2025-11-19T15:59:17","guid":{"rendered":"https:\/\/www.europesays.com\/es\/244810\/"},"modified":"2025-11-19T15:59:17","modified_gmt":"2025-11-19T15:59:17","slug":"observando-a-mi-abuelita-comprendi-que-la-arquitectura-podia-transformar-su-bienestar-emocional-y-fisico","status":"publish","type":"post","link":"https:\/\/www.europesays.com\/es\/244810\/","title":{"rendered":"Observando a mi abuelita, comprend\u00ed que la arquitectura pod\u00eda transformar su bienestar emocional y f\u00edsico"},"content":{"rendered":"<p>Vivimos en una sociedad que envejece de forma acelerada. <strong>En Espa\u00f1a, las personas de 65 a\u00f1os o m\u00e1s representan alrededor de un 20 % de la poblaci\u00f3n, seg\u00fan las cifras del INE<\/strong>. Este porcentaje podr\u00eda alcanzar en torno al 30 % hacia 2055 si se mantienen las tendencias actuales. A ello se suma una natalidad en m\u00ednimos hist\u00f3ricos \u2014el indicador coyuntural de fecundidad cay\u00f3 a 1,12 hijos por mujer en 2023\u2014, lo que confirma un panorama demogr\u00e1fico en el que el dise\u00f1o para personas mayores deja de ser un nicho y se convierte en una necesidad estructural del pa\u00eds. En este contexto, <a href=\"https:\/\/www.arquitecturaydiseno.es\/arquitectura\/neuroarquitectura-consejos-practicos-dos-estudios-arquitectura-interiorismo-para-que-tu-casa-te-haga-mas-feliz_10416\" rel=\"nofollow noopener\" target=\"_blank\">disciplinas como la neuroarquitectura ofrecen herramientas valiosas<\/a> para comprender c\u00f3mo los espacios afectan a la salud f\u00edsica, emocional y cognitiva de quienes los habitan.<\/p>\n<p>A esta conclusi\u00f3n lleg\u00f3 el <a href=\"https:\/\/www.linkedin.com\/in\/gabriel-mart%C3%ADnez-cisneros-aa0073321\/\" rel=\"nofollow noopener\" target=\"_blank\">arquitecto mexicano Gabriel Mart\u00ednez Cisneros<\/a> partiendo de una observaci\u00f3n \u00edntima y reveladora: \u00abCon el tiempo te das cuenta de c\u00f3mo un entorno puede ayudar o perjudicar a tus seres queridos. En mi caso, observando a mi abuelita, comprend\u00ed que la arquitectura tiene el poder de <a href=\"https:\/\/www.arquitecturaydiseno.es\/decoracion\/diseno-emocional-por-que-tu-hogar-debe-hacerte-sentir-antes-que-lucir-bonito_11358\" rel=\"nofollow noopener\" target=\"_blank\">transformar su bienestar emocional<\/a> y f\u00edsico\u00bb. Ese punto de partida resume la esencia de la neuroarquitectura: dise\u00f1ar para mejorar la vida cotidiana, especialmente cuando la edad hace que el entorno tenga un impacto a\u00fan mayor.<\/p>\n<p>&#13;<img loading=\"lazy\" decoding=\"async\"   src=\"https:\/\/www.europesays.com\/es\/wp-content\/uploads\/2025\/11\/neuroarquitectura-adultos-mayores_44a4ea2d_251114111113_1280x848.webp.webp\" alt=\"neuroarquitectura adultos mayores\" class=\"lazyload\" width=\"1280\" height=\"848\" data-aspectratio=\"1280\/848\"\/><\/p>\n<p>Sentirse a gusto en casa es primordial.<\/p>\n<p>&#13;Carla Step | cortes\u00eda Slow Studio<\/p>\n<p>Mart\u00ednez Cisneros recuerda que \u00ab<strong>la neuroarquitectura estudia c\u00f3mo el entorno construido influye en la mente, las emociones y el cuerpo<\/strong>. Aplicada al dise\u00f1o interior, puede convertirse en una herramienta de salud y bienestar, especialmente en la vida de los adultos mayores\u00bb. La evidencia cient\u00edfica lo respalda: la neuroarquitectura integra neurociencia, psicolog\u00eda ambiental y arquitectura para crear espacios que favorecen los cuatro pilares del bienestar humano, esto es, fisiol\u00f3gico, emocional, cognitivo y social.<\/p>\n<p>Color como est\u00edmulo emocional y cognitivo<\/p>\n<p>Gabriel Mart\u00ednez Cisneros recuerda que \u00abestudios recientes demuestran que los tonos c\u00e1lidos y apagados como beiges o terracotas suaves generan confort y familiaridad, mientras que los contrastes moderados ayudan a mantener la orientaci\u00f3n espacial\u00bb. Estas observaciones coinciden con lo que ha documentado la neurociencia en entornos para adultos mayores.<\/p>\n<p>Investigaciones del <a href=\"https:\/\/www.dementia.stir.ac.uk\/\" rel=\"nofollow noopener\" target=\"_blank\">Center for Health Design y el Dementia Services Development Centre (DSDC) de la Universidad de Stirling<\/a>, especializado en envejecimiento cognitivo, demuestran que las personas mayores presentan una reducci\u00f3n progresiva en la sensibilidad al contraste y una percepci\u00f3n alterada de ciertos tonos fr\u00edos, especialmente los grises azulados. Por eso, <strong>recomiendan paletas c\u00e1lidas y naturales que aumentan la legibilidad espacial y reducen la ansiedad<\/strong>.<\/p>\n<p>&#13;<img loading=\"lazy\" decoding=\"async\"   src=\"https:\/\/www.europesays.com\/es\/wp-content\/uploads\/2025\/11\/neuroarquitectura-adultos-mayores_16451533_251114111351_1280x783.webp.webp\" alt=\"neuroarquitectura adultos mayores\" class=\"lazyload\" width=\"1280\" height=\"783\" data-aspectratio=\"1280\/783\"\/><\/p>\n<p>Colores tierra, terracota, proporcionan relajaci\u00f3n.<\/p>\n<p>&#13;Westwing<br \/>\n <a href=\"https:\/\/www.arquitecturaydiseno.es\/decoracion\/pia-capdevila-interiorista-mis-clientes-mayores-60-me-piden-que-dormitorio-tenga-esencial-mano-pero-sin-saturar-espacio_12655\" data-ga4_event=\"custom_event\" data-ga4_event_name=\"click_intext\" data-ga4_link_url=\"https:\/\/www.arquitecturaydiseno.es\/decoracion\/pia-capdevila-interiorista-mis-clientes-mayores-60-me-piden-que-dormitorio-tenga-esencial-mano-pero-sin-saturar-espacio_12655\" data-ga4_link_text=\"pia_capdevila_interiorista_esto_es_lo_que_mas_me_piden_mis_clientes_mayores_de_60\" data-ga4_content_type=\"photo\" data-ga4_element=\"related\" rel=\"nofollow noopener\" target=\"_blank\">&#13;&#13;<img loading=\"lazy\" decoding=\"async\" src=\"https:\/\/www.europesays.com\/es\/wp-content\/uploads\/2025\/11\/pia-capdevila_143c63c4_251111113529_600x600.webp.webp\" alt=\"Pia Capdevila \" class=\"lazyload\" width=\"600\" height=\"600\" data-aspectratio=\"600\/600\"\/>&#13;&#13;<\/p>\n<p class=\"epigraph\">&#13;Noticia relacionada<\/p>\n<p class=\"title\">Pia Capdevila, interiorista: \u00abEsto es lo que m\u00e1s me piden mis clientes mayores de 60\u00bb<\/p>\n<p><\/a><\/p>\n<p>El estudio <a href=\"https:\/\/pmc.ncbi.nlm.nih.gov\/articles\/PMC9696812\/\" rel=\"nofollow noopener\" target=\"_blank\">Effects of Color on Wayfinding and Environmental Perception in Older Adults (Journal of Environmental Psychology, 2021<\/a>) confirma que los colores c\u00e1lidos desaturados mejoran la orientaci\u00f3n y la memoria visual, mientras que los contrastes moderados \u2014por ejemplo entre z\u00f3calos, puertas o marcos y el resto de la pared\u2014 facilitan el reconocimiento de l\u00edmites sin generar saturaci\u00f3n visual, algo fundamental cuando disminuye la agudeza visual.<\/p>\n<p>Asimismo, trabajos de la <a href=\"https:\/\/sciendo-parsed.s3.eu-central-1.amazonaws.com\/6575e58179f7550bc9e9f0dc\/10.2478_alfa-2023-0021.pdf?X-Amz-Algorithm=AWS4-HMAC-SHA256&amp;X-Amz-Content-Sha256=UNSIGNED-PAYLOAD&amp;X-Amz-Credential=AKIA6AP2G7AKOUXAVR44%2F20251114%2Feu-central-1%2Fs3%2Faws4_request&amp;X-Amz-Date=20251114T094228Z&amp;X-Amz-Expires=3600&amp;X-Amz-Signature=2b06cdc18e712412ec88e5f5f3c1edcb88ab3831bd8596c0e5dffc6ffad38092&amp;X-Amz-SignedHeaders=host&amp;x-amz-checksum-mode=ENABLED&amp;x-id=GetObject\" rel=\"nofollow noopener\" target=\"_blank\">International Association of Color Consultants (IACC)<\/a> apuntan que los tonos tierra y los beiges minerales reducen los niveles de cortisol en ambientes residenciales, lo que respalda la afirmaci\u00f3n de Mart\u00ednez Cisneros de que el color puede \u00abreducir el estr\u00e9s y estimular la memoria visual\u00bb. <strong>Para mayores con deterioro cognitivo leve, los matices org\u00e1nicos \u2014arcilla, arena, lino, verde oliva suavizado\u2014 tienen un impacto medible<\/strong> en la sensaci\u00f3n de tranquilidad y seguridad.<\/p>\n<p>La luz natural, aliada del ritmo circadiano<\/p>\n<p>Otro de los pilares del arquitecto es la iluminaci\u00f3n: \u00abLa implementaci\u00f3n de la iluminaci\u00f3n din\u00e1mica y la <a href=\"https:\/\/www.arquitecturaydiseno.es\/decoracion\/alternativas-para-aprovechar-luz-natural-y-no-estamos-hablando-solo-cortinas_12553\" rel=\"nofollow noopener\" target=\"_blank\">reflexi\u00f3n controlada de la luz natural<\/a> en superficies claras mejoran el estado de \u00e1nimo y el ritmo circadiano\u00bb. La investigaci\u00f3n lo confirma: estudios recientes sobre luz din\u00e1mica en residencias de mayores muestran mejoras en el sue\u00f1o, la atenci\u00f3n y el estado de \u00e1nimo cuando se utiliza iluminaci\u00f3n que acompa\u00f1a el ciclo biol\u00f3gico del d\u00eda.<\/p>\n<p>Mart\u00ednez Cisneros a\u00f1ade la importancia de un equilibrio entre luz directa y difusa: \u00ab<strong>Un equilibrio entre luz directa y difusa favorece el descanso, la atenci\u00f3n y el sentido de amplitud<\/strong>\u00ab. Esto implica usar superficies que reflejen la luz suavemente \u2014maderas claras, pinturas minerales en tonos luminosos o textiles neutros\u2014 y evitar deslumbramientos, un riesgo frecuente en mayores debido a la p\u00e9rdida de capacidad de adaptaci\u00f3n ocular.<\/p>\n<p>Mobiliario que facilita la autonom\u00eda<\/p>\n<p>En cuanto a la disposici\u00f3n del mobiliario, el arquitecto destaca que \u00ab<a href=\"https:\/\/www.arquitecturaydiseno.es\/arquitectura\/laura-ortin-arquitecta-paredes-curvas-casa-nos-hacen-mas-felices-porque-nuestro-cerebro-esta-calma_11763\" rel=\"nofollow noopener\" target=\"_blank\">los espacios con curvas suaves<\/a> transmiten seguridad y calidez, mientras que los \u00e1ngulos rectos aportan estructura y orientaci\u00f3n\u00bb. Este enfoque coincide con varias gu\u00edas de dise\u00f1o universal: las curvas evitan golpes, suavizan recorridos y generan entornos m\u00e1s amigables; los \u00e1ngulos rectos, usados estrat\u00e9gicamente, ayudan a comprender l\u00edmites y jerarqu\u00edas espaciales.<\/p>\n<p>&#13;<img loading=\"lazy\" decoding=\"async\"   src=\"https:\/\/www.europesays.com\/es\/wp-content\/uploads\/2025\/11\/neuroarquitectura-adultos-mayores_ac288fed_251114111616_1280x848.webp.webp\" alt=\"neuroarquitectura adultos mayores\" class=\"lazyload\" width=\"1280\" height=\"848\" data-aspectratio=\"1280\/848\"\/><\/p>\n<p>Formas redondeadas y curvas, siempre.<\/p>\n<p>&#13;Eugeni Pons<\/p>\n<p>Su reflexi\u00f3n contin\u00faa: \u00ab<strong>Un mobiliario bien distribuido, con recorridos despejados y apoyabrazos accesibles, puede marcar la diferencia<\/strong> entre la dependencia y la autonom\u00eda\u00bb. Esto significa:<br \/>\u2013 pasillos de al menos 90\u2013100 cm,<br \/>\u2013 evitar alfombras m\u00f3viles,<br \/>\u2013 asegurar alturas adecuadas en mesas y asientos,<br \/>\u2013 incluir superficies de apoyo estables en puntos de transici\u00f3n.<\/p>\n<p>&#13;<\/p>\n<p>My Player placeholder<\/p>\n<p>Principales claves de la neuroarquitectura<\/p>\n<p>La neuroarquitectura subraya que la orientaci\u00f3n espacial y la fluidez de recorrido influyen directamente en la sensaci\u00f3n de control del entorno, clave para el bienestar en edades avanzadas.<\/p>\n<p><a href=\"https:\/\/www.arquitecturaydiseno.es\/decoracion\/marta-montecucco-neuroarquitecta-casa-corresponsable-es-aquella-que-reparte-forma-justa-tareas-carga-mental_12445\" data-ga4_event=\"custom_event\" data-ga4_event_name=\"click_intext\" data-ga4_link_url=\"https:\/\/www.arquitecturaydiseno.es\/decoracion\/marta-montecucco-neuroarquitecta-casa-corresponsable-es-aquella-que-reparte-forma-justa-tareas-carga-mental_12445\" data-ga4_link_text=\"marta_montecucco_una_casa_corresponsable_es_la_que_reparte_de_forma_justa_las_tareas\" data-ga4_content_type=\"photo\" data-ga4_element=\"related\" rel=\"nofollow noopener\" target=\"_blank\">&#13;&#13;<img loading=\"lazy\" decoding=\"async\" src=\"https:\/\/www.europesays.com\/es\/wp-content\/uploads\/2025\/11\/img-7619-1_a38651b0_251001154840_600x600.webp.webp\" alt=\"IMG 7619 (1)\" class=\"lazyload\" width=\"600\" height=\"600\" data-aspectratio=\"600\/600\"\/>&#13;&#13;<\/p>\n<p class=\"epigraph\">&#13;Noticia relacionada<\/p>\n<p class=\"title\">Marta Montecucco: \u00abUna casa corresponsable es la que reparte de forma justa las tareas\u00bb<\/p>\n<p><\/a>Vegetaci\u00f3n interior como est\u00edmulo sensorial<\/p>\n<p>Cuando Mart\u00ednez Cisneros afirma que \u00ab<a href=\"https:\/\/www.arquitecturaydiseno.es\/decoracion\/mariana-leon-biologa-cuidar-las-plantas-en-invierno-es-un-ejercicio-de-atencion_12643\" rel=\"nofollow noopener\" target=\"_blank\">las plantas no solo decoran, tambi\u00e9n sanan<\/a>. Reducen el estr\u00e9s, mejoran el \u00e1nimo y ofrecen est\u00edmulos sensoriales que conectan con la memoria y el prop\u00f3sito\u00bb, su mirada coincide con d\u00e9cadas de estudios en psicolog\u00eda ambiental. Uno de los m\u00e1s conocidos es el cl\u00e1sico de Roger Ulrich (Science, 1984), que demostr\u00f3 que <strong>los pacientes hospitalarios con vistas a vegetaci\u00f3n se recuperaban m\u00e1s r\u00e1pido<\/strong> y necesitaban menos analgesia. Este trabajo origin\u00f3 una l\u00ednea de investigaci\u00f3n sobre biofilia que hoy es central en la neuroarquitectura.<\/p>\n<p>En el caso de los adultos mayores, los beneficios est\u00e1n a\u00fan m\u00e1s cuantificados. Un metaan\u00e1lisis de la <a href=\"https:\/\/pmc.ncbi.nlm.nih.gov\/articles\/PMC9224521\/?utm_source=chatgpt.com\" rel=\"nofollow noopener\" target=\"_blank\">American Society for Horticultural Science (2019)<\/a> confirma que la exposici\u00f3n a plantas interiores reduce ansiedad y mejora la presi\u00f3n arterial en mayores que viven solos o en residencias. Adem\u00e1s, programas de jardiner\u00eda ligera han mostrado mejoras en atenci\u00f3n sostenida y motivaci\u00f3n, seg\u00fan estudios de la <a href=\"https:\/\/www.mdpi.com\/2311-7524\/9\/10\/1076\" rel=\"nofollow noopener\" target=\"_blank\">Journal of Alzheimer\u2019s Disease (2020)<\/a>.<\/p>\n<p>El arquitecto subraya tambi\u00e9n el valor identitario de la vegetaci\u00f3n: \u201c<strong>Incorporar <a href=\"https:\/\/www.arquitecturaydiseno.es\/decoracion\/25-plantas-interior-que-decorar-tu-casa-y-que-requieren-pocos-cuidados_7688\" rel=\"nofollow noopener\" target=\"_blank\">vegetaci\u00f3n de bajo mantenimiento<\/a> en \u00e1reas comunes fomenta la calma y el sentido de pertenencia<\/strong>\u201d. Esta idea coincide con la teor\u00eda de la restauraci\u00f3n de la atenci\u00f3n de Stephen Kaplan, que demuestra que elementos naturales \u2014incluso plantas peque\u00f1as\u2014 funcionan como microespacios de \u00abpausa cognitiva\u00bb, fundamentales para adultos mayores que se fatigan m\u00e1s ante est\u00edmulos complejos.<\/p>\n<p>&#13;<img loading=\"lazy\" decoding=\"async\"   src=\"https:\/\/www.europesays.com\/es\/wp-content\/uploads\/2025\/11\/neuroarquitectura-adultos-mayores_61343e2a_251114111903_1280x835.webp.webp\" alt=\"neuroarquitectura adultos mayores\" class=\"lazyload\" width=\"1280\" height=\"835\" data-aspectratio=\"1280\/835\"\/><\/p>\n<p>Las plantas en casa son otro imprescindible en la neuroarquitectura.<\/p>\n<p>&#13;Matthijs van der Burgt | Proyecto de Studio Okami<br \/>\n <a href=\"https:\/\/www.arquitecturaydiseno.es\/estilo-de-vida\/espacios-bienestar-diseno_10186\" data-ga4_event=\"custom_event\" data-ga4_event_name=\"click_intext\" data-ga4_link_url=\"https:\/\/www.arquitecturaydiseno.es\/estilo-de-vida\/espacios-bienestar-diseno_10186\" data-ga4_link_text=\"espacios_de_bienestar_con_diseno_ambientes_que_nutren_el_alma\" data-ga4_content_type=\"photo\" data-ga4_element=\"related\" rel=\"nofollow noopener\" target=\"_blank\">&#13;&#13;<img loading=\"lazy\" decoding=\"async\" src=\"https:\/\/www.europesays.com\/es\/wp-content\/uploads\/2025\/11\/espacios-de-bienestar_7badfa03_240419125309_600x600.jpg\" alt=\"Espacios de bienestar\" class=\"lazyload\" width=\"600\" height=\"600\" data-aspectratio=\"600\/600\"\/>&#13;&#13;<\/p>\n<p class=\"epigraph\">&#13;Noticia relacionada<\/p>\n<p class=\"title\">Espacios de bienestar con dise\u00f1o: ambientes que nutren el alma<\/p>\n<p><\/a><\/p>\n<p>Plantas como potos, sansevierias, ficus elastica o helechos, adem\u00e1s de ser f\u00e1ciles de cuidar, mejoran la calidad del aire y aportan texturas visuales suaves que favorecen la regulaci\u00f3n emocional. Incluso una maceta t\u00e1ctil o una planta arom\u00e1tica estimulan la memoria autobiogr\u00e1fica: el olor a menta, romero o lavanda tiene impacto demostrado en estados de \u00e1nimo y activaci\u00f3n cognitiva ligera.<\/p>\n<p>Si quieres estar al d\u00eda de todo lo que publicamos en\u00a0www.arquitecturaydiseno.es, <a href=\"https:\/\/www.arquitecturaydiseno.es\/newsletters\" rel=\"nofollow noopener\" target=\"_blank\">suscr\u00edbete\u00a0a nuestra newsletter<\/a>.<\/p>\n<p>Dise\u00f1ar con dignidad, no solo con est\u00e9tica<\/p>\n<p>Sus palabras resumen la filosof\u00eda detr\u00e1s del proyecto: \u00ab<strong>La neuroarquitectura nos recuerda que el dise\u00f1o no se limita a lo est\u00e9tico, sino que puede ser una herramienta de bienestar y dignidad<\/strong>. En el caso de los adultos mayores, dise\u00f1ar con sensibilidad es dise\u00f1ar con humanidad\u00bb. Y concluye: \u00abCada una de estas decisiones de dise\u00f1o tiene un impacto medible en el bienestar emocional, la cognici\u00f3n y la percepci\u00f3n espacial. El entorno, cuando se dise\u00f1a con empat\u00eda y conocimiento, se convierte en una extensi\u00f3n de la salud\u00bb. En un pa\u00eds que envejece con rapidez, esta mirada ya no es opcional. Dise\u00f1ar espacios que acompa\u00f1en, sostengan y dignifiquen la vida en todas sus etapas es, casi una urgencia cultural.<\/p>\n","protected":false},"excerpt":{"rendered":"Vivimos en una sociedad que envejece de forma acelerada. En Espa\u00f1a, las personas de 65 a\u00f1os o m\u00e1s&hellip;\n","protected":false},"author":2,"featured_media":244811,"comment_status":"","ping_status":"","sticky":false,"template":"","format":"standard","meta":{"footnotes":""},"categories":[173],"tags":[229,233,231,230,232,234,146,147,25,24,23],"class_list":{"0":"post-244810","1":"post","2":"type-post","3":"status-publish","4":"format-standard","5":"has-post-thumbnail","7":"category-arte-y-diseno","8":"tag-arte","9":"tag-arte-y-diseno","10":"tag-arts","11":"tag-arts-and-design","12":"tag-design","13":"tag-diseno","14":"tag-entertainment","15":"tag-entretenimiento","16":"tag-es","17":"tag-espana","18":"tag-spain"},"share_on_mastodon":{"url":"https:\/\/pubeurope.com\/@es\/115577197214270240","error":""},"_links":{"self":[{"href":"https:\/\/www.europesays.com\/es\/wp-json\/wp\/v2\/posts\/244810","targetHints":{"allow":["GET"]}}],"collection":[{"href":"https:\/\/www.europesays.com\/es\/wp-json\/wp\/v2\/posts"}],"about":[{"href":"https:\/\/www.europesays.com\/es\/wp-json\/wp\/v2\/types\/post"}],"author":[{"embeddable":true,"href":"https:\/\/www.europesays.com\/es\/wp-json\/wp\/v2\/users\/2"}],"replies":[{"embeddable":true,"href":"https:\/\/www.europesays.com\/es\/wp-json\/wp\/v2\/comments?post=244810"}],"version-history":[{"count":0,"href":"https:\/\/www.europesays.com\/es\/wp-json\/wp\/v2\/posts\/244810\/revisions"}],"wp:featuredmedia":[{"embeddable":true,"href":"https:\/\/www.europesays.com\/es\/wp-json\/wp\/v2\/media\/244811"}],"wp:attachment":[{"href":"https:\/\/www.europesays.com\/es\/wp-json\/wp\/v2\/media?parent=244810"}],"wp:term":[{"taxonomy":"category","embeddable":true,"href":"https:\/\/www.europesays.com\/es\/wp-json\/wp\/v2\/categories?post=244810"},{"taxonomy":"post_tag","embeddable":true,"href":"https:\/\/www.europesays.com\/es\/wp-json\/wp\/v2\/tags?post=244810"}],"curies":[{"name":"wp","href":"https:\/\/api.w.org\/{rel}","templated":true}]}}