{"id":244827,"date":"2025-11-19T16:09:11","date_gmt":"2025-11-19T16:09:11","guid":{"rendered":"https:\/\/www.europesays.com\/es\/244827\/"},"modified":"2025-11-19T16:09:11","modified_gmt":"2025-11-19T16:09:11","slug":"un-bombardeo-ruso-mata-a-19-ucranianos-mientras-zelenski-aterriza-en-turquia-para-hablar-de-paz","status":"publish","type":"post","link":"https:\/\/www.europesays.com\/es\/244827\/","title":{"rendered":"Un bombardeo ruso mata a 19 ucranianos, mientras Zelenski aterriza en Turqu\u00eda para hablar de paz"},"content":{"rendered":"<p>Mientras el presidente ucraniano, Volod\u00edmir Zelenski, se dispon\u00eda a viajar a Turqu\u00eda para mantener conversaciones de alto nivel para pedir ayuda contra\u00a0<a href=\"https:\/\/apnews.com\/hub\/russia-ukraine\" target=\"_blank\" rel=\"nofollow noopener\">la invasi\u00f3n rusa<\/a>,\u00a0el n\u00famero de muertos por un ataque ruso en la madrugada contra la ciudad de Tern\u00f3pil ascendi\u00f3 a 19 y se reportaron\u00a066 heridos, entre ellos 16 ni\u00f1os, seg\u00fan informaron los servicios de emergencia.<\/p>\n<p>El Ministerio de Defensa ruso afirm\u00f3 haber atacado instalaciones energ\u00e9ticas y objetivos militares-industriales ucranianos, incluidos dep\u00f3sitos de drones de largo alcance, en represalia por ataques de Kiev en territorio ruso.<\/p>\n<p>El ataque nocturno impact\u00f3 dos bloques de apartamentos de nueve plantas a unos 200 kil\u00f3metros de la frontera con Polonia, seg\u00fan el ministro del Interior, Ihor Klymenko. Los equipos de emergencia continuaron la b\u00fasqueda de supervivientes con la salida del sol,\u00a0entre los escombros a\u00fan humeantes.<\/p>\n<p>Tern\u00f3pil se encuentra en una zona relativamente pac\u00edfica del oeste de Ucrania, adonde se trasladaron muchas personas del este y del sur huyendo del peligro en la l\u00ednea del frente.<\/p>\n<p>Rusia lanz\u00f3 durante la noche\u00a048 misiles de diversos tipos y 476 drones de ataque y se\u00f1uelo en territorio\u00a0ucraniano, seg\u00fan el reporte diario de la Fuerza A\u00e9rea de Ucrania. El bombardeo incluy\u00f3 m\u00e1s de 40 misiles de crucero, de los cuales seis penetraron el sistema antia\u00e9reo del ej\u00e9rcito de Kiev.<\/p>\n<p><img decoding=\"async\" fetchpriority=\"low\" src=\"https:\/\/www.europesays.com\/es\/wp-content\/uploads\/2025\/11\/AP25323241388773.jpg\"   alt=\"Los rescatistas evacuan a una anciana despu\u00e9s de que un edificio residencial fuera alcanzado por un misil ruso en J\u00e1rkiv (Ucrania), el mi\u00e9rcoles 19 de noviembre de 2025.\" style=\"max-height:567px\" loading=\"lazy\" class=\"a-img \"\/><\/p>\n<p>                Los rescatistas evacuan a una anciana despu\u00e9s de que un edificio residencial fuera alcanzado por un misil ruso en J\u00e1rkiv (Ucrania), el mi\u00e9rcoles 19 de noviembre de 2025.                AP &#8211; Andrii Marienko            <\/p>\n<p>En J\u00e1rkiv, en el noreste de Ucrania, la segunda ciudad m\u00e1s grande del pa\u00eds, un ataque con drones rusos dej\u00f3 46 heridos, entre ellos dos ni\u00f1as, seg\u00fan inform\u00f3 en Telegram Oleh Syniehubov, jefe de la administraci\u00f3n militar regional. Los drones impactaron varios distritos de la ciudad, al menos 16 edificios residenciales, una estaci\u00f3n de ambulancias, una escuela y otras infraestructuras civiles.<\/p>\n<p>En el otro bando de la guerra, el Ministerio de Defensa ruso se\u00f1al\u00f3 el mi\u00e9rcoles que Ucrania lanz\u00f3 cuatro misiles ATACMS de fabricaci\u00f3n estadounidense contra la ciudad rusa de Vor\u00f3nezh. Los cuatro misiles fueron derribados, seg\u00fan el ministerio, pero los restos da\u00f1aron una vivienda particular, un orfanato y un centro de atenci\u00f3n geri\u00e1trica, sin dejar ninguna v\u00edctima, a\u00f1adi\u00f3 el ministerio.<\/p>\n<p>El Estado Mayor de Ucrania hab\u00eda anunciado el martes un ataque contra Rusia con misiles ATACMS, sin ofrecer m\u00e1s detalles.<\/p>\n<p> <strong>Sufrir la guerra en Ucrania y hablar de paz en Turqu\u00eda<\/strong> <\/p>\n<p>El presidente ucraniano, Volod\u00edmir Zelenski, se reunir\u00e1 este mi\u00e9rcoles con el presidente turco, Recep Tayyip Erdogan, como parte de sus esfuerzos por captar ayuda internacional para responder a la invasi\u00f3n rusa\u00a0e intensificar la presi\u00f3n sobre Mosc\u00fa para precipitar el fin de la guerra.<\/p>\n<p>Putin se ha resistido a negociar una paz, a pesar de la presi\u00f3n estadounidense.\u00a0\u201cCada ataque descarado contra la vida cotidiana indica que la presi\u00f3n sobre Rusia es insuficiente\u201d, escribi\u00f3 Zelenski en la aplicaci\u00f3n de mensajer\u00eda Telegram, donde\u00a0tambi\u00e9n se refiri\u00f3 a sus conversaciones con Erdogan, con quien asegur\u00f3 mantener \u201cbuenas relaciones\u201d.\u00a0\u201cEn primer lugar, hablaremos de las m\u00e1ximas capacidades para garantizar que Ucrania alcance una paz justa\u201d.<\/p>\n<p class=\"a-read-more\">Leer tambi\u00e9n<a href=\"https:\/\/www.france24.com\/es\/europa\/20251118-putin-planta-a-zelenski-un-d\u00eda-antes-de-los-acercamientos-de-paz-en-turqu\u00eda\" target=\"_self\" class=\"a-read-more__link\" rel=\"nofollow noopener\">Putin planta a Zelenski un d\u00eda antes de los acercamientos de paz en Turqu\u00eda<\/a><\/p>\n<p>\u00a0<\/p>\n<p>Zelenski llega a Estambul tras visitas oficiales a Espa\u00f1a \u2014donde <a href=\"https:\/\/www.france24.com\/es\/video\/20251118-espa\u00f1a-anuncia-paquete-de-ayudas-por-m\u00e1s-de-800-millones-de-euros-a-ucrania\" target=\"_self\" rel=\"nofollow noopener\">obtuvo del Gobierno central 817 millones de euros<\/a> en ayuda militar y para la reconstrucci\u00f3n\u2014 y Francia \u2014donde el presidente Macron <a href=\"https:\/\/www.france24.com\/es\/video\/20251117-macron-y-zelenski-firman-acuerdo-de-compra-de-aviones-rafale-y-otras-armas\" target=\"_self\" rel=\"nofollow noopener\">firm\u00f3 un acuerdo para enviar a Ucrania un centenar de aviones militares Rafale y otras armas<\/a>\u2014.<\/p>\n<p>Antes, hab\u00eda viajado a la capital de Grecia, Atenas, para firmar un acuerdo de suministro de gas, en un momento de recrudecimiento de los ataques contra el sistema energ\u00e9tico ucraniano, a las puertas del invierno.<\/p>\n<p class=\"o-em-consent__content__text\">Para mostrar este contenido de YouTube, debe autorizar las cookies de medici\u00f3n de audiencia y publicidad.<\/p>\n<p>        Aceptar<br \/>\n        Gestionar mis opciones<\/p>\n<p class=\"o-em-adblock__content__text\">Una extensi\u00f3n de tu navegador parece estar bloqueando la carga del reproductor de video. Para poder ver este contenido, debes desactivarla en este sitio.<\/p>\n<p>            Reintentar<\/p>\n<p><img decoding=\"async\" fetchpriority=\"low\" src=\"https:\/\/www.europesays.com\/es\/wp-content\/uploads\/2025\/11\/ucrania-13.jpg\"   width=\"1280\" height=\"720\" alt=\"El presidente del Gobierno espa\u00f1ol, Pedro S\u00e1nchez, y el presidente de Ucrania, Volod\u00edmir Zelenski, se dan la mano durante una rueda de prensa en el Palacio de la Moncloa, en Madrid, Espa\u00f1a, el 18 de noviembre de 2025.\" loading=\"lazy\" class=\"a-img \"\/><\/p>\n<p>                El presidente del Gobierno espa\u00f1ol, Pedro S\u00e1nchez, y el presidente de Ucrania, Volod\u00edmir Zelenski, se dan la mano durante una rueda de prensa en el Palacio de la Moncloa, en Madrid, Espa\u00f1a, el 18 de noviembre de 2025.                \u00a9 \u00a9Violeta Santos Moura \/ Reuters            <\/p>\n<p>La reactivaci\u00f3n diplom\u00e1tica da un respiro a Zelenski, despu\u00e9s de que la semana anterior\u00a0<a href=\"https:\/\/www.france24.com\/es\/europa\/20251112-esc\u00e1ndalo-de-corrupci\u00f3n-en-ucrania-dos-ministros-renuncian-a-petici\u00f3n-de-zelenski\" target=\"_self\" rel=\"nofollow noopener\">un esc\u00e1ndalo de corrupci\u00f3n sacudiera el n\u00facleo de su Gobierno<\/a>, precipitando la salida de dos de sus ministros, se\u00f1alados en una trama de sobornos en la mayor empresa estatal de energ\u00eda.<\/p>\n<p> <strong>\u00bfPlan de EE. UU. para el fin de la guerra Ucrania?<\/strong> <\/p>\n<p>Medios estadounidenses y agencias internacionales han citado desde el martes fuentes an\u00f3nimas que aseguran que\u00a0el enviado especial estadounidense,\u00a0<a href=\"https:\/\/www.france24.com\/es\/tag\/steve-witkoff\/\" target=\"_self\" rel=\"nofollow noopener\">Steve Witkoff<\/a>, se unir\u00eda a las conversaciones previstas este mi\u00e9rcoles, pero la Casa Blanca no ha confirmado el viaje del funcionario<\/p>\n<p>El portal digital &#8216;Axios&#8217; asegura que Witkoff es el cerebro detr\u00e1s de un supuesto <a href=\"https:\/\/www.axios.com\/2025\/11\/19\/ukraine-peace-plan-trump-russia-witkoff\" target=\"_blank\" rel=\"nofollow noopener\">plan de 28 puntos que est\u00e1 redactando Washington para poner fin a la guerra en Ucrania.<\/a> El medio asegura que <strong>el plan se dividir\u00eda en cuatro puntos fundamentales: paz en Ucrania, garant\u00edas de seguridad, seguridad en Europa y futuras relaciones de Estados Unidos con Rusia y Ucrania.<\/strong><\/p>\n<p>No est\u00e1 claro si alguno de esos puntos aborda el control del territorio ucraniano anexionado ilegalmente por Rusia durante el transcurso de la guerra, que comenz\u00f3 en febrero de 2022.<\/p>\n<p><img decoding=\"async\" fetchpriority=\"low\" src=\"https:\/\/www.europesays.com\/es\/wp-content\/uploads\/2025\/11\/d880f356120444b7db74c8093504614319579c8b.jpg\"   alt=\"El enviado estadounidense Steve Witkoff y el yerno de Donald Trump, Jared Kushner, en el aeropuerto de Teterboro, Nueva Jersey, el 13 de julio de 2025.\" style=\"max-height:567px\" loading=\"lazy\" class=\"a-img \"\/><\/p>\n<p>                El enviado estadounidense Steve Witkoff y el yerno de Donald Trump, Jared Kushner, en el aeropuerto de Teterboro, Nueva Jersey, el 13 de julio de 2025.                \u00a9 Brendan SMIALOWSKI \/ AFP\/Archives            <\/p>\n<p>\u00a0<\/p>\n<p>Un alto funcionario ucraniano afirm\u00f3 a Reuters que el Gobierno\u00a0ha recibido \u00abse\u00f1ales\u00bb sobre una serie de propuestas que Estados Unidos ha discutido con Rusia para poner fin a la\u00a0guerra. No obstante, esa misma fuente remarc\u00f3 que Kiev no ha participado en la elaboraci\u00f3n de las propuestas.<\/p>\n<p>La embajada de Estados Unidos en Kiev, citando al ej\u00e9rcito, asegur\u00f3 a la agencia brit\u00e1nica que el secretario del ej\u00e9rcito, Dan Driscoll, se encuentra en Kiev en una \u00abmisi\u00f3n de investigaci\u00f3n\u00bb y para discutir el fin de\u00a0la guerra.<\/p>\n<p> <strong>Polonia cierra el \u00faltimo consulado ruso<\/strong> <\/p>\n<p>Polonia anunci\u00f3 el mi\u00e9rcoles que cerrar\u00e1 el \u00faltimo consulado ruso en su territorio e inst\u00f3 a sus aliados de la UE a restringir la circulaci\u00f3n de diplom\u00e1ticos del Kremlin en las 25 naciones del espacio Schengen, en respuesta a <a href=\"https:\/\/www.france24.com\/es\/europa\/20251117-polonia-sospecha-de-servicios-de-inteligencia-extranjeros-tras-explosi\u00f3n-que-golpea-v\u00eda-f\u00e9rrea-hacia-ucrania\" target=\"_self\" rel=\"nofollow noopener\">una\u00a0explosi\u00f3n ferroviaria\u00a0que atribuye a Mosc\u00fa<\/a>.\u00a0El ataque doble revent\u00f3 una v\u00eda f\u00e9rrea que conecta la capital polaca, Varsovia, con la frontera ucraniana, usada habitualmente para suministrar ayuda al pa\u00eds asediado.<\/p>\n<p>Polonia, un importante aliado de Kiev en su lucha contra\u00a0<a href=\"https:\/\/www.reuters.com\/world\/ukraine-russia-war\/\" target=\"_blank\" class=\"bold1 tr-link tr-consumer-part\" rel=\"nofollow noopener\">la invasi\u00f3n rusa<\/a>, sostiene que dos ucranianos colaboradores de Mosc\u00fa perpetraron la explosi\u00f3n del fin de semana en la\u00a0l\u00ednea\u00a0War Saw-Lublin.<\/p>\n<p><img decoding=\"async\" fetchpriority=\"low\" src=\"https:\/\/www.europesays.com\/es\/wp-content\/uploads\/2025\/11\/2025-11-17T111544Z-1875008849-RC2AYHAUV0H2-RTRMADP-3-POLAND-SECURITY-RAILWAYS.jpg\"   alt=\"Le Premier ministre polonais Donald Tusk se rend sur le site d'une explosion survenue sur la ligne ferroviaire Varsovie-Lublin \u00e0 Mika, en Pologne, le 17 novembre 2025.\" style=\"max-height:567px\" loading=\"lazy\" class=\"a-img \"\/><\/p>\n<p>                Un tren inmovilizado en la v\u00eda f\u00e9rrea y rodeado por una cinta policial mientras el primer ministro polaco, Donald Tusk, se dirige al lugar de una explosi\u00f3n ocurrida en la l\u00ednea ferroviaria Varsovia-Lublin en Mika, Polonia, el 17 de noviembre de 2025.                \u00a9 KPRM, via Reuters            <\/p>\n<p>El ministro de Asuntos Exteriores polaco, Radoslaw Sikorski, declar\u00f3 en rueda de prensa que la primera respuesta ser\u00eda cerrar el consulado ruso en la ciudad norte\u00f1a de Gdansk. La guerra\u00a0ya hab\u00eda provocado el cierre de sedes diplom\u00e1ticas en\u00a0<a href=\"https:\/\/www.reutersconnect.com\/all?search=all:L8N3RK0EL&amp;linkedFromStory=true\" target=\"_blank\" class=\"bold1 mr5 tr-link tr-pnac tr-link-story-internal\" rel=\"nofollow noopener\">Cracovia<\/a>\u00a0y\u00a0<a href=\"https:\/\/www.reutersconnect.com\/all?search=all:L8N3LY1HL&amp;linkedFromStory=true\" target=\"_blank\" class=\"bold1 mr5 tr-link tr-pnac tr-link-story-internal\" rel=\"nofollow noopener\">Poznan<\/a>\u00a0por actos de sabotaje.<\/p>\n<p>\u00abNo fue solo un acto de sabotaje, sino tambi\u00e9n un acto de terrorismo de Estado\u00bb, declar\u00f3 Sikorski anteriormente ante los legisladores, antes de\u00a0anticipar tambi\u00e9n una respuesta no diplom\u00e1tica.<\/p>\n<p>Mosc\u00fa, que niega su responsabilidad en el sabotaje, anunci\u00f3 que tambi\u00e9n limitar\u00e1\u00a0la presencia diplom\u00e1tica y consular\u00a0de Polonia en Rusia.<\/p>\n<p>\u00a0Con informaci\u00f3n de Reuters, AP y medios locales.<\/p>\n","protected":false},"excerpt":{"rendered":"Mientras el presidente ucraniano, Volod\u00edmir Zelenski, se dispon\u00eda a viajar a Turqu\u00eda para mantener conversaciones de alto nivel&hellip;\n","protected":false},"author":2,"featured_media":244828,"comment_status":"","ping_status":"","sticky":false,"template":"","format":"standard","meta":{"footnotes":""},"categories":[42],"tags":[29972,17,18,62653,62654,8232,7939,700,13,14,7419,11,61,62,63,64,62655,14049,19,20,9,10,15,16,1614,12,7081,21,22,7083,65,66,67],"class_list":{"0":"post-244827","1":"post","2":"type-post","3":"status-publish","4":"format-standard","5":"has-post-thumbnail","7":"category-internacional","8":"tag-bombardeo","9":"tag-breaking-news","10":"tag-breakingnews","11":"tag-conflicto-ruso-ucraniano","12":"tag-donbass","13":"tag-drones","14":"tag-ejercito","15":"tag-europa","16":"tag-featured-news","17":"tag-featurednews","18":"tag-guerra-en-ucrania","19":"tag-headlines","20":"tag-internacional","21":"tag-international","22":"tag-international-news","23":"tag-internationalnews","24":"tag-jarkiv","25":"tag-kremlin","26":"tag-latest-news","27":"tag-latestnews","28":"tag-news","29":"tag-noticias","30":"tag-noticias-destacadas","31":"tag-noticiasdestacadas","32":"tag-rusia","33":"tag-titulares","34":"tag-ucrania","35":"tag-ultimas-noticias","36":"tag-ultimasnoticias","37":"tag-vladimir-putin","38":"tag-world","39":"tag-world-news","40":"tag-worldnews"},"share_on_mastodon":{"url":"","error":"Validation failed: Text character limit of 500 exceeded"},"_links":{"self":[{"href":"https:\/\/www.europesays.com\/es\/wp-json\/wp\/v2\/posts\/244827","targetHints":{"allow":["GET"]}}],"collection":[{"href":"https:\/\/www.europesays.com\/es\/wp-json\/wp\/v2\/posts"}],"about":[{"href":"https:\/\/www.europesays.com\/es\/wp-json\/wp\/v2\/types\/post"}],"author":[{"embeddable":true,"href":"https:\/\/www.europesays.com\/es\/wp-json\/wp\/v2\/users\/2"}],"replies":[{"embeddable":true,"href":"https:\/\/www.europesays.com\/es\/wp-json\/wp\/v2\/comments?post=244827"}],"version-history":[{"count":0,"href":"https:\/\/www.europesays.com\/es\/wp-json\/wp\/v2\/posts\/244827\/revisions"}],"wp:featuredmedia":[{"embeddable":true,"href":"https:\/\/www.europesays.com\/es\/wp-json\/wp\/v2\/media\/244828"}],"wp:attachment":[{"href":"https:\/\/www.europesays.com\/es\/wp-json\/wp\/v2\/media?parent=244827"}],"wp:term":[{"taxonomy":"category","embeddable":true,"href":"https:\/\/www.europesays.com\/es\/wp-json\/wp\/v2\/categories?post=244827"},{"taxonomy":"post_tag","embeddable":true,"href":"https:\/\/www.europesays.com\/es\/wp-json\/wp\/v2\/tags?post=244827"}],"curies":[{"name":"wp","href":"https:\/\/api.w.org\/{rel}","templated":true}]}}