{"id":244833,"date":"2025-11-19T16:16:14","date_gmt":"2025-11-19T16:16:14","guid":{"rendered":"https:\/\/www.europesays.com\/es\/244833\/"},"modified":"2025-11-19T16:16:14","modified_gmt":"2025-11-19T16:16:14","slug":"la-laver-cup-comunica-su-participacion-una-hora-despues-de-su-baja-en-la-copa-davis","status":"publish","type":"post","link":"https:\/\/www.europesays.com\/es\/244833\/","title":{"rendered":"la Laver Cup comunica su participaci\u00f3n una hora despu\u00e9s de su baja en la Copa Davis"},"content":{"rendered":"<p class=\"c-paragraph\">Un pol\u00e9mico anuncio, publicado con el peor &#8216;timing&#8217; posible, ha desatado este martes la pol\u00e9mica por la baja de <a href=\"https:\/\/www.20minutos.es\/tags\/deportes\/carlos-alcaraz.html\" title=\"Carlos Alcaraz\" rel=\"nofollow noopener\" target=\"_blank\">Carlos Alcaraz <\/a>de la <a href=\"https:\/\/www.20minutos.es\/tags\/deportes\/copa-davis.html\" title=\"Copa Davis\" rel=\"nofollow noopener\" target=\"_blank\">Copa Davis<\/a>. Ha sido responsabilidad de la Laver Cup, torneo de exhibici\u00f3n celebrado cada septiembre que ha confirmado la presencia del espa\u00f1ol en la pr\u00f3xima edici\u00f3n <b>tan solo una hora despu\u00e9s del comunicado oficial<\/b> de su renuncia al torneo de naciones.\u00a0<\/p>\n<p class=\"c-paragraph\">A las 10.00 horas de la ma\u00f1ana aparec\u00eda en la red social X la publicaci\u00f3n de Carlos Alcaraz en la que anunciaba su renuncia a participar en la Copa Davis con el equipo espa\u00f1ol: \u00abSiento much\u00edsimo anunciar que no voy a poder jugar con Espa\u00f1a la Copa Davis en Bolonia\u2026  <b>Tengo un edema en el isquiotibial de la pierna derecha<\/b> y la recomendaci\u00f3n m\u00e9dica es no competir. Siempre he dicho que jugar por Espa\u00f1a es lo m\u00e1s grande que hay y me hac\u00eda mucha ilusi\u00f3n poder ayudar a pelear por la Ensaladera. Me voy dolido a casa\u2026\u00bb, escribi\u00f3.\u00a0<\/p>\n<p class=\"c-paragraph\">No fue una decisi\u00f3n sencilla para el N.\u00ba1 del equipo de Ferrer, pero tampoco para una afici\u00f3n que de nuevo ve a su gran estrella &#8216;bajarse&#8217; de la gran cita internacional.<\/p>\n<p class=\"c-paragraph\">El debate sobre la carga de partidos de Carlos y sus constantes exhibiciones estaba servido de nuevo, pero seguro que <b>no en tanta intensidad como despu\u00e9s del anuncio de la Laver Cup<\/b>.<\/p>\n<p class=\"c-paragraph\">Y es que apenas una hora y tres minutos despu\u00e9s, a las 11.03 horas de la ma\u00f1ana, el perfil oficial de la Laver Cup lanz\u00f3 el anuncio que confirma la participaci\u00f3n de Alcaraz y Fritz en la edici\u00f3n de septiembre de 2026.<\/p>\n<p class=\"c-paragraph\">Como es sabido, ese torneo no da puntos ATP, es una mera exhibici\u00f3n, y la participaci\u00f3n de Carlos<b> ya gener\u00f3 pol\u00e9mica este a\u00f1o al llegar justo despu\u00e9s de su renuncia a participar en la ronda de clasificaci\u00f3n de la Davis<\/b> en Marbella ante Dinamarca tras alegar problemas f\u00edsicos sufridos en el US Open.\u00a0<\/p>\n<p class=\"c-paragraph\">Tras el anuncio, no tardaron en llegar las reacciones en redes: \u00abDespu\u00e9s se queja que se lesiona y llega lesionado a fin de a\u00f1o, <b>deber\u00eda dejar tantos torneos de este tipo<\/b>\u00bb o \u00abAh pero la Davis: zzzzzzzz\u00bb, fueron algunos de los comentarios m\u00e1s cr\u00edticos con el espa\u00f1ol.<\/p>\n<p class=\"c-paragraph\">La participaci\u00f3n en exhibiciones se ha convertido en una cr\u00edtica frecuente realizada a Alcaraz, que ya se tuvo que defender de ellas en una entrevista ofrecida antes de su participaci\u00f3n en el &#8216;Six Kings Slam&#8217;. \u00ab<b><b>Obviamente entiendo las cr\u00edticas, pero a veces la gente no entiende nuestras opiniones.<\/b><\/b>\u00a0Cuando veo que mucha gente se queja de c\u00f3mo defendemos las exhibiciones no les entiendo porque no es realmente exigente mentalmente en comparaci\u00f3n con los torneos largos de dos semanas o dos semanas y media. Eso es realmente duro. Jugar exhibiciones es diferente a hacerlo en torneos oficiales. All\u00ed tienes 15 o 16 d\u00edas seguidos en los que tienes que tener una concentraci\u00f3n alta y exigente f\u00edsicamente.\u00a0<b><b>Aqu\u00ed s\u00f3lo nos divertimos uno o dos d\u00edas jugando al tenis, y eso es genial.<\/b><\/b>\u00a0Por eso elegimos a veces las exhibiciones\u00bb, zanj\u00f3 entonces.<\/p>\n<p class=\"c-paragraph\">Antes de final de a\u00f1o, Alcaraz tiene programadas algunas exhibiciones, al igual que una ante Sinner pocos d\u00edas antes del arranque del Open de Australia. Habr\u00e1 que esperar hasta entonces, pero en caso de comparecer seguro que deber\u00e1 afrontar<b> un aluvi\u00f3n de cr\u00edticas sobre su participaci\u00f3n en torneos no oficiales<\/b> que a\u00f1aden desgaste a sus piernas.<\/p>\n","protected":false},"excerpt":{"rendered":"Un pol\u00e9mico anuncio, publicado con el peor &#8216;timing&#8217; posible, ha desatado este martes la pol\u00e9mica por la baja&hellip;\n","protected":false},"author":2,"featured_media":244834,"comment_status":"","ping_status":"","sticky":false,"template":"","format":"standard","meta":{"footnotes":""},"categories":[274],"tags":[4736,6243,168,25,24,4627,23,167,327,326,62656,3667],"class_list":{"0":"post-244833","1":"post","2":"type-post","3":"status-publish","4":"format-standard","5":"has-post-thumbnail","7":"category-tenis","8":"tag-alcaraz","9":"tag-anuncio","10":"tag-deportes","11":"tag-es","12":"tag-espana","13":"tag-mal","14":"tag-spain","15":"tag-sports","16":"tag-tenis","17":"tag-tennis","18":"tag-timing","19":"tag-ultimo"},"share_on_mastodon":{"url":"https:\/\/pubeurope.com\/@es\/115577263518076937","error":""},"_links":{"self":[{"href":"https:\/\/www.europesays.com\/es\/wp-json\/wp\/v2\/posts\/244833","targetHints":{"allow":["GET"]}}],"collection":[{"href":"https:\/\/www.europesays.com\/es\/wp-json\/wp\/v2\/posts"}],"about":[{"href":"https:\/\/www.europesays.com\/es\/wp-json\/wp\/v2\/types\/post"}],"author":[{"embeddable":true,"href":"https:\/\/www.europesays.com\/es\/wp-json\/wp\/v2\/users\/2"}],"replies":[{"embeddable":true,"href":"https:\/\/www.europesays.com\/es\/wp-json\/wp\/v2\/comments?post=244833"}],"version-history":[{"count":0,"href":"https:\/\/www.europesays.com\/es\/wp-json\/wp\/v2\/posts\/244833\/revisions"}],"wp:featuredmedia":[{"embeddable":true,"href":"https:\/\/www.europesays.com\/es\/wp-json\/wp\/v2\/media\/244834"}],"wp:attachment":[{"href":"https:\/\/www.europesays.com\/es\/wp-json\/wp\/v2\/media?parent=244833"}],"wp:term":[{"taxonomy":"category","embeddable":true,"href":"https:\/\/www.europesays.com\/es\/wp-json\/wp\/v2\/categories?post=244833"},{"taxonomy":"post_tag","embeddable":true,"href":"https:\/\/www.europesays.com\/es\/wp-json\/wp\/v2\/tags?post=244833"}],"curies":[{"name":"wp","href":"https:\/\/api.w.org\/{rel}","templated":true}]}}