{"id":244839,"date":"2025-11-19T16:20:09","date_gmt":"2025-11-19T16:20:09","guid":{"rendered":"https:\/\/www.europesays.com\/es\/244839\/"},"modified":"2025-11-19T16:20:09","modified_gmt":"2025-11-19T16:20:09","slug":"amazon-dara-nombre-al-estadio-de-la-sd-huesca","status":"publish","type":"post","link":"https:\/\/www.europesays.com\/es\/244839\/","title":{"rendered":"Amazon dar\u00e1 nombre al estadio de la SD Huesca"},"content":{"rendered":"<p class=\"paragraph\"><b>El estadio de la SD Huesca, El Alcoraz, pasar\u00e1 a incorporar el nombre de Amazon en las pr\u00f3ximas semanas.<\/b> Si todo va seg\u00fan lo previsto, la nueva denominaci\u00f3n -todav\u00eda por conocerse- se podr\u00e1 ver ya desde el duelo ante el Real Valladolid del s\u00e1bado 6 de diciembre.<\/p>\n<p class=\"paragraph\"><b>Seg\u00fan ha podido conocer DIARIO DEL ALTOARAG\u00d3N, ya han comenzado los trabajos en El Alcoraz con la retirada de la tipograf\u00eda actual <\/b>ubicada encima de la puerta principal del estadio. Unas obras que seguir\u00e1n realiz\u00e1ndose durante los pr\u00f3ximos d\u00edas hasta el momento del anuncio oficial.<\/p>\n<p class=\"paragraph\">El cambio de nombre <b>se produce en un contexto de colaboraci\u00f3n creciente entre el club y Amazon Web Services. El pasado 18 de septiembre, la SD Huesca ya hizo p\u00fablica una alianza estrat\u00e9gica <\/b>con AWS para los pr\u00f3ximos tres a\u00f1os, mediante la cual la plataforma vinculada a Amazon se convierte en el socio tecnol\u00f3gico oficial del club y su proveedor preferente de servicios en la nube. Este acuerdo contemplaba \u201cuna profunda transformaci\u00f3n digital de las operaciones de la entidad, impulsada por tecnolog\u00edas en la nube, as\u00ed como la modernizaci\u00f3n de las instalaciones deportivas mediante sistemas inteligentes, an\u00e1lisis avanzados de datos y nuevas experiencias destinadas a fortalecer la relaci\u00f3n con los aficionados\u201d, algo que ir\u00e1 a m\u00e1s con la incorporaci\u00f3n de la marca en el nombre del estadio.<\/p>\n<p class=\"paragraph\"><b>Pese a que en un primer momento tanto las instituciones como el club hab\u00edan negado la posibilidad de un cambio de nombre o la entrada de un nuevo patrocinador<\/b>, se ha terminado por apostar por esta v\u00eda con el fin de asegurar <b>una nueva fuente de ingresos econ\u00f3micos.<\/b> Con este movimiento, el club refuerza su estrategia de crecimiento y su apuesta por la innovaci\u00f3n tecnol\u00f3gica.<\/p>\n","protected":false},"excerpt":{"rendered":"El estadio de la SD Huesca, El Alcoraz, pasar\u00e1 a incorporar el nombre de Amazon en las pr\u00f3ximas&hellip;\n","protected":false},"author":2,"featured_media":244840,"comment_status":"","ping_status":"","sticky":false,"template":"","format":"standard","meta":{"footnotes":""},"categories":[268],"tags":[912,10685,168,25,24,3129,280,282,1265,14043,281,23,167],"class_list":{"0":"post-244839","1":"post","2":"type-post","3":"status-publish","4":"format-standard","5":"has-post-thumbnail","7":"category-futbol","8":"tag-amazon","9":"tag-dara","10":"tag-deportes","11":"tag-es","12":"tag-espana","13":"tag-estadio","14":"tag-football","15":"tag-futbol","16":"tag-huesca","17":"tag-nombre","18":"tag-soccer","19":"tag-spain","20":"tag-sports"},"share_on_mastodon":{"url":"https:\/\/pubeurope.com\/@es\/115577279345017180","error":""},"_links":{"self":[{"href":"https:\/\/www.europesays.com\/es\/wp-json\/wp\/v2\/posts\/244839","targetHints":{"allow":["GET"]}}],"collection":[{"href":"https:\/\/www.europesays.com\/es\/wp-json\/wp\/v2\/posts"}],"about":[{"href":"https:\/\/www.europesays.com\/es\/wp-json\/wp\/v2\/types\/post"}],"author":[{"embeddable":true,"href":"https:\/\/www.europesays.com\/es\/wp-json\/wp\/v2\/users\/2"}],"replies":[{"embeddable":true,"href":"https:\/\/www.europesays.com\/es\/wp-json\/wp\/v2\/comments?post=244839"}],"version-history":[{"count":0,"href":"https:\/\/www.europesays.com\/es\/wp-json\/wp\/v2\/posts\/244839\/revisions"}],"wp:featuredmedia":[{"embeddable":true,"href":"https:\/\/www.europesays.com\/es\/wp-json\/wp\/v2\/media\/244840"}],"wp:attachment":[{"href":"https:\/\/www.europesays.com\/es\/wp-json\/wp\/v2\/media?parent=244839"}],"wp:term":[{"taxonomy":"category","embeddable":true,"href":"https:\/\/www.europesays.com\/es\/wp-json\/wp\/v2\/categories?post=244839"},{"taxonomy":"post_tag","embeddable":true,"href":"https:\/\/www.europesays.com\/es\/wp-json\/wp\/v2\/tags?post=244839"}],"curies":[{"name":"wp","href":"https:\/\/api.w.org\/{rel}","templated":true}]}}