{"id":244861,"date":"2025-11-19T16:34:17","date_gmt":"2025-11-19T16:34:17","guid":{"rendered":"https:\/\/www.europesays.com\/es\/244861\/"},"modified":"2025-11-19T16:34:17","modified_gmt":"2025-11-19T16:34:17","slug":"una-navidad-de-mas-de-100-actos-durante-45-dias-con-una-fuerte-apuesta-por-la-ornamentacion-ambienta-las-calles-y-plazas-del-municipio-hasta-el-5-de-enero","status":"publish","type":"post","link":"https:\/\/www.europesays.com\/es\/244861\/","title":{"rendered":"Una Navidad de m\u00e1s de 100 actos durante 45 d\u00edas con una fuerte apuesta por la ornamentaci\u00f3n ambienta las calles y plazas del municipio hasta el 5 de enero"},"content":{"rendered":"<p><strong>La Navidad realejera se enciende este viernes 21 de noviembre a las 18:30 horas en la Plaza de La Cruz Santa<\/strong><\/p>\n<p><strong>M\u00e1s de 100 actos durante 45 d\u00edas con una fuerte apuesta por la ornamentaci\u00f3n ambientan las calles y plazas del municipio hasta el 5 de enero<\/strong><\/p>\n<p>En la Plaza de la Uni\u00f3n de Los Realejos, en el a\u00f1o en que se han conmemorado los 70 a\u00f1os de la fusi\u00f3n en un solo municipio, se llevaba a cabo en la ma\u00f1ana de este mi\u00e9rcoles 19 de noviembre la presentaci\u00f3n de la programaci\u00f3n de la Navidad realejera, a cargo de su alcalde, Adolfo Gonz\u00e1lez, y la concejala de Fiestas, Isabel Socorro, un conjunto de m\u00e1s de un centenar de actividades que arrancan este viernes 21 a las 18:30 horas con el acto del simb\u00f3lico encendido del alumbrado ornamental, que este 2025 tendr\u00e1 lugar en la Plaza de La Cruz Santa.<\/p>\n<p>\u201cDestacamos este a\u00f1o los m\u00e1s de 100 actos que se desarrollar\u00e1n a lo largo y ancho del municipio durante un mes y medio de programaci\u00f3n continuada, coordinada desde la Concejal\u00eda de Fiestas, pero adem\u00e1s, una fuerte apuesta sin precedentes por la ornamentaci\u00f3n navide\u00f1a que vestir\u00e1 las mejores galas en calles y plazas para generar un clima propicio para los entornos comerciales, para la dinamizaci\u00f3n general de toda la localidad y ofrecer m\u00faltiples oportunidades de ocio para compartir en familia y para hacer de Los Realejos un lugar a visitar esta Navidad\u201d, declar\u00f3 Adolfo Gonz\u00e1lez.<\/p>\n<p>\u201cSi bien se mantienen las fechas se\u00f1aladas con esas destacadas actividades consolidadas como La Noche M\u00e1gica el 6 de diciembre, el Mercado de la Navidad los d\u00edas 19, 20 y 21 de diciembre, incluyendo el Real Brass Festival el 20 y 21, el decano Bel\u00e9n Viviente de Tigaiga el 25 de diciembre, el Fin de A\u00f1o Infantil el 30 de diciembre o la Cabalgata de Sus Majestades los Reyes Magos de Oriente el 5 de enero, la programaci\u00f3n ser\u00e1 extensiva e incluir\u00e1 algunas novedades como la \u2018Navidad Perruna\u2019, de las que se dar\u00e1 m\u00e1s detalle en pr\u00f3ximos d\u00edas\u201d, agreg\u00f3 el alcalde.<\/p>\n<p>Inform\u00f3 Isabel Socorro que \u201cel acto que da arranque oficial a la Navidad realejera 2025-2026 ser\u00e1 este viernes 21 de noviembre a las 18:30 horas en la Plaza de La Cruz Santa, donde el simb\u00f3lico encendido despertar\u00e1 la magia propia de estas fechas en una cita dirigida a las familias, con la participaci\u00f3n del grupo coreogr\u00e1fico Be Wild, del cantante Javier Linares y de The Vid Band, todos ellos artistas de sello realejero\u201d.<\/p>\n<p>Resalt\u00f3 la concejala responsable de esta programaci\u00f3n \u201cla transversalidad a la hora de coordinar todas estas actividades desde diferentes \u00e1reas municipales, con una labor indispensable por parte del personal de la empresa p\u00fablica de servicios Realserv en el trabajo previo de casi dos meses preparando toda la ornamentaci\u00f3n hasta el \u00faltimo detalle, as\u00ed como de las concejal\u00edas de Comercio, Cultura, Infancia, Deportes, entre otras, que tambi\u00e9n aportan actos al programa, o de Seguridad y Emergencias y Coordinaci\u00f3n de Eventos, responsables en que todo transcurra con la debida normalidad y cumpliendo los requisitos propios de cualquier acto p\u00fablico\u201d.<\/p>\n<p>Insisti\u00f3 Adolfo Gonz\u00e1lez en que \u201ccon m\u00e1s de 3.500 metros de guirnaldas, 700 elementos lum\u00ednicos y esta intensa programaci\u00f3n, Los Realejos abre sus brazos para recibirles esta Navidad, invit\u00e1ndoles a ser part\u00edcipes de cuantas propuestas de ocio, cultura, deporte, gastronom\u00eda y reencuentros con las tradiciones contribuyan ha seguir haciendo pueblo, a potenciar el consumo en el tejido comercial del municipio, y a mantener viva la ilusi\u00f3n de los ni\u00f1os y las ni\u00f1as de esta Ciudad Amiga de la Infancia\u201d.<\/p>\n<p>Asimismo, el alcalde cit\u00f3 la iniciativa \u2018Ampadrina una ilusi\u00f3n\u2019 como \u201cuno de los proyectos sociales m\u00e1s bonitos de cuantos se desarrollan en Los Realejos, una llamada a la solidaridad que siempre encuentra padrinos y madrinas entre nuestra ciudadan\u00eda, entidades vecinales y empresas, para que ning\u00fan hogar de este pueblo, especialmente aquellos con menores, se quede sin recibir regalos esta Navidad\u201d.<\/p>\n<p>El cartel de esta edici\u00f3n navide\u00f1a en Los Realejos es obra, por segundo a\u00f1o consecutivo, del dise\u00f1ador gr\u00e1fico municipal, Cr\u00edstofer Garc\u00eda Salazar, imagen que tambi\u00e9n ilustra la portada del programa de actos, del que se han editado 6.000 ejemplares de mano para su distribuci\u00f3n por todo el municipio y que ya se puede consultar al detalle y descargar en su versi\u00f3n digital (actualizable, en funci\u00f3n de posibles variaciones en la programaci\u00f3n) a trav\u00e9s de la web municipal www.losrealejos.es.<\/p>\n<p>CONSULTA AQU\u00cd EL PROGRAMA<\/p>\n","protected":false},"excerpt":{"rendered":"La Navidad realejera se enciende este viernes 21 de noviembre a las 18:30 horas en la Plaza de&hellip;\n","protected":false},"author":2,"featured_media":244862,"comment_status":"","ping_status":"","sticky":false,"template":"","format":"standard","meta":{"footnotes":""},"categories":[5],"tags":[17,18,25,24,13,14,11,19,20,62659,9,10,15,16,23,12,21,22],"class_list":{"0":"post-244861","1":"post","2":"type-post","3":"status-publish","4":"format-standard","5":"has-post-thumbnail","7":"category-titulares","8":"tag-breaking-news","9":"tag-breakingnews","10":"tag-es","11":"tag-espana","12":"tag-featured-news","13":"tag-featurednews","14":"tag-headlines","15":"tag-latest-news","16":"tag-latestnews","17":"tag-los-realejos-en-navidad","18":"tag-news","19":"tag-noticias","20":"tag-noticias-destacadas","21":"tag-noticiasdestacadas","22":"tag-spain","23":"tag-titulares","24":"tag-ultimas-noticias","25":"tag-ultimasnoticias"},"share_on_mastodon":{"url":"https:\/\/pubeurope.com\/@es\/115577334203990617","error":""},"_links":{"self":[{"href":"https:\/\/www.europesays.com\/es\/wp-json\/wp\/v2\/posts\/244861","targetHints":{"allow":["GET"]}}],"collection":[{"href":"https:\/\/www.europesays.com\/es\/wp-json\/wp\/v2\/posts"}],"about":[{"href":"https:\/\/www.europesays.com\/es\/wp-json\/wp\/v2\/types\/post"}],"author":[{"embeddable":true,"href":"https:\/\/www.europesays.com\/es\/wp-json\/wp\/v2\/users\/2"}],"replies":[{"embeddable":true,"href":"https:\/\/www.europesays.com\/es\/wp-json\/wp\/v2\/comments?post=244861"}],"version-history":[{"count":0,"href":"https:\/\/www.europesays.com\/es\/wp-json\/wp\/v2\/posts\/244861\/revisions"}],"wp:featuredmedia":[{"embeddable":true,"href":"https:\/\/www.europesays.com\/es\/wp-json\/wp\/v2\/media\/244862"}],"wp:attachment":[{"href":"https:\/\/www.europesays.com\/es\/wp-json\/wp\/v2\/media?parent=244861"}],"wp:term":[{"taxonomy":"category","embeddable":true,"href":"https:\/\/www.europesays.com\/es\/wp-json\/wp\/v2\/categories?post=244861"},{"taxonomy":"post_tag","embeddable":true,"href":"https:\/\/www.europesays.com\/es\/wp-json\/wp\/v2\/tags?post=244861"}],"curies":[{"name":"wp","href":"https:\/\/api.w.org\/{rel}","templated":true}]}}