{"id":244863,"date":"2025-11-19T16:39:09","date_gmt":"2025-11-19T16:39:09","guid":{"rendered":"https:\/\/www.europesays.com\/es\/244863\/"},"modified":"2025-11-19T16:39:09","modified_gmt":"2025-11-19T16:39:09","slug":"la-proxima-vez-mas-fuerte","status":"publish","type":"post","link":"https:\/\/www.europesays.com\/es\/244863\/","title":{"rendered":"La pr\u00f3xima vez, m\u00e1s fuerte"},"content":{"rendered":"\n<ul class=\"bodyList bodyList--unordered\">\n<li class=\"bodyList__item\"><a href=\"https:\/\/www.elconfidencial.com\/deportes\/tenis\/2025-08-20\/rafa-nadal-vida-retirado-tenis-levantarme-sin-algo-que-hacer-necesito-objetivos_4194026\/\" target=\"_self\" rel=\"nofollow noopener\">Nadal: \u00abLevantarme sin nada que hacer no me funciona. Esforzarme me gusta, me da felicidad\u00bb<\/a><\/li>\n<li class=\"bodyList__item\"><a href=\"https:\/\/www.elconfidencial.com\/deportes\/tenis\/2025-09-11\/rafa-nadal-carlos-alcaraz-halago-carrera-titulos_4206972\/\" target=\"_self\" rel=\"nofollow noopener\">El halago de Rafa Nadal a Alcaraz: \u00abSu carrera va encaminada a que sea algo \u00fanico en la historia\u00bb<\/a><\/li>\n<\/ul>\n<p> Este <strong>19 de noviembre<\/strong> se cumple justamente <strong>un a\u00f1o de la <a href=\"https:\/\/www.elconfidencial.com\/deportes\/tenis\/2024-11-20\/rafa-nadal-retirada-despedida-copa-davis-amarga_4006938\/\" target=\"_self\" rel=\"nofollow noopener\">retirada de Rafa Nadal<\/a> <\/strong>del tenis profesional.<a href=\"https:\/\/www.elconfidencial.com\/deportes\/tenis\/2025-03-13\/rafa-nadal-rivalidades-retirada-novak-djokovic-roger-federer_4084348\/\" target=\"_self\" rel=\"nofollow noopener\"> El balear dijo adi\u00f3s<\/a> en las <strong>Finales de la Copa Davis <\/strong>que se disputaron en 2024 en M\u00e1laga, en el <a href=\"https:\/\/www.elconfidencial.com\/deportes\/tenis\/2024-11-20\/martin-carpena-gafe-copa-davis-despedida_4006956\/\" target=\"_self\" rel=\"nofollow noopener\">Mart\u00edn Carpena.<\/a> <\/p>\n<p> Fue el momento elegido para el<strong> ganador de 22 Grand Slam,<\/strong> representando a Espa\u00f1a y <a href=\"https:\/\/www.elconfidencial.com\/deportes\/2024-11-20\/despedida-rafa-nadal-imagenes-emocion-campo-tenis-1qrt_4007502\/\" target=\"_self\" rel=\"nofollow noopener\">delante de su p\u00fablico.<\/a> La pena fue que<strong> perdiera su partido de cuartos de final<\/strong> contra Holanda y que finalmente la selecci\u00f3n capitaneada por David Ferrer cayese en esa ronda. <\/p>\n<p>              <img decoding=\"async\" class=\"inTextNews__img\" alt=\"Foto: rafa-nadal-retirada-deporte-adios-video\" src=\"https:\/\/www.europesays.com\/es\/wp-content\/uploads\/2025\/11\/f.elconfidencial.com\/original\/10c\/f48\/dbd\/10cf48dbd06ea6af71b78bfee8df80c7.jpg\"  \/>     <\/p>\n<p>TE PUEDE INTERESAR<\/p>\n<p>      <a class=\"inTextNews__title\" href=\"https:\/\/www.elconfidencial.com\/deportes\/tenis\/2024-10-10\/rafa-nadal-retirada-deporte-adios-video_3980277\/\" onclick=\"window.ECCO.emit(&#039;amplitude&#039;, { dataEventName: &#039;click_related_article_module&#039;, data: { related_article_url: &#039;https:\/\/www.elconfidencial.com\/deportes\/tenis\/2024-10-10\/rafa-nadal-retirada-deporte-adios-video_3980277\/&#039;, related_article_author: &#039;Rub\u00e9n Rodr\u00edguez,Emma Esser&#039;, related_article_section: &#039;tenis&#039; } })\" rel=\"nofollow noopener\" target=\"_blank\"> Rafa Nadal anuncia su retirada definitiva del tenis con un emotivo v\u00eddeo: \u00abMil gracias a todos\u00bb <\/a>   <\/p>\n<p>    Rub\u00e9n Rodr\u00edguez     EC Dise\u00f1o   <\/p>\n<p> Ha sido un a\u00f1o en el que <a href=\"https:\/\/www.elconfidencial.com\/deportes\/tenis\/2025-08-20\/rafa-nadal-vida-retirado-tenis-levantarme-sin-algo-que-hacer-necesito-objetivos_4194026\/\" target=\"_self\" rel=\"nofollow noopener\">Rafa se ha alejado de las pistas <\/a>y se ha <a href=\"https:\/\/www.elconfidencial.com\/deportes\/2024-11-20\/que-va-hacer-rafa-nadal-retirada-nueva-vida-1qrt_4006772\/\" target=\"_self\" rel=\"nofollow noopener\">centrado <\/a>en su familia y en otros proyectos profesionales. Una de sus apariciones p\u00fablicas fue en el espectacular <a href=\"https:\/\/www.elconfidencial.com\/deportes\/tenis\/2025-05-25\/nadal-no-evita-las-lagrimas-reencuentro-murray-djokovic-federer_4136964\/\" target=\"_self\" rel=\"nofollow noopener\">homenaje que le brind\u00f3 Roland Garros<\/a> en la Philippe-Chatrier por las<strong> 14 veces que gan\u00f3 la Copa de los Mosqueteros.<\/strong> Honr\u00e1ndole con una placa permanente de su huella, ubicada cerca de la red. <\/p>\n<p> \u00c9l mismo ha reconocido que no ha jugado al tenis en estos 365 d\u00edas y precisamente el d\u00eda del aniversario de su retirada, ha decidido empu\u00f1ar de nuevo la raqueta en su academia. <strong>Nadal ha participado en una sesi\u00f3n de entrenamiento<\/strong> junto a<strong> Alex Eala<\/strong>, alumna de su academia y una de las mayores promesas del circuito femenino. La <strong>jugadora filipina ha irrumpido entre las 50 mejores jugadoras<\/strong> del mundo con solo 19 a\u00f1os. <\/p>\n<blockquote class=\"twitter-tweet\">\n<p lang=\"en\" dir=\"ltr\">One year later, it felt great to be back on a tennis court!<\/p>\n<p>It was great to practice with you <a href=\"https:\/\/twitter.com\/AlexEala05?ref_src=twsrc%5Etfw\" rel=\"nofollow noopener\" target=\"_blank\">@AlexEala05<\/a>! Next time I will be stronger \ud83d\ude09 <a href=\"https:\/\/t.co\/XMHkkVvfWh\" rel=\"nofollow\">pic.twitter.com\/XMHkkVvfWh<\/a><\/p>\n<p>\u2014 Rafa Nadal (@RafaelNadal) <a href=\"https:\/\/twitter.com\/RafaelNadal\/status\/1991140164073115879?ref_src=twsrc%5Etfw\" rel=\"nofollow noopener\" target=\"_blank\">November 19, 2025<\/a><\/p><\/blockquote>\n<p> Tras el entrenamiento, <strong>Rafa <\/strong>escribi\u00f3 en sus redes sociales el siguiente mensaje: \u00abUn a\u00f1o despu\u00e9s, <strong>fue una gran sensaci\u00f3n volver a una pista de tenis<\/strong>. Fue genial entrenar contigo, Alex Eala. <strong>La pr\u00f3xima vez estar\u00e9 m\u00e1s fuerte\u00bb<\/strong>, public\u00f3 el manacor\u00ed. <\/p>\n<p>         <script async src=\"https:\/\/platform.twitter.com\/widgets.js\" charset=\"utf-8\"><\/script><\/p>\n","protected":false},"excerpt":{"rendered":"Nadal: \u00abLevantarme sin nada que hacer no me funciona. Esforzarme me gusta, me da felicidad\u00bb El halago de&hellip;\n","protected":false},"author":2,"featured_media":244864,"comment_status":"","ping_status":"","sticky":false,"template":"","format":"standard","meta":{"footnotes":""},"categories":[274],"tags":[168,25,24,23,167,327,326],"class_list":{"0":"post-244863","1":"post","2":"type-post","3":"status-publish","4":"format-standard","5":"has-post-thumbnail","7":"category-tenis","8":"tag-deportes","9":"tag-es","10":"tag-espana","11":"tag-spain","12":"tag-sports","13":"tag-tenis","14":"tag-tennis"},"share_on_mastodon":{"url":"https:\/\/pubeurope.com\/@es\/115577354303932106","error":""},"_links":{"self":[{"href":"https:\/\/www.europesays.com\/es\/wp-json\/wp\/v2\/posts\/244863","targetHints":{"allow":["GET"]}}],"collection":[{"href":"https:\/\/www.europesays.com\/es\/wp-json\/wp\/v2\/posts"}],"about":[{"href":"https:\/\/www.europesays.com\/es\/wp-json\/wp\/v2\/types\/post"}],"author":[{"embeddable":true,"href":"https:\/\/www.europesays.com\/es\/wp-json\/wp\/v2\/users\/2"}],"replies":[{"embeddable":true,"href":"https:\/\/www.europesays.com\/es\/wp-json\/wp\/v2\/comments?post=244863"}],"version-history":[{"count":0,"href":"https:\/\/www.europesays.com\/es\/wp-json\/wp\/v2\/posts\/244863\/revisions"}],"wp:featuredmedia":[{"embeddable":true,"href":"https:\/\/www.europesays.com\/es\/wp-json\/wp\/v2\/media\/244864"}],"wp:attachment":[{"href":"https:\/\/www.europesays.com\/es\/wp-json\/wp\/v2\/media?parent=244863"}],"wp:term":[{"taxonomy":"category","embeddable":true,"href":"https:\/\/www.europesays.com\/es\/wp-json\/wp\/v2\/categories?post=244863"},{"taxonomy":"post_tag","embeddable":true,"href":"https:\/\/www.europesays.com\/es\/wp-json\/wp\/v2\/tags?post=244863"}],"curies":[{"name":"wp","href":"https:\/\/api.w.org\/{rel}","templated":true}]}}