{"id":244865,"date":"2025-11-19T16:40:08","date_gmt":"2025-11-19T16:40:08","guid":{"rendered":"https:\/\/www.europesays.com\/es\/244865\/"},"modified":"2025-11-19T16:40:08","modified_gmt":"2025-11-19T16:40:08","slug":"el-temor-al-efecto-del-equipo-israeli-en-el-turismo-anula-el-final-de-la-vuelta-2026-en-canarias","status":"publish","type":"post","link":"https:\/\/www.europesays.com\/es\/244865\/","title":{"rendered":"El temor al efecto del equipo israel\u00ed en el turismo anula el final de la Vuelta 2026 en Canarias"},"content":{"rendered":"<p style=\"\">Hab\u00eda un plan en marcha para concretar el final de la <a href=\"https:\/\/www.abc.es\/deportes\/ciclismo\/vingegaard-muestra-orgullo-campeon-activistas-insolidarios-20250913173401-nt.html\" target=\"_blank\" data-voc-vtm-id=\"in-text-traffic\" title=\"Vuelta a Espa\u00f1a 2026\" rel=\"nofollow noopener\">Vuelta a Espa\u00f1a 2026<\/a> en las Islas Canarias y el proyecto se ha roto por los rescoldos de la \u00faltima edici\u00f3n con el equipo de Israel y la probabilidad de nuevos incidentes el  &#8230; pr\u00f3ximo septiembre en un destino tur\u00edstico de primer orden como son Gran Canaria y Tenerife.<\/p>\n<p class=\"voc-p\" style=\"\">As\u00ed lo ha confirmado este mi\u00e9rcoles Antonio Morales, presidente del <strong>Cabildo de Gran Canaria<\/strong>, ante la incertidumbre de la presencia del <a href=\"https:\/\/www.abc.es\/deportes\/ciclismo\/asedio-equipo-israel-principal-patrocinador-exige-borrarse-20250924161543-nt.html\" target=\"_blank\" data-voc-vtm-id=\"in-text-traffic\" title=\"equipo de Israel\" rel=\"nofollow noopener\">equipo de Israel<\/a>, que cambiar\u00e1 de nombre la pr\u00f3xima temporada (se especula con Cycling Academy), pero que sigue teniendo al mismo propietario, Sylvan Adams.<\/p>\n<p class=\"voc-p\" style=\"\"> \u00abYa dijimos desde un primer momento que con recursos de la administraci\u00f3n p\u00fablica no pod\u00edamos hacer posible que llegara hasta Gran Canaria una Vuelta que cont\u00f3 con<a href=\"https:\/\/www.abc.es\/deportes\/ciclismo\/israel-vuelta-equipo-disgustado-invisible-escolta-policial-20250901133544-nt.html\" target=\"_self\" data-voc-vtm-id=\"in-text-traffic\" title=\" la participaci\u00f3n de Israel,\" data-mrf-link=\"www.abc.es\" rel=\"nofollow noopener\"> la participaci\u00f3n de Israel,<\/a> con un equipo propiedad de una persona que tiene una \u00edntima relaci\u00f3n con (el primer ministro israel\u00ed, Benjamin) Netanyahu y que apoya el genocidio que se ha cometido por Israel sobre el pueblo palestino\u00bb, manifest\u00f3 Morales.<\/p>\n<p class=\"voc-p\" style=\"\">Unipublic, la empresa organizadora de la Vuelta a Espa\u00f1a, ten\u00eda las <strong>conversaciones casi cerradas<\/strong> en agosto con los Cabildos de Gran Canaria y Tenerife para llevar de regreso la carrera a las Islas Canarias 38 a\u00f1os despu\u00e9s (la \u00faltima vez, en 1988). Faltaban pocos detalles por concretar, seg\u00fan fuentes consultadas por ABC, pero el devenir de la carrera con las protestas contra el equipo Israel y a favor de Palestina cambiaron el rumbo del proyecto.<\/p>\n<p class=\"voc-p\" style=\"\">La Vuelta a Espa\u00f1a negocia cada a\u00f1o con las diputaciones el paso de la carrera, las sedes principio y final de etapa, todos los pormenores del recorrido. Y habl\u00f3 por separado con los Cabildos de Gran Canaria y Tenerife. La idea era celebrar cuatro etapas en las islas, dos en cada una con el final previsto en Tenerife y <strong>la subida al Teide<\/strong>.<\/p>\n<p class=\"voc-p\" style=\"\"> Sucedi\u00f3 que las algaradas de la Vuelta a Espa\u00f1a 2025, los disturbios provocados por las protestas, la imagen internacional de desorden total que oblig\u00f3 a la suspensi\u00f3n de las etapas de Bilbao y Madrid y a recortar el kilometraje de otras (Valladolid, Mos) hizo pensar a los rectores pol\u00edticos de Gran Canaria que el <strong>turismo iba a quedar muy afectado<\/strong> si algo as\u00ed se produc\u00eda en las islas.<\/p>\n<p>\nConfrontaci\u00f3n social\n<\/p>\n<p class=\"voc-p\" style=\"\">\u00abAcoger una carrera ciclista con una fuerte confrontaci\u00f3n social, generando espacios de violencia, no nos parec\u00eda lo m\u00e1s adecuado y no tiene que ver con ese modelo de proyecci\u00f3n de la isla que defiende\u00bb, dijo Morales en rueda de prensa.<\/p>\n<p class=\"voc-p\" style=\"\">Cuando del deporte se habla, nadie quiere l\u00edos ni corrupci\u00f3n a su lado. El Cabildo de Gran Canaria no asumi\u00f3 el riesgo de unas protestas estilo a las de Madrid, cuando la Vuelta tuvo que terminar <strong>en el Campo del Moro<\/strong> sin llegar a meta. <\/p>\n<p class=\"voc-p\" style=\"\">\u00abNo podemos ser c\u00f3mplices del genocidio y no podemos amparar la Vuelta. Ya nos hubiese gustado, porque hicimos todo lo posible para que fuera as\u00ed\u00bb, a\u00f1adi\u00f3.<\/p>\n<p class=\"voc-p\" style=\"\">Seg\u00fan las fuentes consultadas por ABC, tanto el Gobierno de Canarias como la Vuelta a Espa\u00f1a llevaban \u00abvarios a\u00f1os negociando\u00bb la posibilidad de regresar con el ciclismo a las islas<strong>. \u00abCada a\u00f1o pasa esto.<\/strong> Se habla con distintas sedes posibles comienzo o final de etapas y no se llega a un acuerdo por m\u00faltiples motivos\u00bb.<\/p>\n<p class=\"voc-p\" style=\"\"> Una vez Gran Canaria se apart\u00f3 de la negociaci\u00f3n, las conversaciones siguieron entre el Cabildo de Tenerife y la empresa Unipublic, siempre con el equipo Israel de fondo. Aunque en esta vertiente, el asunto fue econ\u00f3mico. Tenerife pod\u00eda asumir la presencia los israel\u00edes, que en 2026 tendr\u00e1n licencia canadiense y cambiar\u00e1n de nombre aunque no de due\u00f1o, pero no as\u00ed el coste econ\u00f3mico de cuatro etapas en su isla.<\/p>\n<p class=\"voc-p\" style=\"\">\u00abNo tiene ning\u00fan sentido ir a Canarias con el despliegue log\u00edstico que se necesita para celebrar <strong>solo dos etapas.<\/strong> Hab\u00eda mucha ilusi\u00f3n por ir a Canarias, pero no pod\u00eda ser\u00bb, cuentan partes de la negociaci\u00f3n.<\/p>\n<p>\nSiete millones\n<\/p>\n<p class=\"voc-p\" style=\"\">El vicepresidente y consejero de Turismo del Cabildo de Tenerife, Lope Afonso, indic\u00f3 que se manejaba una inversi\u00f3n \u00abtripartita\u00bb entre los dos cabildos y el Gobierno de Canarias para cubrir un coste total de siete millones de euros y que la salida de Gran Canaria \u00abdesbordar\u00eda\u00bb las capacidades de las otras dos administraciones en liza.<\/p>\n<p class=\"voc-p\" style=\"\">Afonso ha insistido en que es \u00abmuy complicado\u00bb afrontar el desaf\u00edo log\u00edstico de traer una prueba deportiva de esas caracter\u00edsticas a las islas porque movilizar a una<strong> \u00abcantidad enorme de personas\u00bb<\/strong> desde la Pen\u00ednsula \u00absupone un gasto importante\u00bb.<\/p>\n<p class=\"voc-p\" style=\"\">La cuerda con Tenerife tambi\u00e9n se rompi\u00f3 sin que la Vuelta anunciase en ning\u00fan momento que la carrera 2026 acabar\u00eda en Canarias. S\u00ed hizo oficial la salida de M\u00f3naco y extraoficialmente la ausencia de Madrid como final de la Vuelta. El domingo 13 de septiembre de 2026 coincidir\u00e1 en fechas con el estreno del <strong>Gran Premio de Espa\u00f1a de F\u00f3rmula 1<\/strong> en el nuevo circuito de Madrid en Ifema.<\/p>\n<p class=\"voc-p\" style=\"\">\u00abLa idea no es abandonar Madrid como final de etapa, sino todo lo contrario. La Vuelta quiere seguir como cierre en Madrid. Eso no deber\u00eda cambiar\u00bb, aseguran.<\/p>\n<p class=\"voc-p\" style=\"\">Sin Canarias y sin Madrid, la opci\u00f3n de Andaluc\u00eda ha cogido fuerza como episodio final de la carrera en 2026. En especial la posibilidad de Granada y su provincia. La presentaci\u00f3n oficial de la Vuelta 2026 ser\u00e1 el pr\u00f3ximo 17 de diciembre en M\u00f3naco.<\/p>\n","protected":false},"excerpt":{"rendered":"Hab\u00eda un plan en marcha para concretar el final de la Vuelta a Espa\u00f1a 2026 en las Islas&hellip;\n","protected":false},"author":2,"featured_media":244866,"comment_status":"","ping_status":"","sticky":false,"template":"","format":"standard","meta":{"footnotes":""},"categories":[273],"tags":[3076,58,7221,313,312,168,622,25,24,3956,703,2682,17243,23,167,1357],"class_list":{"0":"post-244865","1":"post","2":"type-post","3":"status-publish","4":"format-standard","5":"has-post-thumbnail","7":"category-ciclismo","8":"tag-3076","9":"tag-cabildo","10":"tag-canaria","11":"tag-ciclismo","12":"tag-cycling","13":"tag-deportes","14":"tag-equipo","15":"tag-es","16":"tag-espana","17":"tag-gran","18":"tag-israeli","19":"tag-presencia","20":"tag-renuncia","21":"tag-spain","22":"tag-sports","23":"tag-vuelta"},"share_on_mastodon":{"url":"https:\/\/pubeurope.com\/@es\/115577357775830296","error":""},"_links":{"self":[{"href":"https:\/\/www.europesays.com\/es\/wp-json\/wp\/v2\/posts\/244865","targetHints":{"allow":["GET"]}}],"collection":[{"href":"https:\/\/www.europesays.com\/es\/wp-json\/wp\/v2\/posts"}],"about":[{"href":"https:\/\/www.europesays.com\/es\/wp-json\/wp\/v2\/types\/post"}],"author":[{"embeddable":true,"href":"https:\/\/www.europesays.com\/es\/wp-json\/wp\/v2\/users\/2"}],"replies":[{"embeddable":true,"href":"https:\/\/www.europesays.com\/es\/wp-json\/wp\/v2\/comments?post=244865"}],"version-history":[{"count":0,"href":"https:\/\/www.europesays.com\/es\/wp-json\/wp\/v2\/posts\/244865\/revisions"}],"wp:featuredmedia":[{"embeddable":true,"href":"https:\/\/www.europesays.com\/es\/wp-json\/wp\/v2\/media\/244866"}],"wp:attachment":[{"href":"https:\/\/www.europesays.com\/es\/wp-json\/wp\/v2\/media?parent=244865"}],"wp:term":[{"taxonomy":"category","embeddable":true,"href":"https:\/\/www.europesays.com\/es\/wp-json\/wp\/v2\/categories?post=244865"},{"taxonomy":"post_tag","embeddable":true,"href":"https:\/\/www.europesays.com\/es\/wp-json\/wp\/v2\/tags?post=244865"}],"curies":[{"name":"wp","href":"https:\/\/api.w.org\/{rel}","templated":true}]}}