{"id":244873,"date":"2025-11-19T16:45:13","date_gmt":"2025-11-19T16:45:13","guid":{"rendered":"https:\/\/www.europesays.com\/es\/244873\/"},"modified":"2025-11-19T16:45:13","modified_gmt":"2025-11-19T16:45:13","slug":"el-mural-de-belin-en-roldan-y-marin-toma-forma","status":"publish","type":"post","link":"https:\/\/www.europesays.com\/es\/244873\/","title":{"rendered":"El mural de Belin en Rold\u00e1n y Mar\u00edn toma forma"},"content":{"rendered":"<p>Miradas que se alzan y se detienen. El primer aviso es la gr\u00faa, parada entre la calle Rold\u00e1n y Mar\u00edn y Federico Mendiz\u00e1bal, rodeado de  &#8230; vallas y que, sin llegar a bloquear, s\u00ed que llama la atenci\u00f3n. El segundo, la tela y los cubos de pintura, que esperan a su due\u00f1o, unos metros m\u00e1s arriba, mostrando su arte en un lienzo en blanco que es un muro junto al edificio de Turismo de la Diputaci\u00f3n de Ja\u00e9n.<\/p>\n<p class=\"v-p\">El artista es Belin, llegado de Linares, que se encarga de dar vida a un rinc\u00f3n de la capital que un enorme trasiego de viandantes y que, pr\u00f3ximamente, har\u00e1 que se alcen a\u00fan m\u00e1s las miradas hacia su nueva obra art\u00edstica.<\/p>\n<p><img decoding=\"async\" loading=\"lazy\" src=\"https:\/\/www.europesays.com\/es\/wp-content\/uploads\/2025\/11\/Imagen de WhatsApp 2025-11-19 a las 10.31.04_edd17d44.jpg\" class=\"v-a-img\" width=\"624\" height=\"385\" alt=\"Obra en detalle.\" data-voc-vtm-id=\"in-text-traffic\"\/><\/p>\n<p>Obra en detalle.<\/p>\n<p>M. Mill\u00e1n<\/p>\n<p><img loading=\"lazy\" decoding=\"async\" src=\"https:\/\/www.europesays.com\/es\/wp-content\/uploads\/2025\/11\/Imagen de WhatsApp 2025-11-19 a las 10.31.04_edd17d44.jpg\" class=\"v-mdl__img-z\" width=\"624\" height=\"385\" alt=\"\"\/><\/p>\n<p class=\"v-p\">Se trata de la segunda obra enmarcada en la iniciativa &#8216;Ja\u00e9n se pinta&#8217;, que cuenta con el apoyo del Ayuntamiento de Ja\u00e9n, HEINEKEN Espa\u00f1a a trav\u00e9s de sus marcas Cruzcampo y El Alc\u00e1zar y la Diputaci\u00f3n de Ja\u00e9n.<\/p>\n<p class=\"v-p\">El primero en inaugurarse y que ya luce y embellece un rinc\u00f3n de la ciudad es &#8216;Flores que hablan&#8217;, de Marta Lape\u00f1a, una naturaleza muerta llena de vida y color, flores y frutos, en la calle Lizaderas, en el barrio de San Ildefonso. <\/p>\n<p class=\"v-p\">El de Belin est\u00e1 previsto que se inaugure el 21 de noviembre; le seguir\u00e1 el de Manolo Mesa, el 29 de noviembre, y el de Nono Del Moral el 6 de diciembre. Junto a ello, &#8216;Ja\u00e9n se pinta&#8217; llama a la participaci\u00f3n social con talleres para toda la familia y un concurso de pintura r\u00e1pida alentado por la academia de Arte Carrillo el 22 de noviembre con la entrega de premios y exposici\u00f3n de obras en calle San Clemente para dinamizar el centro hist\u00f3rico y comercial. <\/p>\n","protected":false},"excerpt":{"rendered":"Miradas que se alzan y se detienen. El primer aviso es la gr\u00faa, parada entre la calle Rold\u00e1n&hellip;\n","protected":false},"author":2,"featured_media":244874,"comment_status":"","ping_status":"","sticky":false,"template":"","format":"standard","meta":{"footnotes":""},"categories":[173],"tags":[229,233,231,230,62660,232,234,146,147,25,24,1142,8016,15050,53493,23,4350],"class_list":{"0":"post-244873","1":"post","2":"type-post","3":"status-publish","4":"format-standard","5":"has-post-thumbnail","7":"category-arte-y-diseno","8":"tag-arte","9":"tag-arte-y-diseno","10":"tag-arts","11":"tag-arts-and-design","12":"tag-belin","13":"tag-design","14":"tag-diseno","15":"tag-entertainment","16":"tag-entretenimiento","17":"tag-es","18":"tag-espana","19":"tag-forma","20":"tag-marin","21":"tag-mural","22":"tag-roldan","23":"tag-spain","24":"tag-toma"},"share_on_mastodon":{"url":"https:\/\/pubeurope.com\/@es\/115577377984355826","error":""},"_links":{"self":[{"href":"https:\/\/www.europesays.com\/es\/wp-json\/wp\/v2\/posts\/244873","targetHints":{"allow":["GET"]}}],"collection":[{"href":"https:\/\/www.europesays.com\/es\/wp-json\/wp\/v2\/posts"}],"about":[{"href":"https:\/\/www.europesays.com\/es\/wp-json\/wp\/v2\/types\/post"}],"author":[{"embeddable":true,"href":"https:\/\/www.europesays.com\/es\/wp-json\/wp\/v2\/users\/2"}],"replies":[{"embeddable":true,"href":"https:\/\/www.europesays.com\/es\/wp-json\/wp\/v2\/comments?post=244873"}],"version-history":[{"count":0,"href":"https:\/\/www.europesays.com\/es\/wp-json\/wp\/v2\/posts\/244873\/revisions"}],"wp:featuredmedia":[{"embeddable":true,"href":"https:\/\/www.europesays.com\/es\/wp-json\/wp\/v2\/media\/244874"}],"wp:attachment":[{"href":"https:\/\/www.europesays.com\/es\/wp-json\/wp\/v2\/media?parent=244873"}],"wp:term":[{"taxonomy":"category","embeddable":true,"href":"https:\/\/www.europesays.com\/es\/wp-json\/wp\/v2\/categories?post=244873"},{"taxonomy":"post_tag","embeddable":true,"href":"https:\/\/www.europesays.com\/es\/wp-json\/wp\/v2\/tags?post=244873"}],"curies":[{"name":"wp","href":"https:\/\/api.w.org\/{rel}","templated":true}]}}