{"id":244879,"date":"2025-11-19T16:49:12","date_gmt":"2025-11-19T16:49:12","guid":{"rendered":"https:\/\/www.europesays.com\/es\/244879\/"},"modified":"2025-11-19T16:49:12","modified_gmt":"2025-11-19T16:49:12","slug":"el-guino-a-los-reyes-catolicos-que-se-cuela-en-el-dracula-de-luc-besson","status":"publish","type":"post","link":"https:\/\/www.europesays.com\/es\/244879\/","title":{"rendered":"El gui\u00f1o a los Reyes Cat\u00f3licos que se cuela en el &#8216;Dr\u00e1cula&#8217; de Luc Besson"},"content":{"rendered":"<p style=\"\">Con permiso de <a href=\"https:\/\/www.abc.es\/play\/cine\/criticas\/critica-frankenstein-guillermo-toro-deslumbrante-pirotecnia-visual-20251024200452-nt.html\" data-voc-vtm-id=\"in-text-traffic\" title=\"Frankenstein y su monstruo\" rel=\"nofollow noopener\" target=\"_blank\">Frankenstein y su monstruo<\/a>, Dr\u00e1cula es uno de los mitos del terror cl\u00e1sico. Al igual que la obra de <strong>Mary Shelley<\/strong>, la de <strong>Bram Stoker<\/strong> han visto trasladada su historia de mil y una maneras al cine. La \u00faltima  &#8230; revisi\u00f3n del vampiro m\u00e1s famoso del mundo corre a cargo del no menos g\u00f3tico <strong>Luc Besson<\/strong>.<\/p>\n<p class=\"voc-p\" style=\"\">El cineasta franc\u00e9s lleva a los cines una versi\u00f3n rom\u00e1ntica de la historia del <a href=\"https:\/\/www.abc.es\/cultura\/crepusculo-veinte-anos-despues-vampiro-romantico-revive-20250930090452-nt.html\" data-voc-vtm-id=\"in-text-traffic\" title=\"arist\u00f3crata maldito m\u00e1s famoso\" rel=\"nofollow noopener\" target=\"_blank\">arist\u00f3crata maldito m\u00e1s famoso<\/a> de los C\u00e1rpatos. Con algunas licencias propias para actualizar la archiconocida trama, el director convierte a <strong>Caleb Landry Jones<\/strong> en un pr\u00edncipe del siglo XV que, tras la muerte de su esposa, renuncia a la fe para entregarse en los brazos del Diablo y ejercer de uno de sus caudillos en la Tierra. Cuatro siglos despu\u00e9s, en pleno final del 1800 y con Londres como escenario de fondo, otra mujer muy parecida a su amada (interpretada por <strong>Zo\u00eb Bleu<\/strong>) le hace recuperar viejas pasiones para perseguirla hasta la muerte.<\/p>\n<p class=\"voc-p\" style=\"\">Con esta premisa, Besson crea un Dr\u00e1cula que por momentos recuerda al que inmortaliz\u00f3 <strong>Gary Oldman<\/strong> en la versi\u00f3n de <strong>Francis Ford Coppola<\/strong> pero que, en este caso, est\u00e1 mucho m\u00e1s exagerado y, por momentos, es m\u00e1s cercano a lo barroco que a lo puramente g\u00f3tico. Y en esa b\u00fasqueda de recuperar el ambiente de siglos atr\u00e1s, en el metraje han colado un curioso gui\u00f1o que, para el ojo m\u00e1s entrenado en la Historia, no ha pasado desapercibido: <strong>un escudo her\u00e1ldico con un enorme parecido al de los Reyes Cat\u00f3licos<\/strong>.<\/p>\n<p>\nEl \u00e1guila de San Juan sobre el asiento de Dr\u00e1cula\n<\/p>\n<p class=\"voc-p\" style=\"\">La imagen no ha pasado desapercibida para nadie. En una de las fotos promocionales de la pel\u00edcula, se ve a un Dr\u00e1cula envejecido sentado a la mesa durante una cena, observando a los dem\u00e1s comensales.<\/p>\n<p class=\"voc-p\" style=\"\">En la parte superior del respaldo en el que reposa con mirada pensativa y ciertamente malvada un Vlad casi momificado luce un escudo her\u00e1ldico muy reconocible: <strong>el de los Reyes Cat\u00f3licos<\/strong>. O, al menos, una versi\u00f3n muy similar.<\/p>\n<p class=\"voc-p\" style=\"\">Se distingue perfectamente el \u00e1guila de San Juan sobre la corona, as\u00ed como el escudo de Castilla y Le\u00f3n en el cuadrante superior izquierdo e inferior derecho, as\u00ed como las ense\u00f1as de Arag\u00f3n y Sicilia en los dos que restan. <\/p>\n<p><img decoding=\"async\" loading=\"lazy\" src=\"https:\/\/www.europesays.com\/es\/wp-content\/uploads\/2025\/11\/Dracula-Bram-krJI--760x427@diario_abc.jpg\" class=\"voc-img\" width=\"760\" height=\"427\" alt=\"Caleb Landry Jones, en 'Dr\u00e1cula' de Luc Besson, sentado en una silla con el escudo de los Reyes Cat\u00f3licos\" data-voc-vtm-id=\"in-text-traffic\"\/><\/p>\n<p>Caleb Landry Jones, en &#8216;Dr\u00e1cula&#8217; de Luc Besson, sentado en una silla con el escudo de los Reyes Cat\u00f3licos<\/p>\n<p>Vertigo<\/p>\n<p class=\"voc-p\" style=\"\">No hay un motivo evidente por el que Luc Besson o sus responsables de producci\u00f3n han decidido introducir un s\u00edmbolo tan representativo de la historia de Espa\u00f1a, m\u00e1s all\u00e1 de lo meramente ornamental.<\/p>\n","protected":false},"excerpt":{"rendered":"Con permiso de Frankenstein y su monstruo, Dr\u00e1cula es uno de los mitos del terror cl\u00e1sico. Al igual&hellip;\n","protected":false},"author":2,"featured_media":244880,"comment_status":"","ping_status":"","sticky":false,"template":"","format":"standard","meta":{"footnotes":""},"categories":[169],"tags":[50442,177,3658,21812,146,147,25,24,176,8018,448,50441,175,23],"class_list":{"0":"post-244879","1":"post","2":"type-post","3":"status-publish","4":"format-standard","5":"has-post-thumbnail","7":"category-cine","8":"tag-besson","9":"tag-cine","10":"tag-cuela","11":"tag-dracula","12":"tag-entertainment","13":"tag-entretenimiento","14":"tag-es","15":"tag-espana","16":"tag-film","17":"tag-guino","18":"tag-historia","19":"tag-luc","20":"tag-movies","21":"tag-spain"},"share_on_mastodon":{"url":"https:\/\/pubeurope.com\/@es\/115577393605991684","error":""},"_links":{"self":[{"href":"https:\/\/www.europesays.com\/es\/wp-json\/wp\/v2\/posts\/244879","targetHints":{"allow":["GET"]}}],"collection":[{"href":"https:\/\/www.europesays.com\/es\/wp-json\/wp\/v2\/posts"}],"about":[{"href":"https:\/\/www.europesays.com\/es\/wp-json\/wp\/v2\/types\/post"}],"author":[{"embeddable":true,"href":"https:\/\/www.europesays.com\/es\/wp-json\/wp\/v2\/users\/2"}],"replies":[{"embeddable":true,"href":"https:\/\/www.europesays.com\/es\/wp-json\/wp\/v2\/comments?post=244879"}],"version-history":[{"count":0,"href":"https:\/\/www.europesays.com\/es\/wp-json\/wp\/v2\/posts\/244879\/revisions"}],"wp:featuredmedia":[{"embeddable":true,"href":"https:\/\/www.europesays.com\/es\/wp-json\/wp\/v2\/media\/244880"}],"wp:attachment":[{"href":"https:\/\/www.europesays.com\/es\/wp-json\/wp\/v2\/media?parent=244879"}],"wp:term":[{"taxonomy":"category","embeddable":true,"href":"https:\/\/www.europesays.com\/es\/wp-json\/wp\/v2\/categories?post=244879"},{"taxonomy":"post_tag","embeddable":true,"href":"https:\/\/www.europesays.com\/es\/wp-json\/wp\/v2\/tags?post=244879"}],"curies":[{"name":"wp","href":"https:\/\/api.w.org\/{rel}","templated":true}]}}