{"id":244883,"date":"2025-11-19T16:51:11","date_gmt":"2025-11-19T16:51:11","guid":{"rendered":"https:\/\/www.europesays.com\/es\/244883\/"},"modified":"2025-11-19T16:51:11","modified_gmt":"2025-11-19T16:51:11","slug":"cuba-nueva-epidemia-ya-afecta-a-hoteles-con-pocas-medicinas-reportur-com","status":"publish","type":"post","link":"https:\/\/www.europesays.com\/es\/244883\/","title":{"rendered":"Cuba: nueva epidemia ya afecta a hoteles con pocas medicinas &#8211; REPORTUR.com"},"content":{"rendered":"<ol>\n<li><a href=\"https:\/\/news.google.com\/rss\/articles\/CBMipwFBVV95cUxNelFadllGVUwzMWprMVVUTkRxLVhUS3B0ZHdmZXZoT3ZMa1hmV2FlcWp2N2J1MXNRN1VNTUFYSzRFcDhUaWtOVzhZSzJSRlV6V2RXdWoyVGxBVHBqOFliLTNzSTB4a01vSmdsdWtUbEtCZHVER1MwN2dnYlllcldJSHFnY1h1WEZReENMNzhFZnFGek9kSFdibmRTQVEwdlZiZTdZQ0tsOA?oc=5\" target=\"_blank\" rel=\"nofollow noopener\">Cuba: nueva epidemia ya afecta a hoteles con pocas medicinas<\/a>&nbsp;&nbsp;REPORTUR.com<\/li>\n<li><a href=\"https:\/\/news.google.com\/rss\/articles\/CBMi4gFBVV95cUxPeEZCVERPUkdJUkt6ZUlVM094N1AwZ2N2YjNqQkJYWjI4MGNXS0xfNlpkMjJaWno0V1dqT0ZjODkwZmZJTlViR0ZxZnh6TnB4YkJuN2RyRnpnMzhsSDI1eXZRbGFScDBzX0l1R01UaFlPc1dKQmxtZnpTcTdWZjBJaWlRbHlFR0hDT1hsbGZDTGtRRmdEWTZlMzFTbUQyX09QdW1QbHF3UVZmLXVaNTRkMk8zYm1JYUJBREFNd1VqREJ4YUlhUkVFeWZtQ3MwRTk4T2dpVGVra2RZRGxQNTJ3Mi130gHnAUFVX3lxTE90dWVyWFdvYWdaOFFEQlFzdTI5ZFlFOHhEOVR3LXI4OXdzYUlJRkJHS2Npa3BMdGV3NXVLNHl2eTNMTmRCSFpad2s2WUF1UGJWYmlrVG85RHhQVU5qenljMlpJQk9PdWFjMWp3dTJQN1A2Z1VrMFBEMG8yWGNYTmIydmNCVHZ6cWpBc3RUZEVqT3pST0NyNEgtOWVSOVpvOWF2X3cwUTB1TjlHZzBwME11U3NhdEhZM0VIZ2pDRF9EYng3bm4ySDhCU05DZEdYMHZCUE1sRk9CYUxYU0MxM2c1dTVyN0xpUQ?oc=5\" target=\"_blank\" rel=\"nofollow noopener\">Cuba reporta aumento del 2,5 % en casos sospechosos o confirmados de dengue y chikungu\u00f1a<\/a>&nbsp;&nbsp;La Vanguardia<\/li>\n<li><a href=\"https:\/\/news.google.com\/rss\/articles\/CBMiYEFVX3lxTE9hRk5uWXFMM1pXR1o2emhzTmxEVmVyN2NFQlFQS0hpVFBDV29MbW1xM0Z5VFdaNExNcVU0NmxGblRKdlBaX3NjWXZTNGNWWWlPZDNxWjBvX2szbmkybDJFWQ?oc=5\" target=\"_blank\" rel=\"nofollow noopener\">Cuba tiene la mayor incidencia de chikungunya y oropuche de las Am\u00e9ricas en 2025, revela la OPS<\/a>&nbsp;&nbsp;DIARIO DE CUBA<\/li>\n<li><a href=\"https:\/\/news.google.com\/rss\/articles\/CBMixgFBVV95cUxQQXpOclh6RTlDLUM4UGFUaDFLY3pIS05CMTYwQzk5UnB1dkVKWVV6ZmRnMTBQWlBjZ01FaEQ1UXdEcjZ5b2ljVlZ4V2R5aWZzRk1nckZFMjI1TkhJVE44cnBVaDRiT3JMMEdESWxDb09IS1hRaU53RFlzcllsTGp6ZkZGREdZNXpDMUJmQXF4a2JPLTFoZklkMzFBTjlDbzBzcmpNbjRTWkNUcldod1c2ZVl1TUhkNzBJTHhSMkZPTkRVVk85b0HSAeIBQVVfeXFMTnpmelNmcEozOU5EckxKTFJrNlhBU0JhODFFYkhyTGV6ZU5vRkNQZmJKSmtfTzhLUEJPZGNUSk5xN1J2SG12Q1FiaEZxalFfcmtWZVlZM3JsY3NkdWdINmQ0UnZrUFdmcU9SNVBieTdRVUlRMzBBTmtMQVlUU2Nsb3kySUM3VUl6cHVnTFJoOWlPTGJIcE9wb0hsdjBya2FBb0QwSHZ5YVRfakw4VmtlTnlyVjYzVllpU2JjaWtCaE1meVYxdjdZd0YtZ19DOXBCWnI0aUhWd3dhRUhZaktVS1cxZw?oc=5\" target=\"_blank\" rel=\"nofollow noopener\">Arbovirosis, la epidemia que azota Cuba y avanza sin control: \u00abSe est\u00e1 enterrando gente de noche, como en la pandemia\u00bb<\/a>&nbsp;&nbsp;La Voz de Galicia<\/li>\n<li><a href=\"https:\/\/news.google.com\/rss\/articles\/CBMiwgFBVV95cUxQNFhsSTE0SEp2T295MDFGdU5BcjNUZml4SFpBZFBadXcxMnJ2UnM4QXNubVBFNURZTEtNS09XdmlwMWFRMzBSenVNX2FCbFFHTUx1VUJ5M2wwRFp0RTZKMGstVkNPYV91ajk5QXFrcG93Ym9iU0tpXzM1Umkzd0hvWWVOVVZnZ1dyVFg0TWhHSTAwS3gtS3lwVXlHZW1SU0lYRDh2R0wtNTk4RlVUaWpXWlBzYlh5MlJxV1JDZ0hBMVU0Z9IBwgFBVV95cUxQNFhsSTE0SEp2T295MDFGdU5BcjNUZml4SFpBZFBadXcxMnJ2UnM4QXNubVBFNURZTEtNS09XdmlwMWFRMzBSenVNX2FCbFFHTUx1VUJ5M2wwRFp0RTZKMGstVkNPYV91ajk5QXFrcG93Ym9iU0tpXzM1Umkzd0hvWWVOVVZnZ1dyVFg0TWhHSTAwS3gtS3lwVXlHZW1SU0lYRDh2R0wtNTk4RlVUaWpXWlBzYlh5MlJxV1JDZ0hBMVU0Zw?oc=5\" target=\"_blank\" rel=\"nofollow noopener\">M\u00e9xico recomienda viajar con seguro m\u00e9dico ante la propagaci\u00f3n de dengue y chikungunya en Cuba<\/a>&nbsp;&nbsp;CiberCuba<\/li>\n<\/ol>\n","protected":false},"excerpt":{"rendered":"Cuba: nueva epidemia ya afecta a hoteles con pocas medicinas&nbsp;&nbsp;REPORTUR.com Cuba reporta aumento del 2,5 % en casos&hellip;\n","protected":false},"author":2,"featured_media":244884,"comment_status":"","ping_status":"","sticky":false,"template":"","format":"standard","meta":{"footnotes":""},"categories":[92],"tags":[25,24,165,166,23],"class_list":{"0":"post-244883","1":"post","2":"type-post","3":"status-publish","4":"format-standard","5":"has-post-thumbnail","7":"category-salud","8":"tag-es","9":"tag-espana","10":"tag-health","11":"tag-salud","12":"tag-spain"},"share_on_mastodon":{"url":"https:\/\/pubeurope.com\/@es\/115577401222401538","error":""},"_links":{"self":[{"href":"https:\/\/www.europesays.com\/es\/wp-json\/wp\/v2\/posts\/244883","targetHints":{"allow":["GET"]}}],"collection":[{"href":"https:\/\/www.europesays.com\/es\/wp-json\/wp\/v2\/posts"}],"about":[{"href":"https:\/\/www.europesays.com\/es\/wp-json\/wp\/v2\/types\/post"}],"author":[{"embeddable":true,"href":"https:\/\/www.europesays.com\/es\/wp-json\/wp\/v2\/users\/2"}],"replies":[{"embeddable":true,"href":"https:\/\/www.europesays.com\/es\/wp-json\/wp\/v2\/comments?post=244883"}],"version-history":[{"count":0,"href":"https:\/\/www.europesays.com\/es\/wp-json\/wp\/v2\/posts\/244883\/revisions"}],"wp:featuredmedia":[{"embeddable":true,"href":"https:\/\/www.europesays.com\/es\/wp-json\/wp\/v2\/media\/244884"}],"wp:attachment":[{"href":"https:\/\/www.europesays.com\/es\/wp-json\/wp\/v2\/media?parent=244883"}],"wp:term":[{"taxonomy":"category","embeddable":true,"href":"https:\/\/www.europesays.com\/es\/wp-json\/wp\/v2\/categories?post=244883"},{"taxonomy":"post_tag","embeddable":true,"href":"https:\/\/www.europesays.com\/es\/wp-json\/wp\/v2\/tags?post=244883"}],"curies":[{"name":"wp","href":"https:\/\/api.w.org\/{rel}","templated":true}]}}