{"id":244911,"date":"2025-11-19T17:12:10","date_gmt":"2025-11-19T17:12:10","guid":{"rendered":"https:\/\/www.europesays.com\/es\/244911\/"},"modified":"2025-11-19T17:12:10","modified_gmt":"2025-11-19T17:12:10","slug":"no-sera-el-nuevo-lider-de-los-vengadores-pero-si-coprotagonista-avengers-doomsday-desvela-su-superheroe-mas-importante-vandal","status":"publish","type":"post","link":"https:\/\/www.europesays.com\/es\/244911\/","title":{"rendered":"No ser\u00e1 el nuevo l\u00edder de los Vengadores pero s\u00ed coprotagonista: &#039;Avengers: Doomsday&#039; desvela su superh\u00e9roe m\u00e1s importante &#8211; Vandal"},"content":{"rendered":"<ol>\n<li><a href=\"https:\/\/news.google.com\/rss\/articles\/CBMi-AFBVV95cUxPbmZsQVIyWVRlWDZEWGJ5UG1uLTNPc0hmLTFkc2N6RWRIRzFjSDVlUlRkaFE3X3g2T3hTSGN3YzExV2hKdnZ5WXYwSmY4UjVHQUFpZkQwWlJPazJ0R1F6YUhtbENVQVd0akFQc0RGbmpPZ0hreHBjMi0yWGJQQlFGc1JqYlA3ZzNQd2RDTDIxYWh0U2cwdDRmMmRLR2dPa2EtYVFhNGtfQTZOYXc2emdWRTBvWUZGXzl3bjdNQ2MwOTNxWi1DZDl6MVFabzFFX2VOYVl1V1ppTXNtSnZZOGhndEEtRXRmSUstR2hoVUxIV0ZjU0pweXEtU9IB_gFBVV95cUxQMWNrSjdObXJEYkpXUEdUbjNHVUs5TThjWFN5al8tb19ENndSQXZmNmNITGtwemZ4LTg1cXJoNTN1V2JuaUtOeHM0YVRwaU9pdkVqTTd4QmFhNFRWbTNrN3VLSEFUclVsUVVjLXNXdzFjLV81SXZtdzRHUUJXbEl1MWZVWi13cy16T09xdmQ0aWE4endYNG8tYXlqSS1CYnNqN2ZrekRRWEFILTJjam5OazVUaTBzaWtJN2psY0JSVGg1TVB2bTZ3UGU0WDJPSjF2cGcySExXbzkzNEFRNG9iUENxbEpFcVlRRElwUXo5XzhzNjZORjlMbEpwVXJSUQ?oc=5\" target=\"_blank\" rel=\"nofollow noopener\">No ser\u00e1 el nuevo l\u00edder de los Vengadores pero s\u00ed coprotagonista: &#8216;Avengers: Doomsday&#8217; desvela su superh\u00e9roe m\u00e1s importante<\/a>&nbsp;&nbsp;Vandal<\/li>\n<li><a href=\"https:\/\/news.google.com\/rss\/articles\/CBMif0FVX3lxTFB6QzZYTFc1OFpIN282VnhGbTVfSnI1dmFNSkU2Z1ROUm8tM2I3R0ZacHhCM2JDUWVMQzdDQW5MblBSc1lrb0ZwT0tHdEpYalNpNl9oUE9haDlKYmI3MV9NODJRYV9RVDh0X19YaWlaMnRlS1lfRENaRzBMbXkzMGM?oc=5\" target=\"_blank\" rel=\"nofollow noopener\">Avengers Doomsday: revelan plan del Doctor Doom y cameos de personajes no anunciados<\/a>&nbsp;&nbsp;Cinemascomics.com<\/li>\n<li><a href=\"https:\/\/news.google.com\/rss\/articles\/CBMi5AFBVV95cUxPcXBGOE5NNl8xUnNaemJtanJwUFlSR2tMTGxjZG5NN0FQbmtoUUFNbF85UWhZY0RBSm1UTFExVXNWbVRTZDgxbC1udFpxdzNqcXpxRFRrMlpxbGtxOENwUTgwTmdYWFdjazh3YVRNM05abGhVOVVwZnp6azlZNEV1Q0VNNDVZclRhOTBKbTVzeW9TUkRBQmZhcnljU1dETDM4Qm9TUE5fSGxVblpvXzBXNHNJd0ZJeHRQLXZKNFQ4YmZxNEh5aHlYZnRVd0ZuUjNkZFJ3STBSZnZGdFQ5RnpKUjNQTkY?oc=5\" target=\"_blank\" rel=\"nofollow noopener\">Marvel pone fecha para las regrabaciones de Avengers: Doomsday, y casi empalman con el rodaje de Secret Wars<\/a>&nbsp;&nbsp;Hobby Consolas<\/li>\n<li><a href=\"https:\/\/news.google.com\/rss\/articles\/CBMifkFVX3lxTE00cklEd2RjSlZnOE9uQWlweC1ZRnMtN1FGYlE0Zk5vY0Mxc19uODI3VjVQWUlxcWZURHBZUmYwdTFfeDZxbENnMEp3eDRMeEVqUDRSSzdueGZSeHotRGp3VkFQdThfX1ZrdmlUYlp4NkMtRmoxcjEzaDJ4U0cyQQ?oc=5\" target=\"_blank\" rel=\"nofollow noopener\">Avengers: Doomsday apunta a repetir la guerra civil del UCM pero con un giro brutal<\/a>&nbsp;&nbsp;La Casa de EL<\/li>\n<li><a href=\"https:\/\/news.google.com\/rss\/articles\/CBMi2gFBVV95cUxQSUxSVVVWNmFrLXJxQjFKMExwNWZwVV9UZEdtbnd3WkdUOWFRdFhSeUZabzVxbkRIc2ZMYVdaWUJ2N3JldExFdFAtLXo5OENnOVJlOTlVMVdTSFpUTEdiejEzSmt2MXlxYThxNjZPNXVxaWFHQ2s1Y2RKQ2lFWVJaczVYWl9wenhmMVlrNGxYVGpHdGE4TTJFYk04SmFFVXRxYVl3RzNDTmNxa1R0LXJhT1QwYWE5U0NzWElRTzIzaExVOHVaVFBxSnV4bDdub01ERXMxRjlRX2tSZ9IB7gFBVV95cUxNVTNxdm9YQU9HYTV1WE1YdEtHUnhvbUFWRG4zX0x6R1A0QUFhX0lVOEg1VmZ5OEwtejBHUkpyelpXbWlSYXMtLUlwOHkzNUVfSDNzWUZCLWJtQm9aTXpYbXpxbElDN3RRSXBMbGxXZURGTGNrblRBNkJ2Z3dLN0tLR2tRWlAtZjVlUEtsUnNsazBEYzhHOU5TZnhfN2dRc1R2TmVsTFE5NFhDalFhd00wUjE1ZzViUk8xb2I1MWIxOThERXA4b205NDU1dlpRS3V0MGpydElYVml4ZzFQdDBjQW5seWdkeUV6RlNUMl9n?oc=5\" target=\"_blank\" rel=\"nofollow noopener\">&#8216;Vengadores: Secret Wars&#8217; recibe una importante actualizaci\u00f3n de Marvel Studios<\/a>&nbsp;&nbsp;La Raz\u00f3n<\/li>\n<\/ol>\n","protected":false},"excerpt":{"rendered":"No ser\u00e1 el nuevo l\u00edder de los Vengadores pero s\u00ed coprotagonista: &#8216;Avengers: Doomsday&#8217; desvela su superh\u00e9roe m\u00e1s importante&nbsp;&nbsp;Vandal&hellip;\n","protected":false},"author":2,"featured_media":233937,"comment_status":"","ping_status":"","sticky":false,"template":"","format":"standard","meta":{"footnotes":""},"categories":[169],"tags":[177,146,147,25,24,176,175,23],"class_list":{"0":"post-244911","1":"post","2":"type-post","3":"status-publish","4":"format-standard","5":"has-post-thumbnail","7":"category-cine","8":"tag-cine","9":"tag-entertainment","10":"tag-entretenimiento","11":"tag-es","12":"tag-espana","13":"tag-film","14":"tag-movies","15":"tag-spain"},"share_on_mastodon":{"url":"https:\/\/pubeurope.com\/@es\/115577483765919606","error":""},"_links":{"self":[{"href":"https:\/\/www.europesays.com\/es\/wp-json\/wp\/v2\/posts\/244911","targetHints":{"allow":["GET"]}}],"collection":[{"href":"https:\/\/www.europesays.com\/es\/wp-json\/wp\/v2\/posts"}],"about":[{"href":"https:\/\/www.europesays.com\/es\/wp-json\/wp\/v2\/types\/post"}],"author":[{"embeddable":true,"href":"https:\/\/www.europesays.com\/es\/wp-json\/wp\/v2\/users\/2"}],"replies":[{"embeddable":true,"href":"https:\/\/www.europesays.com\/es\/wp-json\/wp\/v2\/comments?post=244911"}],"version-history":[{"count":0,"href":"https:\/\/www.europesays.com\/es\/wp-json\/wp\/v2\/posts\/244911\/revisions"}],"wp:featuredmedia":[{"embeddable":true,"href":"https:\/\/www.europesays.com\/es\/wp-json\/wp\/v2\/media\/233937"}],"wp:attachment":[{"href":"https:\/\/www.europesays.com\/es\/wp-json\/wp\/v2\/media?parent=244911"}],"wp:term":[{"taxonomy":"category","embeddable":true,"href":"https:\/\/www.europesays.com\/es\/wp-json\/wp\/v2\/categories?post=244911"},{"taxonomy":"post_tag","embeddable":true,"href":"https:\/\/www.europesays.com\/es\/wp-json\/wp\/v2\/tags?post=244911"}],"curies":[{"name":"wp","href":"https:\/\/api.w.org\/{rel}","templated":true}]}}