{"id":244913,"date":"2025-11-19T17:14:17","date_gmt":"2025-11-19T17:14:17","guid":{"rendered":"https:\/\/www.europesays.com\/es\/244913\/"},"modified":"2025-11-19T17:14:17","modified_gmt":"2025-11-19T17:14:17","slug":"la-gripe-desbanca-al-covid","status":"publish","type":"post","link":"https:\/\/www.europesays.com\/es\/244913\/","title":{"rendered":"La gripe desbanca al COVID"},"content":{"rendered":"<p>\t\t\t<a href=\"https:\/\/www.facebook.com\/adolfo.fernandezalonso\" target=\"_blank\" aria-label=\"banneradolfo-min\" rel=\"nofollow noopener\"><img loading=\"lazy\" decoding=\"async\" src=\"https:\/\/www.europesays.com\/es\/wp-content\/uploads\/2025\/07\/banneradolfo-min.gif\" alt=\"\" width=\"620\" height=\"100\"\/><\/a><\/p>\n<p><strong>La gripe regresa a la cabeza de los virus respiratorios en Espa\u00f1a. Un equipo del Instituto de Salud Carlos III (ISCIII) ha analizado la influencia de las infecciones respiratorias en Espa\u00f1a entre octubre de 2024 y mayo de 2025. Los resultados de su trabajo se han publicado <a href=\"https:\/\/pubmed.ncbi.nlm.nih.gov\/41250923\/\" target=\"_blank\" rel=\"nofollow noopener\">en la revista Influenza and Other Respiratory Viruses<\/a>.<\/strong><\/p>\n<p><a href=\"https:\/\/www.europesays.com\/es\/wp-content\/uploads\/2025\/11\/gripe-campana-2023.jpg\"><img loading=\"lazy\" decoding=\"async\" width=\"798\" height=\"536\" src=\"https:\/\/www.europesays.com\/es\/wp-content\/uploads\/2025\/11\/gripe-campana-2023.jpg\" alt=\"\" class=\"wp-image-113235\"  \/><\/a>Imagen de archivo de una campa\u00f1a de vacunaci\u00f3n.<\/p>\n<ul class=\"wp-block-list\">\n<li><strong>Seg\u00fan los \u00faltimos datos del Instituto Nacional de Estad\u00edstica (INE), en el caso de Castilla-La Mancha, se registraron 429 muertes por COVID y 88 por gripe durante todo el a\u00f1o 2023.<\/strong><\/li>\n<\/ul>\n<p>Las estimaciones se\u00f1alan que la gripe produjo en Espa\u00f1a m\u00e1s de 33.000 hospitalizaciones, 1.800 ingresos en unidades de cuidados intensivos y 1.800 fallecimientos entre la semana 40 de 2024 (30 de septiembre de 2024) y la semana 20 de 2025 (18 de mayo de 2025). <\/p>\n<p>El virus respiratorio sincitial (VRS) y el SARS-CoV-2 produjeron tambi\u00e9n una considerable carga de enfermedad en ese periodo, si bien estuvo por debajo de la de la gripe. Se estima que el VRS produjo cerca de 23.000 hospitalizaciones, 1.700 ingresos en cuidados intensivos y 1.000 fallecimientos, mientras que el SARS-CoV-2 produjo cerca de 8.000 hospitalizaciones, 300 ingresos en cuidados intensivos y 500 fallecimientos.<\/p>\n<p><a href=\"https:\/\/www.celiacosmancha.org\/\" target=\"_blank\" aria-label=\"CELIACOS MANCHA 620X100\" rel=\"nofollow noopener\"><img loading=\"lazy\" decoding=\"async\" src=\"https:\/\/www.europesays.com\/es\/wp-content\/uploads\/2025\/07\/CELIACOS-MANCHA-620X100.gif\" alt=\"\" width=\"620\" height=\"100\"\/><\/a><\/p>\n<p>El COVID circula todo el a\u00f1o<\/p>\n<p>No obstante, a diferencia de los otros dos virus, el SARS-CoV-2 circul\u00f3 de forma importante durante todo el a\u00f1o, y no s\u00f3lo durante el oto\u00f1o e invierno, con lo que la carga total a lo largo del a\u00f1o se estima que sea m\u00e1s del doble que la reportada en este periodo.<\/p>\n<p>Los casos graves causados por estos tres virus se concentraron en los menores de 5 a\u00f1os y en la poblaci\u00f3n por encima de 60 a\u00f1os, con un mayor el riesgo de hospitalizaci\u00f3n y fallecimiento conforme se incrementaba la edad. En la poblaci\u00f3n infantil el virus que m\u00e1s afect\u00f3 fue el VRS, llegando a 10 hospitalizados por cada 1.000 ni\u00f1os menores de 1 a\u00f1o, seguido de la gripe. En contraste, en la poblaci\u00f3n de mayor edad, la carga por gripe fue significativamente mayor que para VRS o SARS-CoV-2, con un mayor riesgo desde edades m\u00e1s tempranas en el caso de la gripe.<\/p>\n<p><a href=\"https:\/\/usicam.es\/\" target=\"_blank\" aria-label=\"USICAM 620X100\" rel=\"nofollow noopener\"><img loading=\"lazy\" decoding=\"async\" src=\"https:\/\/www.europesays.com\/es\/wp-content\/uploads\/2025\/07\/USICAM-620X100.gif\" alt=\"\" width=\"620\" height=\"100\"\/><\/a><\/p>\n<p>Las estimaciones se han realizado con <a href=\"https:\/\/cne.isciii.es\/es\/servicios\/enfermedades-transmisibles\/enfermedades-a-z\/gripe-covid-19-y-otros-virus-respiratorios\" target=\"_blank\" rel=\"nofollow noopener\">datos del sistema de vigilancia de infecci\u00f3n respiratoria aguda (SiVIRA)<\/a> en Espa\u00f1a, gestionado desde el ISCIII en colaboraci\u00f3n con el Ministerio de Sanidad y las comunidades y ciudades aut\u00f3nomas. Este sistema recaba semanalmente informaci\u00f3n de una muestra de los pacientes que acuden a una red de hospitales centinela, con una poblaci\u00f3n de captaci\u00f3n de m\u00e1s de 14 millones de personas.<\/p>\n<p>Vacunaci\u00f3n<\/p>\n<p>La principal medida preventiva frente a estos virus <a href=\"https:\/\/www.sanidad.gob.es\/areas\/promocionPrevencion\/vacunaciones\/home.htm\" target=\"_blank\" rel=\"nofollow noopener\">es la vacunaci\u00f3n, que en el oto\u00f1o de 2024 se recomend\u00f3<\/a> frente a gripe y SARS-CoV-2 en poblaci\u00f3n mayor de 60 a\u00f1os, y en poblaci\u00f3n infantil frente a VRS y gripe. Los anticuerpos monoclonales frente al VRS en menores de 1 a\u00f1o tuvieron alt\u00edsima aceptabilidad, <a href=\"https:\/\/www.isciii.es\/w\/la-inmunizaci%C3%B3n-frente-al-vrs-ha-evitado-cerca-de-10.000-hospitalizaciones-en-menores-de-1-a%C3%B1o-en-la-temporada-2023-2024\" target=\"_blank\" rel=\"nofollow noopener\">alcanzando coberturas del 90% y un grand\u00edsimo impacto preventivo<\/a>. Sin embargo, las vacunaciones en la poblaci\u00f3n mayor alcanzaron menores coberturas, de 51% para gripe y 38%, <a href=\"https:\/\/www.sanidad.gob.es\/areas\/promocionPrevencion\/vacunaciones\/coberturas\/home.htm\" target=\"_blank\" rel=\"nofollow noopener\">seg\u00fan datos del Ministerio de Sanidad<\/a>.<\/p>\n<p>Estad\u00edsticas de 2023 del INE sobre muertes por gripe y COVID<\/p>\n<p><a href=\"https:\/\/www.europesays.com\/es\/wp-content\/uploads\/2025\/11\/covid-1.jpg\"><img loading=\"lazy\" decoding=\"async\" width=\"409\" height=\"358\" src=\"https:\/\/www.europesays.com\/es\/wp-content\/uploads\/2025\/11\/covid-1.jpg\" alt=\"\" class=\"wp-image-141097\"  \/><\/a><\/p>\n<p><a href=\"https:\/\/www.europesays.com\/es\/wp-content\/uploads\/2025\/11\/gripe-2023.jpg\"><img loading=\"lazy\" decoding=\"async\" width=\"634\" height=\"357\" src=\"https:\/\/www.europesays.com\/es\/wp-content\/uploads\/2025\/11\/gripe-2023.jpg\" alt=\"\" class=\"wp-image-141095\"  \/><\/a><\/p>\n","protected":false},"excerpt":{"rendered":"La gripe regresa a la cabeza de los virus respiratorios en Espa\u00f1a. Un equipo del Instituto de Salud&hellip;\n","protected":false},"author":2,"featured_media":244914,"comment_status":"","ping_status":"","sticky":false,"template":"","format":"standard","meta":{"footnotes":""},"categories":[92],"tags":[4091,1940,2270,25,24,7749,62666,165,38338,4809,166,23],"class_list":{"0":"post-244913","1":"post","2":"type-post","3":"status-publish","4":"format-standard","5":"has-post-thumbnail","7":"category-salud","8":"tag-castilla-la-mancha","9":"tag-ciudad-real","10":"tag-covid","11":"tag-es","12":"tag-espana","13":"tag-gripe","14":"tag-guadajara","15":"tag-health","16":"tag-hospitalizaciones","17":"tag-muertes","18":"tag-salud","19":"tag-spain"},"share_on_mastodon":{"url":"https:\/\/pubeurope.com\/@es\/115577492864058155","error":""},"_links":{"self":[{"href":"https:\/\/www.europesays.com\/es\/wp-json\/wp\/v2\/posts\/244913","targetHints":{"allow":["GET"]}}],"collection":[{"href":"https:\/\/www.europesays.com\/es\/wp-json\/wp\/v2\/posts"}],"about":[{"href":"https:\/\/www.europesays.com\/es\/wp-json\/wp\/v2\/types\/post"}],"author":[{"embeddable":true,"href":"https:\/\/www.europesays.com\/es\/wp-json\/wp\/v2\/users\/2"}],"replies":[{"embeddable":true,"href":"https:\/\/www.europesays.com\/es\/wp-json\/wp\/v2\/comments?post=244913"}],"version-history":[{"count":0,"href":"https:\/\/www.europesays.com\/es\/wp-json\/wp\/v2\/posts\/244913\/revisions"}],"wp:featuredmedia":[{"embeddable":true,"href":"https:\/\/www.europesays.com\/es\/wp-json\/wp\/v2\/media\/244914"}],"wp:attachment":[{"href":"https:\/\/www.europesays.com\/es\/wp-json\/wp\/v2\/media?parent=244913"}],"wp:term":[{"taxonomy":"category","embeddable":true,"href":"https:\/\/www.europesays.com\/es\/wp-json\/wp\/v2\/categories?post=244913"},{"taxonomy":"post_tag","embeddable":true,"href":"https:\/\/www.europesays.com\/es\/wp-json\/wp\/v2\/tags?post=244913"}],"curies":[{"name":"wp","href":"https:\/\/api.w.org\/{rel}","templated":true}]}}