{"id":244920,"date":"2025-11-19T17:18:09","date_gmt":"2025-11-19T17:18:09","guid":{"rendered":"https:\/\/www.europesays.com\/es\/244920\/"},"modified":"2025-11-19T17:18:09","modified_gmt":"2025-11-19T17:18:09","slug":"lula-regresa-a-belem-para-las-negociaciones-finales-de-la-cop30","status":"publish","type":"post","link":"https:\/\/www.europesays.com\/es\/244920\/","title":{"rendered":"Lula regresa a Bel\u00e9m para las negociaciones finales de la COP30"},"content":{"rendered":"<p>    <img src=\"https:\/\/www.europesays.com\/es\/wp-content\/uploads\/2025\/11\/2025-11-19T153A203A18Z-90385491.jpg\" width=\"1024\" height=\"682\" alt=\"\" loading=\"eager\" decoding=\"sync\" fetchpriority=\"high\"\/><\/p>\n<p>            afp_tickers        <\/p>\n<p>        Este contenido fue publicado en    <\/p>\n<p>        19 noviembre 2025 &#8211; 16:20\n<\/p>\n<p>El presidente brasile\u00f1o, Luiz In\u00e1cio Lula da Silva, regres\u00f3 este mi\u00e9rcoles a Bel\u00e9m para tratar de impulsar las negociaciones clim\u00e1ticas de la COP30, aunque todav\u00eda se est\u00e1 lejos de un acuerdo, seg\u00fan admiti\u00f3 Francia.<\/p>\n<p>Brasil quiere que la primera COP en la Amazon\u00eda sea un \u00e9xito y sus diplom\u00e1ticos hacen trabajar d\u00eda y noche a los negociadores con la esperanza de cerrar un compromiso ambicioso frente a la emergencia clim\u00e1tica.<\/p>\n<p>Es inhabitual que los jefes de Estado, despu\u00e9s de haber inaugurado la COP, regresen en la recta final de la conferencia. La de Bel\u00e9m debe finalizarse el viernes.<\/p>\n<p>Lula tiene previsto mantener varias reuniones con los pa\u00edses emergentes, los europeos, insulares, as\u00ed como colectivos ind\u00edgenas y de la sociedad civil.<\/p>\n<p>Los negociadores trabajan sobre un texto propuesto por la presidencia brasile\u00f1a que abarca la responsabilidad financiera de los pa\u00edses desarrollados, la eliminaci\u00f3n de los combustibles f\u00f3siles y las medidas comerciales unilaterales.\u00a0<\/p>\n<p>La ministra francesa de Transici\u00f3n Ecol\u00f3gica, Monique Barbut, advirti\u00f3 empero que a\u00fan se est\u00e1 lejos de un acuerdo.<\/p>\n<p>\u00abNo, no habr\u00e1 una decisi\u00f3n de la COP hoy. No veo c\u00f3mo podr\u00eda ocurrir. Sin embargo, hubo un poco de movimiento, s\u00ed. Pero a\u00fan estamos lejos de lograrlo. Porque para nosotros es un paquete global\u00bb, dijo la ministra a la AFP a la salida de una reuni\u00f3n de coordinaci\u00f3n con sus hom\u00f3logos europeos.<\/p>\n<p>\u2013 M\u00e1s de 50 pa\u00edses \u2013<\/p>\n<p>La estrategia brasile\u00f1a es aprobar primero un texto m\u00e1s pol\u00edtico y complejo, bautizado \u00abMutir\u00e3o mundial\u00bb, en alusi\u00f3n a un t\u00e9rmino ind\u00edgena que significa discusi\u00f3n en com\u00fan, para luego votar el resto de medidas el viernes.<\/p>\n<p>Seg\u00fan las reglas de la convenci\u00f3n de la ONU sobre el clima, el consenso entre los 194 pa\u00edses miembros del Acuerdo de Par\u00eds, y la Uni\u00f3n Europea, es necesario para la adopci\u00f3n de cualquier texto.\u00a0<\/p>\n<p>Una coalici\u00f3n de pa\u00edses europeos, latinoamericanos y estados insulares luchan en Bel\u00e9m para lanzar una hoja de ruta para romper la dependencia de los combustibles f\u00f3siles.<\/p>\n<p>La iniciativa, lanzada por Lula durante la cumbre de jefes de Estado previa a la COP, pretende dar continuidad a la promesa de la comunidad internacional en la COP28 de Dub\u00e1i de salir progresivamente del petr\u00f3leo, gas y carbono.\u00a0<\/p>\n<p>Entre estos pa\u00edses est\u00e1n los de la UE, as\u00ed como Colombia y Kenia, que se oponen a las naciones productoras de petr\u00f3leo, como Arabia Saudita, silenciosas en Bel\u00e9m.<\/p>\n<p>\u00abLos datos que tengo es que somos m\u00e1s de 50\u00bb pa\u00edses apoyando esa hoja de ruta, dijo el mi\u00e9rcoles a periodistas la ministra espa\u00f1ola de Transici\u00f3n Ecol\u00f3gica, Sara Aagesen.<\/p>\n<p>\u00bfLa habilidad diplom\u00e1tica brasile\u00f1a permitir\u00e1 descubrir un punto de equilibrio entre las demandas de China, India, los occidentales, los pa\u00edses africanos\u2026?<\/p>\n<p>\u00abDebemos mostrar al mundo que el multilateralismo est\u00e1 vivo\u00bb, declar\u00f3 Josephine Moote, representante del archipi\u00e9lago de Kiribati en el Pac\u00edfico.<\/p>\n<p>\u00abBrasil ha ejercido un liderazgo enorme\u00bb, destac\u00f3 la secretaria de Medio Ambiente mexicana, Alicia B\u00e1rcena, en declaraciones a la AFP.<\/p>\n<p>La COP se realiza por primera vez con la ausencia de Estados Unidos, despu\u00e9s de que Donald Trump anunciara la retirada de su pa\u00eds del Acuerdo del Par\u00eds.\u00a0<\/p>\n<p>bur-app\/jz\/mel<\/p>\n","protected":false},"excerpt":{"rendered":"afp_tickers Este contenido fue publicado en 19 noviembre 2025 &#8211; 16:20 El presidente brasile\u00f1o, Luiz In\u00e1cio Lula da&hellip;\n","protected":false},"author":2,"featured_media":244921,"comment_status":"","ping_status":"","sticky":false,"template":"","format":"standard","meta":{"footnotes":""},"categories":[42],"tags":[17,18,756,13,14,15535,11,61,62,63,64,19,20,9,10,15,16,90,12,21,22,15537,65,66,67],"class_list":{"0":"post-244920","1":"post","2":"type-post","3":"status-publish","4":"format-standard","5":"has-post-thumbnail","7":"category-internacional","8":"tag-breaking-news","9":"tag-breakingnews","10":"tag-environment","11":"tag-featured-news","12":"tag-featurednews","13":"tag-global-change","14":"tag-headlines","15":"tag-internacional","16":"tag-international","17":"tag-international-news","18":"tag-internationalnews","19":"tag-latest-news","20":"tag-latestnews","21":"tag-news","22":"tag-noticias","23":"tag-noticias-destacadas","24":"tag-noticiasdestacadas","25":"tag-ticker","26":"tag-titulares","27":"tag-ultimas-noticias","28":"tag-ultimasnoticias","29":"tag-weather","30":"tag-world","31":"tag-world-news","32":"tag-worldnews"},"share_on_mastodon":{"url":"https:\/\/pubeurope.com\/@es\/115577507404735863","error":""},"_links":{"self":[{"href":"https:\/\/www.europesays.com\/es\/wp-json\/wp\/v2\/posts\/244920","targetHints":{"allow":["GET"]}}],"collection":[{"href":"https:\/\/www.europesays.com\/es\/wp-json\/wp\/v2\/posts"}],"about":[{"href":"https:\/\/www.europesays.com\/es\/wp-json\/wp\/v2\/types\/post"}],"author":[{"embeddable":true,"href":"https:\/\/www.europesays.com\/es\/wp-json\/wp\/v2\/users\/2"}],"replies":[{"embeddable":true,"href":"https:\/\/www.europesays.com\/es\/wp-json\/wp\/v2\/comments?post=244920"}],"version-history":[{"count":0,"href":"https:\/\/www.europesays.com\/es\/wp-json\/wp\/v2\/posts\/244920\/revisions"}],"wp:featuredmedia":[{"embeddable":true,"href":"https:\/\/www.europesays.com\/es\/wp-json\/wp\/v2\/media\/244921"}],"wp:attachment":[{"href":"https:\/\/www.europesays.com\/es\/wp-json\/wp\/v2\/media?parent=244920"}],"wp:term":[{"taxonomy":"category","embeddable":true,"href":"https:\/\/www.europesays.com\/es\/wp-json\/wp\/v2\/categories?post=244920"},{"taxonomy":"post_tag","embeddable":true,"href":"https:\/\/www.europesays.com\/es\/wp-json\/wp\/v2\/tags?post=244920"}],"curies":[{"name":"wp","href":"https:\/\/api.w.org\/{rel}","templated":true}]}}