{"id":244924,"date":"2025-11-19T17:20:33","date_gmt":"2025-11-19T17:20:33","guid":{"rendered":"https:\/\/www.europesays.com\/es\/244924\/"},"modified":"2025-11-19T17:20:33","modified_gmt":"2025-11-19T17:20:33","slug":"caso-abalos-anticorrupcion-pide-24-anos-de-prision-para-abalos-por-la-trama-de-las-mascarillas-espana","status":"publish","type":"post","link":"https:\/\/www.europesays.com\/es\/244924\/","title":{"rendered":"&#8216;Caso \u00c1balos&#8217;: Anticorrupci\u00f3n pide 24 a\u00f1os de prisi\u00f3n para \u00c1balos por la trama de las mascarillas | Espa\u00f1a"},"content":{"rendered":"<p class=\"\">La Fiscal\u00eda Anticorrupci\u00f3n pide 24 a\u00f1os de prisi\u00f3n y multa de m\u00e1s de 3,9 millones de euros para el exministro de Transportes Jos\u00e9 Luis \u00c1balos por las supuestas irregularidades en la compra de mascarillas durante la pandemia, y otros 19,5 a\u00f1os y 3,9 millones de multa para quien fuera su asesor, Koldo Garc\u00eda. Para el tercer implicado en la trama, el comisionista V\u00edctor de Aldama, quien supuestamente ha colaborado con la justicia, la Fiscal\u00eda reclama solo siete a\u00f1os de c\u00e1rcel tras aplicarle la atenuante de confesi\u00f3n. Anticorrupci\u00f3n acusa a \u00c1balos y Koldo Garc\u00eda de cinco delitos: organizaci\u00f3n criminal, cohecho, uso de informaci\u00f3n privilegiada, tr\u00e1fico de influencias y malversaci\u00f3n. A Aldama solo le acusa de organizaci\u00f3n criminal, cohecho y aprovechamiento de informaci\u00f3n privilegiada. El ministerio p\u00fablico reclama, adem\u00e1s, una indemnizaci\u00f3n de 34.477, 86 euros de forma subsidiaria entre \u00c1balos y Garc\u00eda para Ineco y 9.500, 54 euros para Tragsatec, las dos empresas p\u00fablicas en las que, supuestamente, la trama enchuf\u00f3 a J\u00e9sica Rodr\u00edguez, expareja de \u00c1balos.<\/p>\n<p class=\"\">El magistrado del Tribunal Supremo Leopoldo Puente <a href=\"https:\/\/elpais.com\/espana\/2025-11-03\/el-supremo-propone-juzgar-a-abalos-koldo-garcia-y-aldama-por-la-compra-de-mascarillas.html\" target=\"_self\" rel=\"nofollow noopener\" title=\"https:\/\/elpais.com\/espana\/2025-11-03\/el-supremo-propone-juzgar-a-abalos-koldo-garcia-y-aldama-por-la-compra-de-mascarillas.html\">propuso el pasado 3 de noviembre enviar a juicio al exministro, a Koldo Garc\u00eda y a Aldama<\/a> en la primera pieza de la investigaci\u00f3n, centrada en la compra de mascarillas durante la pandemia, que fue inicialmente llamada caso Koldo. El magistrado considera acreditado que el comisionista tuvo \u201cinformaci\u00f3n previa y privilegiada\u201d sobre la necesidad de la urgencia sanitaria, lo que le permiti\u00f3 \u201carticular una oferta\u201d para \u201casegurar la perfecci\u00f3n del contrato\u201d. De este modo, una de sus mercantiles, Soluciones de Gesti\u00f3n, se hizo con los contratos de Puertos del Estado (8 millones de mascarillas) y de ADIF (5 millones) tras una orden que firm\u00f3 el ministro en marzo de 2020.<\/p>\n<p class=\"\">El fiscal jefe de Anticorrupci\u00f3n, Alejandro Luz\u00f3n, ha presentado este mi\u00e9rcoles el escrito de calificaci\u00f3n con la petici\u00f3n de penas para los tres investigados. Luz\u00f3n ha sumado un nuevo delito, uso de informaci\u00f3n privilegiada, a los cuatro que ya se atribu\u00edan al exministro y su antiguo asesor. A Aldama, sin embargo, le aplica una atenuante despu\u00e9s de que el empresario decidiera hace un a\u00f1o colaborar con la justicia tras ser enviado a prisi\u00f3n preventiva por otro caso, el presunto fraude del IVA en la compraventa de hidrocarburos. <\/p>\n<p class=\"\">Desde entonces, Aldama ha ido entregando diferente documentaci\u00f3n en el Supremo, que, seg\u00fan Anticorrupci\u00f3n, \u201cha aportado informaci\u00f3n relevante\u201d en la causa, m\u00e1s all\u00e1 de su propio relato de los hechos. Luz\u00f3n cita los \u201cpantallazos\u201d de presupuestos con determinadas obras que, supuestamente, iban a ser ama\u00f1adas y que estaban se\u00f1aladas con notas de Koldo. El exasesor neg\u00f3 que esa letra fuera suya, pero la prueba pericial ratific\u00f3 su autor\u00eda. Luz\u00f3n considera que, como consecuencia de esta aportaci\u00f3n, el instructor emprendi\u00f3 la investigaci\u00f3n sobre las adjudicaciones de obra p\u00fablica fraudulenta que han conducido hasta Santos Cerd\u00e1n.<\/p>\n<p><img decoding=\"auto\" class=\"_re lazyload a_m-h\" height=\"266\"  width=\"414\"  src=\"https:\/\/www.europesays.com\/es\/wp-content\/uploads\/2025\/11\/LP3RZKI7IJHPHB5DJBGJQHDDF4.jpg\" loading=\"lazy\"\/>\u00c1balos y Koldo en el Comit\u00e9 Nacional del PSG- PSOE en Galicia, en 2020. Inma Mesa (PSOE)<\/p>\n<p class=\"\">El fiscal explica que Koldo Garc\u00eda fue el \u201calter ego\u201d de \u00c1balos durante su mandato al frente del Ministerio y, por ello, \u201cse sobreentend\u00eda\u201d que el asesor era \u201cfiel transmisor de las decisiones y los deseos del exministro\u201d. Para Anticorrupci\u00f3n, Koldo era \u201cde facto\u201d el \u201ctestaferro de su superior\u201d. El Ministerio P\u00fablico describe c\u00f3mo Aldama se fue acercando al Gobierno desde inicios de 2019 y la relaci\u00f3n que fragu\u00f3 con los investigados le dio \u201cla oportunidad de obtener un com\u00fan beneficio econ\u00f3mico\u201d. Relata que cada uno de ellos asumi\u00f3 \u201cun papel diverso y complementario\u201d en la organizaci\u00f3n criminal para que el reparto de funciones fuera \u201cmuy eficaz\u201d. \u00c1balos era el jefe: \u201cAportaba la autoridad que le confer\u00eda su m\u00e1xima responsabilidad\u201d y \u201csu directa influencia\u201d.<\/p>\n<p class=\"\">El escrito del fiscal detalla que Aldama se aprovechaba de su relaci\u00f3n con Koldo y consigui\u00f3, por ejemplo, reunirse con el jefe de gabinete de la ministra de Hacienda, Carlos Moreno, para que el departamento que dirige Mar\u00eda Jes\u00fas Montero le aplazara una deuda a una de sus empresas. Si bien no lleg\u00f3 a producirse dicho aplazamiento.<\/p>\n<p class=\"\">Aldama, por su parte, era \u201cel encargado de localizar empresas o particulares\u201d interesados en cualquier gesti\u00f3n con la Administraci\u00f3n. Ten\u00eda \u201cinterlocuci\u00f3n privilegiada\u201d en el Ministerio y, por ello, cuando estall\u00f3 la pandemia tuvo preferencia en los contratos de mascarillas.<\/p>\n<p class=\"\">La investigaci\u00f3n ha acreditado que el exministro pudo lucrarse por distintas v\u00edas: con un contrato para hacerse con la propiedad de un piso de Aldama en el Paseo de la Castellana, en Madrid, cuyo precio se fij\u00f3 en 750.000 euros, que se iba a alquilar a \u00c1balos con opci\u00f3n a compra (aunque no lleg\u00f3 a ejercitarse dicha compra); el pago del alquiler de un inmueble para J\u00e9sica Rodr\u00edguez en Plaza Espa\u00f1a por 2.700 euros mensuales (con una suma total de 82.298 euros entre marzo de 2019 y septiembre de 2021); o la compra de un chal\u00e9 en la urbanizaci\u00f3n La Alcaidesa (C\u00e1diz) durante el verano de 2021 para que el exministro fuera con su familia durante las vacaciones. <\/p>\n<p class=\"\">Adem\u00e1s, Luz\u00f3n considera acreditado que Aldama entreg\u00f3 \u201cal menos desde octubre de 2019\u201d y \u201chasta julio de 2022\u201d unos 10.000 euros mensuales en efectivo para que se repartieran entre Koldo y \u00c1balos. \u201cLa puntual falta de dinero en met\u00e1lico de V\u00edctor de Aldama determin\u00f3 que en dos ocasiones los pagos se realizaran en Rep\u00fablica Dominicana\u201d, dice el escrito.<\/p>\n<p><img decoding=\"auto\" class=\"_re lazyload a_m-h\" height=\"276\"  width=\"414\"  src=\"https:\/\/www.europesays.com\/es\/wp-content\/uploads\/2025\/11\/4FPMXSFSVZG75CVIJECAN55O4E.jpg\" loading=\"lazy\"\/>J\u00e9ssica Rodr\u00edguez, segunda por la izquierda,  cuando acudi\u00f3 a declarar al Tribunal Supremo, en octubre. Javier Liz\u00f3n (EFE)\u2018Enchufes\u2019 en empresas p\u00fablicas<\/p>\n<p class=\"\">La Fiscal\u00eda se\u00f1ala que \u00c1balos, \u201cprevali\u00e9ndose de su cargo\u201d y con su \u201cposici\u00f3n de superioridad jer\u00e1rquica\u201d logr\u00f3 enchufar a la que fuera su pareja J\u00e9sica Rodr\u00edguez en dos empresas p\u00fablicas, primero en Ineco y despu\u00e9s en Tragsatec. Durante la instrucci\u00f3n ha quedado acreditado que Rodr\u00edguez elud\u00eda su actividad laboral, pero consigui\u00f3 cobrar de las empresas desde marzo de 2019 hasta marzo de 2021 un total de 43.977 euros. Lo mismo ocurri\u00f3 con Claudia Montes, que tambi\u00e9n testific\u00f3 durante la investigaci\u00f3n y confirm\u00f3 que \u00c1balos y Gar\u00eda intercedieron para que trabajara en la empresa Logirail (dependiente de Renfe). \u201cKoldo Garc\u00eda, cumpliendo los deseos de Jos\u00e9 Luis \u00c1balos, se ocup\u00f3 de resolver todos los problemas laborales que iba encontrando Montes\u201d, explica el ministerio p\u00fablico.<\/p>\n<p class=\"\">El ministerio fiscal sit\u00faa el origen de la trama en las primarias para la secretar\u00eda general del PSOE celebradas en mayo de 2017, en las que fue elegido Pedro S\u00e1nchez. Seg\u00fan Anticorrupci\u00f3n, \u00c1balos conoci\u00f3 en Navarra a Koldo Garc\u00eda \u201cdurante los viajes realizados en la promoci\u00f3n\u201d de esa candidatura. Garc\u00eda estaba entonces vinculado al Partido Socialistade Navarra (PSN) y era un hombre \u201cde la confianza de Santos Cerd\u00e1n\u201d, miembro del Parlamento foral de Navarra entre 2014 y 2017 por el PSN y \u201ccon quien ten\u00eda una relaci\u00f3n de subordinado a jefe\u201d. El fiscal recuerda que fue precisamente Cerd\u00e1n quien, una vez que \u00e9l fue nombrado secretario de Coordinaci\u00f3n Territorial del PSOE y \u00c1balos, secretario de Organizaci\u00f3n, recomend\u00f3 a este que contratara a Koldo Garc\u00eda como su conductor. Ello determin\u00f3 que Koldo Garc\u00eda se trasladara a Madrid y pasara a ser asalariado del PSOE a partir del 25 de octubre de 2017.<\/p>\n<p class=\"\">Cuando fue nombrado ministro, en junio de 2017, \u00c1balos eligi\u00f3 a Garc\u00eda como asesor y deleg\u00f3 en \u00e9l \u201cun buen n\u00famero de tareas de muy diversa \u00edndole, tanto profesionales como personales, l\u00edcitas e il\u00edcitas\u201d, se\u00f1ala Luz\u00f3n. \u201cKoldo Garc\u00eda manej\u00f3 las fuentes ilegales de dinero en efectivo de Jos\u00e9 Luis \u00c1balos, que con frecuencia se confund\u00edan con las propias, actuando de facto como testaferro de su superior en las actividades delictivas que bien pronto ambos acometieron al amparo de sus cargos con la colaboraci\u00f3n, entre otros, del tambi\u00e9n acusado V\u00edctor Gonzalo de Aldama\u201d, describe el fiscal .<\/p>\n<p class=\"\">Aldama era ya entonces un empresario con varias sociedades en el sector inmobiliario, el hostelero y el de la venta de hidrocarburos. Conoci\u00f3 a Koldo Garc\u00eda en agosto de 2018 a trav\u00e9s de su hermano Rub\u00e9n de Aldama, escolta del ministro de Transportes. La relaci\u00f3n se extendi\u00f3 \u201cpronto\u201d a \u00c1balos, se\u00f1ala Luz\u00f3n, y el entonces titular de Transportes empez\u00f3 a encomendarle al comisionista, a trav\u00e9s de su asesor, diversas gestiones, como acompa\u00f1arles a un viaje a M\u00e9xico, donde Aldama era agregado comercial en Oaxaca, que ten\u00eda por objeto la promoci\u00f3n de empresas espa\u00f1olas en licitaciones p\u00fablicas de ese pa\u00eds.<\/p>\n<p class=\"\">\u201cEn el desarrollo de estas relaciones personales, pronto vieron los investigados la oportunidad de obtener un com\u00fan beneficio econ\u00f3mico\u201d, explica el fiscal, quien describe c\u00f3mo los tres convinieron que, aprovechando el cargo que ostentaba \u00c1balos en el Gobierno y en el PSOE, \u201ceste podr\u00eda favorecer, naturalmente a cambio del correspondiente beneficio econ\u00f3mico del que todos participar\u00edan, la contrataci\u00f3n con la Administraci\u00f3n P\u00fablica en cuantas ocasiones hubiera oportunidad, por empresas cuyos intereses captar\u00eda y promover\u00eda V\u00edctor de Aldama, as\u00ed como facilitar a este el acceso preferente a la Administraci\u00f3n para la realizaci\u00f3n de las gestiones que precisara para s\u00ed mismo o para las referidas empresas\u201d.<\/p>\n<p class=\"\">Cada uno de ellos \u201casumi\u00f3 un papel diverso y complementario en la organizaci\u00f3n, en un preciso reparto de funciones que se revel\u00f3 muy eficaz\u201d, afirma Anticorrupci\u00f3n. As\u00ed, \u00c1balos, a quien Koldo Garc\u00eda y Aldama consideraban el \u201cjefe\u201d, \u201caportaba la autoridad que le confer\u00eda\u201d su condici\u00f3n de ministro de Transportes y \u201csu directa influencia cuando era precisa\u201d. Koldo Garc\u00eda era \u201cel hombre de confianza\u201d de \u00c1balos, mientras que Aldama fue la persona que, \u201caprovechando su influencia\u201d sobre el ministro y su asesor, \u201cgarantizada mediante el pago continuado de elevadas cantidades de dinero, consigui\u00f3 para s\u00ed o para terceros y con beneficio econ\u00f3mico propio, la adjudicaci\u00f3n de determinados contratos\u201d. Aldama era el encargado de localizar empresas o particulares interesados \u201cen cualquier clase de gesti\u00f3n con la Administraci\u00f3n\u201d para hacer valer sus intereses \u201csiempre a cambio de la correspondiente prestaci\u00f3n econ\u00f3mica\u201d, de la que hac\u00eda part\u00edcipes a \u00c1balos y a Koldo Garc\u00eda.<\/p>\n<p>Procesamiento recurrido<\/p>\n<p class=\"\"><a href=\"https:\/\/elpais.com\/espana\/2025-11-12\/abalos-y-koldo-recurren-su-procesamiento-en-el-supremo-por-las-mascarillas.html\" target=\"_self\" rel=\"nofollow noopener\" title=\"https:\/\/elpais.com\/espana\/2025-11-12\/abalos-y-koldo-recurren-su-procesamiento-en-el-supremo-por-las-mascarillas.html\">Tanto \u00c1balos como Koldo recurrieron su procesamiento<\/a> y consideran que la instrucci\u00f3n ha sido \u201cdesequilibrada\u201d y que se ha quebrado su derecho a la defensa. El letrado de \u00c1balos, el exfiscal Carlos Bautista, explic\u00f3 en su recurso que la instrucci\u00f3n se hab\u00eda terminado sin que el exministro hubiera podido tener acceso al material digital que la Guardia Civil incaut\u00f3 en los registros de las viviendas y sin que se hubiera acordado ni una de las diligencias que \u00e9l hab\u00eda solicitado. \u201cEl dictado auto de procedimiento abreviado sin previamente tener acceso a los dispositivos forenses cercena de forma brutal el derecho de defensa\u201d, se\u00f1alaba. <\/p>\n<p class=\"\">Adem\u00e1s, acusaba al instructor de haberse saltado los controles del aforamiento del que goza todav\u00eda \u00c1balos al ser diputado en el Congreso por el Grupo Mixto. \u201cNo es posible emprender una investigaci\u00f3n frente a un diputado o senador sin la previa autorizaci\u00f3n de la c\u00e1mara de diputados o del Senado\u201d, incidi\u00f3. <\/p>\n<p class=\"\">El recurso de Koldo iba en la misma direcci\u00f3n y explicaba que no era posible que se hubiera finalizado la causa sin haber accedido ni una sola vez a la prueba que hab\u00edan propuesto los investigados y sin haber llamado a declarar como investigados en lugar de como testigos a algunos de los afectados. \u201cSe incurre en la vulneraci\u00f3n del derecho fundamental de defensa al privar a esta parte de la realizaci\u00f3n de las diligencias de investigaci\u00f3n necesarias para la contradicci\u00f3n de los hechos\u201d, rezaba. <\/p>\n","protected":false},"excerpt":{"rendered":"La Fiscal\u00eda Anticorrupci\u00f3n pide 24 a\u00f1os de prisi\u00f3n y multa de m\u00e1s de 3,9 millones de euros para&hellip;\n","protected":false},"author":2,"featured_media":244925,"comment_status":"","ping_status":"","sticky":false,"template":"","format":"standard","meta":{"footnotes":""},"categories":[5],"tags":[17,18,25,24,13,14,4767,8810,11,5610,5611,19,20,58057,9,10,15,16,952,23,12,4874,21,22],"class_list":{"0":"post-244924","1":"post","2":"type-post","3":"status-publish","4":"format-standard","5":"has-post-thumbnail","7":"category-titulares","8":"tag-breaking-news","9":"tag-breakingnews","10":"tag-es","11":"tag-espana","12":"tag-featured-news","13":"tag-featurednews","14":"tag-fiscalia","15":"tag-fiscalia-anticorrupcion","16":"tag-headlines","17":"tag-jose-luis-abalos","18":"tag-koldo-garcia","19":"tag-latest-news","20":"tag-latestnews","21":"tag-mascarillas","22":"tag-news","23":"tag-noticias","24":"tag-noticias-destacadas","25":"tag-noticiasdestacadas","26":"tag-politica","27":"tag-spain","28":"tag-titulares","29":"tag-tribunal-supremo","30":"tag-ultimas-noticias","31":"tag-ultimasnoticias"},"share_on_mastodon":{"url":"https:\/\/pubeurope.com\/@es\/115577515618016203","error":""},"_links":{"self":[{"href":"https:\/\/www.europesays.com\/es\/wp-json\/wp\/v2\/posts\/244924","targetHints":{"allow":["GET"]}}],"collection":[{"href":"https:\/\/www.europesays.com\/es\/wp-json\/wp\/v2\/posts"}],"about":[{"href":"https:\/\/www.europesays.com\/es\/wp-json\/wp\/v2\/types\/post"}],"author":[{"embeddable":true,"href":"https:\/\/www.europesays.com\/es\/wp-json\/wp\/v2\/users\/2"}],"replies":[{"embeddable":true,"href":"https:\/\/www.europesays.com\/es\/wp-json\/wp\/v2\/comments?post=244924"}],"version-history":[{"count":0,"href":"https:\/\/www.europesays.com\/es\/wp-json\/wp\/v2\/posts\/244924\/revisions"}],"wp:featuredmedia":[{"embeddable":true,"href":"https:\/\/www.europesays.com\/es\/wp-json\/wp\/v2\/media\/244925"}],"wp:attachment":[{"href":"https:\/\/www.europesays.com\/es\/wp-json\/wp\/v2\/media?parent=244924"}],"wp:term":[{"taxonomy":"category","embeddable":true,"href":"https:\/\/www.europesays.com\/es\/wp-json\/wp\/v2\/categories?post=244924"},{"taxonomy":"post_tag","embeddable":true,"href":"https:\/\/www.europesays.com\/es\/wp-json\/wp\/v2\/tags?post=244924"}],"curies":[{"name":"wp","href":"https:\/\/api.w.org\/{rel}","templated":true}]}}