{"id":244926,"date":"2025-11-19T17:25:30","date_gmt":"2025-11-19T17:25:30","guid":{"rendered":"https:\/\/www.europesays.com\/es\/244926\/"},"modified":"2025-11-19T17:25:30","modified_gmt":"2025-11-19T17:25:30","slug":"salisbury-exnumero-1-mundial-de-dobles-anuncia-un-descanso-por-ansiedad","status":"publish","type":"post","link":"https:\/\/www.europesays.com\/es\/244926\/","title":{"rendered":"Salisbury, exn\u00famero 1 mundial de dobles, anuncia un descanso por ansiedad"},"content":{"rendered":"<p data-mrf-recirculation=\"Links P\u00e1rrafos\" class=\"ue-c-article__paragraph paragraph ue-c-article--first-letter-highlighted\">El tenista brit\u00e1nico Joe Salisbury, seis veces campe\u00f3n de Grand Slam en dobles y ex n\u00famero uno mundial de la especialidad, anunci\u00f3 que <strong>se tomar\u00e1 un descanso del circuito, como m\u00ednimo hasta abril de 2026, debido a episodios de ansiedad que le han provocado una sensaci\u00f3n persistente de \u00abtemor\u00bb.<\/strong><\/p>\n<p data-mrf-recirculation=\"Links P\u00e1rrafos\" class=\"ue-c-article__paragraph paragraph\">\u00abHe tenido palpitaciones en el coraz\u00f3n que me provocaban la sensaci\u00f3n de que me lat\u00eda por todos lados. Sientes que tu cuerpo est\u00e1 un poco tembloroso, casi como si estuviera vibrando\u00bb, explic\u00f3 el actual n\u00famero 10 del mundo, que fue finalista el domingo de las Finales de la ATP con Neal Skupski, en una entrevista con BBC Sport.<\/p>\n<blockquote class=\"ue-c-article__blockquote\">\n<p>He tenido palpitaciones en el coraz\u00f3n que me provocaban la sensaci\u00f3n de que me lat\u00eda por todos lados. Sientes que tu cuerpo est\u00e1 un poco tembloroso, casi como si estuviera vibrando<\/p>\n<p>Joe Salisbury<\/p><\/blockquote>\n<p data-mrf-recirculation=\"Links P\u00e1rrafos\" class=\"ue-c-article__paragraph paragraph\"><strong>Salisbury, de 33 a\u00f1os, subcampe\u00f3n de Roland Garros y el US Open esta temporada<\/strong>, explic\u00f3 que no planea regresar a la competici\u00f3n antes de abril y confes\u00f3 que estos s\u00edntomas no son nuevos, pero s\u00ed m\u00e1s intensos que en 2024, a pesar de haber continuado compitiendo a un alto nivel.\u00a0\u00abNo dir\u00eda que afect\u00f3 mucho mi tenis, pero s\u00ed me pas\u00f3 factura mentalmente. Muchos torneos no los he disfrutado\u00bb, asegur\u00f3.<\/p>\n<p data-mrf-recirculation=\"Links P\u00e1rrafos\" class=\"ue-c-article__paragraph paragraph\"><strong>El tenista, que en 2022 se convirti\u00f3 en el segundo brit\u00e1nico de la historia en encabezar la clasificaci\u00f3n mundial de dobles,<\/strong> subray\u00f3 que durante este tiempo va a desconectar por completo del tenis y remarc\u00f3 que, cuando regrese, le gustar\u00eda volver a jugar con <strong>Skupski, quien competir\u00e1 junto al estadounidense Christian Harrison a partir de enero.<\/strong><\/p>\n<p data-mrf-recirculation=\"Links P\u00e1rrafos\" class=\"ue-c-article__paragraph paragraph\">\u00abMe gustar\u00eda volver a jugar con Neal cuando regrese, pero depender\u00e1 de c\u00f3mo le vaya. Si sigue con su pareja, buscar\u00e9 otra opci\u00f3n\u00bb, apunt\u00f3.<\/p>\n<p data-mrf-recirculation=\"Links P\u00e1rrafos\" class=\"ue-c-article__paragraph paragraph\">Salisbury se suma a una lista creciente de jugadores que han puesto el foco en la salud mental como <strong><a href=\"https:\/\/www.marca.com\/tenis\/us-open\/2025\/09\/04\/osaka-vuelve-semifinales-us-open-lustro-luchando-depresion-ansiedad-social.html\" target=\"_blank\" rel=\"nofollow noopener\">Naomi Osaka<\/a>, Amanda Anisimova y la espa\u00f1ola Sara Sorribes,<\/strong> que esta semana volvi\u00f3 a las pistas.<\/p>\n<p data-mrf-recirculation=\"Links P\u00e1rrafos\" class=\"ue-c-article__paragraph paragraph\">\u00abNo me importa que la gente lo sepa. Estoy seguro de que muchos est\u00e1n lidiando con lo mismo. Todo esto me ha hecho m\u00e1s fuerte mentalmente\u00bb, a\u00f1adi\u00f3.<\/p>\n","protected":false},"excerpt":{"rendered":"El tenista brit\u00e1nico Joe Salisbury, seis veces campe\u00f3n de Grand Slam en dobles y ex n\u00famero uno mundial&hellip;\n","protected":false},"author":2,"featured_media":244927,"comment_status":"","ping_status":"","sticky":false,"template":"","format":"standard","meta":{"footnotes":""},"categories":[274],"tags":[168,25,24,23,167,327,326],"class_list":{"0":"post-244926","1":"post","2":"type-post","3":"status-publish","4":"format-standard","5":"has-post-thumbnail","7":"category-tenis","8":"tag-deportes","9":"tag-es","10":"tag-espana","11":"tag-spain","12":"tag-sports","13":"tag-tenis","14":"tag-tennis"},"share_on_mastodon":{"url":"https:\/\/pubeurope.com\/@es\/115577534854069664","error":""},"_links":{"self":[{"href":"https:\/\/www.europesays.com\/es\/wp-json\/wp\/v2\/posts\/244926","targetHints":{"allow":["GET"]}}],"collection":[{"href":"https:\/\/www.europesays.com\/es\/wp-json\/wp\/v2\/posts"}],"about":[{"href":"https:\/\/www.europesays.com\/es\/wp-json\/wp\/v2\/types\/post"}],"author":[{"embeddable":true,"href":"https:\/\/www.europesays.com\/es\/wp-json\/wp\/v2\/users\/2"}],"replies":[{"embeddable":true,"href":"https:\/\/www.europesays.com\/es\/wp-json\/wp\/v2\/comments?post=244926"}],"version-history":[{"count":0,"href":"https:\/\/www.europesays.com\/es\/wp-json\/wp\/v2\/posts\/244926\/revisions"}],"wp:featuredmedia":[{"embeddable":true,"href":"https:\/\/www.europesays.com\/es\/wp-json\/wp\/v2\/media\/244927"}],"wp:attachment":[{"href":"https:\/\/www.europesays.com\/es\/wp-json\/wp\/v2\/media?parent=244926"}],"wp:term":[{"taxonomy":"category","embeddable":true,"href":"https:\/\/www.europesays.com\/es\/wp-json\/wp\/v2\/categories?post=244926"},{"taxonomy":"post_tag","embeddable":true,"href":"https:\/\/www.europesays.com\/es\/wp-json\/wp\/v2\/tags?post=244926"}],"curies":[{"name":"wp","href":"https:\/\/api.w.org\/{rel}","templated":true}]}}