{"id":244930,"date":"2025-11-19T17:28:12","date_gmt":"2025-11-19T17:28:12","guid":{"rendered":"https:\/\/www.europesays.com\/es\/244930\/"},"modified":"2025-11-19T17:28:12","modified_gmt":"2025-11-19T17:28:12","slug":"omari-moore-podia-dejar-de-ser-extracomunitario","status":"publish","type":"post","link":"https:\/\/www.europesays.com\/es\/244930\/","title":{"rendered":"Omari Moore pod\u00eda dejar de ser extracomunitario"},"content":{"rendered":"<p class=\"ft-text\"><strong>El <\/strong><a class=\"ft-link ft-link--decoration\" href=\"https:\/\/www.superdeporte.es\/tags\/valencia-basket\/\" rel=\"nofollow noopener\" target=\"_blank\"><strong>Valencia Basket <\/strong><\/a><strong>cuenta en la actualidad con tres jugadores que ocupan plaza de extracomunitarios:<\/strong> <strong>Omari Moore, Kameron Taylor y Braxton Key,<\/strong> una circunstancia que, seg\u00fan la normativa de la <a class=\"ft-link ft-link--decoration\" href=\"https:\/\/www.acb.com\/\" rel=\"nofollow noopener\" target=\"_blank\">ACB <\/a>obliga a <a class=\"ft-link ft-link--decoration\" href=\"https:\/\/www.superdeporte.es\/tags\/pedro-martinez\/\" rel=\"nofollow noopener\" target=\"_blank\">Pedro Mart\u00ednez<\/a> como m\u00ednimo a descartar uno de los tres en los partidos de <strong>Liga Endesa<\/strong> ya que s\u00f3lo se permite que jueguen dos extracomunitarios por equipo y partido.<strong> Este &#8216;problema&#8217; podr\u00eda dejar de serlo para el Valencia Basket <\/strong>ya que <a class=\"ft-link ft-link--decoration\" href=\"https:\/\/www.superdeporte.es\/tags\/omari-moore\/\" rel=\"nofollow noopener\" target=\"_blank\">Omari Moore<\/a> est\u00e1 muy cerca de recibir el pasaporte europeo y dejar de ser extracomunitario.<\/p>\n<p class=\"ft-text\"><strong> El jugador natural de Estados Unidos ha sido convocado por la selecci\u00f3n de Macedonia del Nort<\/strong>e para las pr\u00f3ximas<strong> ventanas FIBA<\/strong> internacionales que se disputan este mes de noviembre, seg\u00fan inform\u00f3 la federaci\u00f3n del pa\u00eds balc\u00e1nico.<\/p>\n<p>Si debuta con Macedonia, dejar\u00e1 de ser extracomunitario<\/p>\n<p class=\"ft-text\"><strong>Si el exterior del Valencia Basket debuta en alguno de los dos partidos que disputar\u00e1 Macedonia del Norte <\/strong>contra <strong>Azerbaiy\u00e1n o contra Irlanda,<\/strong> ser\u00eda ya oficial <strong>su doble nacionalidad<\/strong> estadounidense y macedonia por lo que dejar\u00eda de ser considerado extracomunitario. As\u00ed, el Valencia Basket s\u00f3lo contar\u00eda con dos extracomunitarios.<\/p>\n<p class=\"ft-text\"><a class=\"ft-link ft-link--decoration\" href=\"https:\/\/www.superdeporte.es\/tags\/nate-sestina\/\" rel=\"nofollow noopener\" target=\"_blank\">El extaronja Nate Sestina,<\/a> que arrastra problemas f\u00edsicos, <strong>y Jacob Wylie<\/strong> tambi\u00e9n han sido convocados por Macedonia del Norte, aunque el reglamento solo permite la participaci\u00f3n de uno de los naturalizados por lo que habr\u00e1 que esperar para saber si finalmente Moore podr\u00e1 debutar en estas Ventanas FIBA con Macedonia.<\/p>\n<p><img decoding=\"async\" src=\"https:\/\/www.europesays.com\/es\/wp-content\/uploads\/2025\/11\/e473b178-517f-4bd7-a15c-6291a5b0fc2f_alta-libre-aspect-ratio_default_0.jpg\" width=\"1200\" height=\"800\" alt=\"Moore, m\u00e1s cerca de ser comunitario\" class=\"ft-helper-img-rd\" loading=\"lazy\"\/><\/p>\n<p class=\"ft-helper-fontColor-quaternary ft-helper-fontSize-body-S ft-helper-spacer-t-xxs\">Moore, m\u00e1s cerca de ser comunitario  \/ JM L\u00f3pez \/ JM LOPEZ<\/p>\n<p>Sigue los pasos de Reuvers<\/p>\n<p class=\"ft-text\"><strong>El caso de Moore es similar al de Nate Reuvers,<\/strong> ya vivi\u00f3 la misma situaci\u00f3n <a class=\"ft-link ft-link--decoration\" href=\"https:\/\/www.superdeporte.es\/valencia-basket\/2024\/11\/05\/reuvers-convocado-hungria-dejara-extracomunitario-111411018.html\" rel=\"nofollow noopener\" target=\"_blank\">cuando debut\u00f3 con la selecci\u00f3n de Hungr\u00eda el pasado a\u00f1o logrando as\u00ed el pasaporte h\u00fangaro<\/a> y por tanto la doble nacionalidad. Por ello, y desde entonces, no ocupa plaza de extracomunitario.<\/p>\n<p class=\"ft-text\"><strong>Moore ha podido ser convocado para las Ventanas FIBA <\/strong>ya que el reglamento de la Federaci\u00f3n de Macedonia s\u00ed permite que sean convocados jugadores que est\u00e9n en equipos de Euroliga, algo que no sucede en Espa\u00f1a donde no se permite convocar a jugadores que participen ni en la Euroliga ni en la NBA. De hecho, Chus Mateo, seleccionador nacional, daba esta misma semana<a class=\"ft-link ft-link--decoration\" href=\"https:\/\/www.superdeporte.es\/baloncesto\/2025\/11\/18\/alvaro-cardenas-sorpresa-chus-mateo-123864017.html\" rel=\"nofollow noopener\" target=\"_blank\"> la lista de Espa\u00f1a en la que, por tal motivo, s\u00f3lo habr\u00e1 un jugador taronja: \u00c1lvaro Cadenas, <\/a>cedido al Peristeri griego.<\/p>\n<p class=\"ft-text ft-helper-align-justify\"><strong>Omari Moore (1,98m, Pasadena (California), 18\/09\/2000 se incorpor\u00f3 al Valencia Basket este verano <\/strong>tras desvincularse del South East Melbourne Phoenix de la Liga australiana.<\/p>\n","protected":false},"excerpt":{"rendered":"El Valencia Basket cuenta en la actualidad con tres jugadores que ocupan plaza de extracomunitarios: Omari Moore, Kameron&hellip;\n","protected":false},"author":2,"featured_media":244931,"comment_status":"","ping_status":"","sticky":false,"template":"","format":"standard","meta":{"footnotes":""},"categories":[269],"tags":[299,298,58256,168,25,24,833,62669,34983,665,4951,27882,27881,27883,12326,19707,23,167,2916],"class_list":{"0":"post-244930","1":"post","2":"type-post","3":"status-publish","4":"format-standard","5":"has-post-thumbnail","7":"category-baloncesto","8":"tag-baloncesto","9":"tag-basketball","10":"tag-braxton-key","11":"tag-deportes","12":"tag-es","13":"tag-espana","14":"tag-euroliga","15":"tag-extracomunitario","16":"tag-kameron-taylor","17":"tag-liga-endesa","18":"tag-macedonia","19":"tag-moore","20":"tag-omari","21":"tag-omari-moore","22":"tag-pedro-martinez","23":"tag-podia","24":"tag-spain","25":"tag-sports","26":"tag-valencia-basket"},"share_on_mastodon":{"url":"https:\/\/pubeurope.com\/@es\/115577547347517602","error":""},"_links":{"self":[{"href":"https:\/\/www.europesays.com\/es\/wp-json\/wp\/v2\/posts\/244930","targetHints":{"allow":["GET"]}}],"collection":[{"href":"https:\/\/www.europesays.com\/es\/wp-json\/wp\/v2\/posts"}],"about":[{"href":"https:\/\/www.europesays.com\/es\/wp-json\/wp\/v2\/types\/post"}],"author":[{"embeddable":true,"href":"https:\/\/www.europesays.com\/es\/wp-json\/wp\/v2\/users\/2"}],"replies":[{"embeddable":true,"href":"https:\/\/www.europesays.com\/es\/wp-json\/wp\/v2\/comments?post=244930"}],"version-history":[{"count":0,"href":"https:\/\/www.europesays.com\/es\/wp-json\/wp\/v2\/posts\/244930\/revisions"}],"wp:featuredmedia":[{"embeddable":true,"href":"https:\/\/www.europesays.com\/es\/wp-json\/wp\/v2\/media\/244931"}],"wp:attachment":[{"href":"https:\/\/www.europesays.com\/es\/wp-json\/wp\/v2\/media?parent=244930"}],"wp:term":[{"taxonomy":"category","embeddable":true,"href":"https:\/\/www.europesays.com\/es\/wp-json\/wp\/v2\/categories?post=244930"},{"taxonomy":"post_tag","embeddable":true,"href":"https:\/\/www.europesays.com\/es\/wp-json\/wp\/v2\/tags?post=244930"}],"curies":[{"name":"wp","href":"https:\/\/api.w.org\/{rel}","templated":true}]}}