{"id":244939,"date":"2025-11-19T17:34:35","date_gmt":"2025-11-19T17:34:35","guid":{"rendered":"https:\/\/www.europesays.com\/es\/244939\/"},"modified":"2025-11-19T17:34:35","modified_gmt":"2025-11-19T17:34:35","slug":"solo-toquetean-durante-horas-y-horas","status":"publish","type":"post","link":"https:\/\/www.europesays.com\/es\/244939\/","title":{"rendered":"Solo toquetean durante horas y horas"},"content":{"rendered":"<p>Si hay algo por lo que <strong>Keith Richards<\/strong> siempre fue famoso es por nunca guardarse lo que piensa. A sus 81 a\u00f1os, el guitarrista de los<strong> <a href=\"https:\/\/indiehoy.com\/historias\/la-cancion-de-the-rolling-stones-que-durmio-a-keith-richards-es-muy-aburrida\/\" target=\"_blank\" rel=\"noreferrer noopener nofollow\">Rolling Stones<\/a><\/strong> sigue siendo tan irreverente como en su juventud. Es un tipo que sobrevivi\u00f3 a excesos, muertes y esc\u00e1ndalos, y que todav\u00eda al d\u00eda de hoy <strong>no tiene condescendencia con las cosas que no le gustan o le parecen simplemente malas<\/strong>.<\/p>\n<p>En distintas ocasiones, Keef dej\u00f3 m\u00e1s que claro que, para \u00e9l, no todos los grandes nombres del rock merecen su respeto. Por ejemplo, ha tildado a los <a href=\"https:\/\/indiehoy.com\/noticias\/richard-ashcroft-sera-el-telonero-de-oasis-en-argentina\/\" target=\"_blank\" rel=\"noreferrer noopener nofollow\">Oasis<\/a> de ser \u00abunos odiosos\u00bb, a <a href=\"https:\/\/indiehoy.com\/historias\/los-3-mejores-discos-de-metallica\/\" target=\"_blank\" rel=\"noreferrer noopener nofollow\">Metallica<\/a> de ser una mala influencia y al rap de \u00abmuchas palabras, poco contenido\u00bb. Sin embargo, <strong>su desprecio m\u00e1s tajante quiz\u00e1s haya sido hacia una de las bandas m\u00e1s queridas del rock estadounidense: Grateful Dead<\/strong>.<\/p>\n<p>En una ocasi\u00f3n, <a href=\"https:\/\/indiehoy.com\/historias\/los-discos-que-keith-richards-nunca-quiso-escuchar-no-se-trataba-de-arte\/\" target=\"_blank\" rel=\"noreferrer noopener nofollow\">Richards<\/a> lleg\u00f3 a lapidar a la banda calforniana, declarando lo siguiente (v\u00eda Far Out Magazine): <strong>\u00abEn The Grateful Dead es donde todos se equivocaron. Solo toquetean durante horas y horas. Jerry Garcia, aburrido como la mierda. Perd\u00f3n, Jerry\u201d<\/strong>.<\/p>\n<p><img loading=\"lazy\" decoding=\"async\" width=\"1200\" height=\"800\" src=\"https:\/\/www.europesays.com\/es\/wp-content\/uploads\/2025\/11\/grateful-dead-cancion-mas-larga.jpg\" alt=\"Grateful Dead\" class=\"wp-image-651505\"  \/>Grateful Dead. Foto: Ron Rakow.<\/p>\n<p>La realidad es que esta cr\u00edtica de Keef a Grateful Dead no sorprende si se tiene en cuenta que los Stones rara vez superaron los 10 minutos en una canci\u00f3n, mientras que los Dead construyeron toda una identidad sobre improvisaciones eternas y viajes psicod\u00e9licos de hasta 45 minutos de duraci\u00f3n. Richards aborrec\u00eda eso; para \u00e9l, el rock no pod\u00eda ser aburrido.<\/p>\n<p>M\u00e1s all\u00e1 del comentario del guitarrista, resulta innegable que Grateful Dead redefini\u00f3 el concepto de jam band, convirti\u00e9ndose en el coraz\u00f3n sonoro de la contracultura de los a\u00f1os 60. Incluso Garcia, pese a la sentencia de Richards, siempre mostr\u00f3 una gran admiraci\u00f3n por los Stones: hasta version\u00f3 \u00abLet\u2019s Spend the Night Together\u00bb y \u00abConnection\u00bb.<\/p>\n","protected":false},"excerpt":{"rendered":"Si hay algo por lo que Keith Richards siempre fue famoso es por nunca guardarse lo que piensa.&hellip;\n","protected":false},"author":2,"featured_media":244940,"comment_status":"","ping_status":"","sticky":false,"template":"","format":"standard","meta":{"footnotes":""},"categories":[170],"tags":[146,147,25,24,6961,184,185,23],"class_list":{"0":"post-244939","1":"post","2":"type-post","3":"status-publish","4":"format-standard","5":"has-post-thumbnail","7":"category-musica","8":"tag-entertainment","9":"tag-entretenimiento","10":"tag-es","11":"tag-espana","12":"tag-keith-richards","13":"tag-music","14":"tag-musica","15":"tag-spain"},"share_on_mastodon":{"url":"https:\/\/pubeurope.com\/@es\/115577570598434241","error":""},"_links":{"self":[{"href":"https:\/\/www.europesays.com\/es\/wp-json\/wp\/v2\/posts\/244939","targetHints":{"allow":["GET"]}}],"collection":[{"href":"https:\/\/www.europesays.com\/es\/wp-json\/wp\/v2\/posts"}],"about":[{"href":"https:\/\/www.europesays.com\/es\/wp-json\/wp\/v2\/types\/post"}],"author":[{"embeddable":true,"href":"https:\/\/www.europesays.com\/es\/wp-json\/wp\/v2\/users\/2"}],"replies":[{"embeddable":true,"href":"https:\/\/www.europesays.com\/es\/wp-json\/wp\/v2\/comments?post=244939"}],"version-history":[{"count":0,"href":"https:\/\/www.europesays.com\/es\/wp-json\/wp\/v2\/posts\/244939\/revisions"}],"wp:featuredmedia":[{"embeddable":true,"href":"https:\/\/www.europesays.com\/es\/wp-json\/wp\/v2\/media\/244940"}],"wp:attachment":[{"href":"https:\/\/www.europesays.com\/es\/wp-json\/wp\/v2\/media?parent=244939"}],"wp:term":[{"taxonomy":"category","embeddable":true,"href":"https:\/\/www.europesays.com\/es\/wp-json\/wp\/v2\/categories?post=244939"},{"taxonomy":"post_tag","embeddable":true,"href":"https:\/\/www.europesays.com\/es\/wp-json\/wp\/v2\/tags?post=244939"}],"curies":[{"name":"wp","href":"https:\/\/api.w.org\/{rel}","templated":true}]}}