{"id":244957,"date":"2025-11-19T17:49:11","date_gmt":"2025-11-19T17:49:11","guid":{"rendered":"https:\/\/www.europesays.com\/es\/244957\/"},"modified":"2025-11-19T17:49:11","modified_gmt":"2025-11-19T17:49:11","slug":"alcon-reivindica-la-necesidad-del-sexenio-de-transferencia-en-las-jornadas-de-investigacion-de-crue-idi-que-acoge-la-universidade-de-vigo-crue","status":"publish","type":"post","link":"https:\/\/www.europesays.com\/es\/244957\/","title":{"rendered":"Alc\u00f3n reivindica la necesidad del sexenio de transferencia, en las Jornadas de Investigaci\u00f3n de Crue-I+D+i que acoge la Universidade de Vigo &#8211; CRUE"},"content":{"rendered":"<ol>\n<li><a href=\"https:\/\/news.google.com\/rss\/articles\/CBMi-wFBVV95cUxNcE5oOC15dEFvR013aVB5VzdsaHJPMWF3eWpkZXJ4cDBXRU5SMDBVYXd5MVU4ZkIzY09IVGtTZVgtYUZydjJNaU9wVXROc0lkN2lHTEZ5bEhNV1d1YTUxbTZkRm1hNFFkTUU3V2F2djg2emUxcG5FU3ZPLVEwcVZsSWdQSXJ4QlhNaEdLcmN3RnFJakFMUW9oRVNRSndCcWtST05zZE53dWQ3ZUJ5ME84aDlocXM3WDFiaURMc0E1bWgtTWE3YzFEc0twS2lpMEw4aGpaMXprejd0Nm90a2NPNnpMdUppOHF0Ri1Idi0xOTNSRWl2WktIbUt6OA?oc=5\" target=\"_blank\" rel=\"nofollow noopener\">Alc\u00f3n reivindica la necesidad del sexenio de transferencia, en las Jornadas de Investigaci\u00f3n de Crue-I+D+i que acoge la Universidade de Vigo<\/a>&nbsp;&nbsp;CRUE<\/li>\n<li><a href=\"https:\/\/news.google.com\/rss\/articles\/CBMi7gFBVV95cUxNS0RnbmYtTUhKOVdGRXVPRHhlN05BMmpmcUdHMFBHaThGdEEwdGhxQ21kWmZTSE13NVhEOXpWVTJ3eXZuWWxQNTNia0M5VVJsUkhkTDN6aTlNS0pLRWNIOFhZcVhYNlRQTm01NWlTdXNhT00yVEE5eVEtR05pMW1kLTQ0UzgwUXN1NE5aOU9jWDkzRGtzdjVienFqbkZaeWxmY3lnZXBOaHZXMEdVSFBiMWNHS1VYV3kyck83ajNfLXFiY0V6Zk1DeHlSbmZURjRuVk15OHpKdDBYelhlaEUxMjVpR3NCYmVZN19WOG1B?oc=5\" target=\"_blank\" rel=\"nofollow noopener\">M\u00e1s de 700 personas se re\u00fanen en Vigo, en las XXXI Jornadas de Investigaci\u00f3n de las Universidades Espa\u00f1olas<\/a>&nbsp;&nbsp;Europa Press<\/li>\n<li><a href=\"https:\/\/news.google.com\/rss\/articles\/CBMitwFBVV95cUxOZklLNlBSX0NRSDRiSWxKUnJ4OFdxcjF6czR6aVhSYTRzbWJBd0FDRUxyMXJUN1pFMDJHdjJwaVRuRzNBbkh5al8wcmpJMGU2aWRFRkRDdXVDcVhzQXBGb1ZfT1NSWC1xRnpnUDQ4OC1XVTl3cXhjR2NySlV1aG0taU1BcUQ0VFRsdUhxR3RUNTlyQWxSWGN2Xy1YRThSQVdhckdEU0tOWER4X1pkMEF4Q3VldkdkR00?oc=5\" target=\"_blank\" rel=\"nofollow noopener\">Participaci\u00f3n en las XXXI Jornadas de Investigaci\u00f3n de las Universidades Espa\u00f1olas<\/a>&nbsp;&nbsp;uma.es<\/li>\n<li><a href=\"https:\/\/news.google.com\/rss\/articles\/CBMiygFBVV95cUxPcjdwd2xIYTYxSldBSy11ajIxcTVJcVFtR2JBRkljeXBxSS15X3I1ckhlbVRpZ19kM0JLb2ZfTUh2SzJ1WjhyQWpORTlZOVk5MklpTTQ4eE9CZGZTOGVUNXp5R2FtV0ZjZnRDZUxCWm9ZcGhqOXJWT3NMaHdmQnptaGtSR2hZUmp0QVFqM1BSVXJ6VVZhZmhBWGhVLWFjT1FBRWNhV0Z3ZlhZR2tvUjJ0SnIweXhuWXdnWExjXzFXSVZHU1hDY2tQckRB0gHeAUFVX3lxTE1FY05mUXhhRW5DRVhuM2pOc2RBajZhTUpGV0tZdzVYN19zT3piWVotbzRiTGVrYWxiWldiSEU0VGY0V2taSlpkZUVwQTRoTm9NZXZqYlN1SDdkQXRhZEZ1bVU1UTBYLXAwbkhZQkd6dk1aMy15a3ZPUy04QktlZ0Nsd2RpR2FvUnZmSzNWLVV3MDhwV2xTcS1kOTg5dTFUSEZHMjRwUF96MXNjZzdxck85QWM5cDZHaWt5bWtnUTRNQjN5LWFiSUZPaEc3VHJJNHRndk9SRnZJeW9vQUJJUQ?oc=5\" target=\"_blank\" rel=\"nofollow noopener\">Vigo ser\u00e1 sede de las Jornadas de Investigaci\u00f3n de la Conferencia de Rectores<\/a>&nbsp;&nbsp;Cadena SER<\/li>\n<\/ol>\n","protected":false},"excerpt":{"rendered":"Alc\u00f3n reivindica la necesidad del sexenio de transferencia, en las Jornadas de Investigaci\u00f3n de Crue-I+D+i que acoge la&hellip;\n","protected":false},"author":2,"featured_media":233937,"comment_status":"","ping_status":"","sticky":false,"template":"","format":"standard","meta":{"footnotes":""},"categories":[5],"tags":[17,18,25,24,13,14,11,19,20,9,10,15,16,23,12,21,22],"class_list":{"0":"post-244957","1":"post","2":"type-post","3":"status-publish","4":"format-standard","5":"has-post-thumbnail","7":"category-titulares","8":"tag-breaking-news","9":"tag-breakingnews","10":"tag-es","11":"tag-espana","12":"tag-featured-news","13":"tag-featurednews","14":"tag-headlines","15":"tag-latest-news","16":"tag-latestnews","17":"tag-news","18":"tag-noticias","19":"tag-noticias-destacadas","20":"tag-noticiasdestacadas","21":"tag-spain","22":"tag-titulares","23":"tag-ultimas-noticias","24":"tag-ultimasnoticias"},"share_on_mastodon":{"url":"https:\/\/pubeurope.com\/@es\/115577629101455053","error":""},"_links":{"self":[{"href":"https:\/\/www.europesays.com\/es\/wp-json\/wp\/v2\/posts\/244957","targetHints":{"allow":["GET"]}}],"collection":[{"href":"https:\/\/www.europesays.com\/es\/wp-json\/wp\/v2\/posts"}],"about":[{"href":"https:\/\/www.europesays.com\/es\/wp-json\/wp\/v2\/types\/post"}],"author":[{"embeddable":true,"href":"https:\/\/www.europesays.com\/es\/wp-json\/wp\/v2\/users\/2"}],"replies":[{"embeddable":true,"href":"https:\/\/www.europesays.com\/es\/wp-json\/wp\/v2\/comments?post=244957"}],"version-history":[{"count":0,"href":"https:\/\/www.europesays.com\/es\/wp-json\/wp\/v2\/posts\/244957\/revisions"}],"wp:featuredmedia":[{"embeddable":true,"href":"https:\/\/www.europesays.com\/es\/wp-json\/wp\/v2\/media\/233937"}],"wp:attachment":[{"href":"https:\/\/www.europesays.com\/es\/wp-json\/wp\/v2\/media?parent=244957"}],"wp:term":[{"taxonomy":"category","embeddable":true,"href":"https:\/\/www.europesays.com\/es\/wp-json\/wp\/v2\/categories?post=244957"},{"taxonomy":"post_tag","embeddable":true,"href":"https:\/\/www.europesays.com\/es\/wp-json\/wp\/v2\/tags?post=244957"}],"curies":[{"name":"wp","href":"https:\/\/api.w.org\/{rel}","templated":true}]}}